{"id":101,"date":"2018-10-21T13:54:08","date_gmt":"2018-10-21T13:54:08","guid":{"rendered":"http:\/\/zoomin.altervista.org\/?p=101"},"modified":"2019-01-10T15:44:24","modified_gmt":"2019-01-10T15:44:24","slug":"mia-figlia-ha-paura","status":"publish","type":"post","link":"https:\/\/www.zoom--in.it\/index.php\/2018\/10\/21\/mia-figlia-ha-paura\/","title":{"rendered":"Mia figlia ha paura"},"content":{"rendered":"\t\t<div data-elementor-type=\"wp-post\" data-elementor-id=\"101\" class=\"elementor elementor-101 elementor-bc-flex-widget\">\n\t\t\t\t\t\t<div class=\"elementor-inner\">\n\t\t\t\t<div class=\"elementor-section-wrap\">\n\t\t\t\t\t\t\t\t\t<section class=\"elementor-section elementor-top-section elementor-element elementor-element-3c88014b elementor-section-boxed elementor-section-height-default elementor-section-height-default\" data-id=\"3c88014b\" data-element_type=\"section\">\n\t\t\t\t\t\t<div class=\"elementor-container elementor-column-gap-default\">\n\t\t\t\t\t\t\t<div class=\"elementor-row\">\n\t\t\t\t\t<div class=\"elementor-column elementor-col-100 elementor-top-column elementor-element elementor-element-17b137e8\" data-id=\"17b137e8\" data-element_type=\"column\">\n\t\t\t<div class=\"elementor-column-wrap elementor-element-populated\">\n\t\t\t\t\t\t\t<div class=\"elementor-widget-wrap\">\n\t\t\t\t\t\t<div class=\"elementor-element elementor-element-c80f9f9 elementor-widget elementor-widget-heading\" data-id=\"c80f9f9\" data-element_type=\"widget\" data-widget_type=\"heading.default\">\n\t\t\t\t<div class=\"elementor-widget-container\">\n\t\t\t<h2 class=\"elementor-heading-title elementor-size-default\">Mia figlia ha paura<\/h2>\t\t<\/div>\n\t\t\t\t<\/div>\n\t\t\t\t<div class=\"elementor-element elementor-element-34627e67 elementor-widget elementor-widget-text-editor\" data-id=\"34627e67\" data-element_type=\"widget\" data-widget_type=\"text-editor.default\">\n\t\t\t\t<div class=\"elementor-widget-container\">\n\t\t\t\t\t\t\t\t<div class=\"elementor-text-editor elementor-clearfix\">\n\t\t\t\t<p id=\"u17356-7\" style=\"margin-bottom: 0px; padding: 0px; transform-origin: left top 0px; background-repeat: no-repeat; max-height: 1e+06px; font-size: 18px; line-height: 22px; font-family: Georgia, Palatino, 'Palatino Linotype', Times, 'Times New Roman', serif; color: #000000; border: 0px solid transparent;\">Da un po\u2019 di giorni, se vede la mamma uscire, abbandona le sue cose e corre ad accompagnarla. Non vuole che esca da sola perch\u00e9 il colore della pelle della sua mamma d\u00e0 pi\u00f9 sul nero che sul bianco e questo, oggi come oggi, \u00e8 pericoloso. Con la sua piccola presenza, pensa di difenderla.<\/p><p id=\"u17356-9\" style=\"margin-bottom: 0px; padding: 0px; transform-origin: left top 0px; background-repeat: no-repeat; max-height: 1e+06px; font-size: 18px; line-height: 22px; font-family: Georgia, Palatino, 'Palatino Linotype', Times, 'Times New Roman', serif; color: #000000; border: 0px solid transparent;\">Mia figlia non \u00e8 vittima di cattiva informazione che, secondo alcuni, per finalit\u00e0 politiche, esaspererebbe fenomeni di intolleranza, che sempre ci sarebbero stati. Conosce fin da piccolissima l\u2019orrore della discriminazione razziale.<\/p><p style=\"margin-bottom: 0px; padding: 0px; transform-origin: left top 0px; background-repeat: no-repeat; max-height: 1e+06px; font-size: 18px; line-height: 22px; font-family: Georgia, Palatino, 'Palatino Linotype', Times, 'Times New Roman', serif; color: #000000; border: 0px solid transparent;\"><br \/>\u201c<em>La tua mamma \u00e8 nera<\/em>\u201d, le diceva qualche amichetto all\u2019asilo per prenderla in giro. \u201c<em>\u00a0Si, la mia mamma \u00e8 nera ed \u00e8 molto bella. Il suo colore \u00e8 uno dei colori preferiti di Dio<\/em>\u201d, rispondeva e si tornava a giocare.<\/p><p id=\"u17356-17\" style=\"margin-bottom: 0px; padding: 0px; transform-origin: left top 0px; background-repeat: no-repeat; max-height: 1e+06px; font-size: 18px; line-height: 22px; font-family: Georgia, Palatino, 'Palatino Linotype', Times, 'Times New Roman', serif; color: #000000; border: 0px solid transparent;\">Poi, tutto \u00e8 cambiato. Nell\u2019ultimo anno, lo stupore per la differenza si \u00e8 tramutato in odio e violenza.<\/p><p id=\"u17356-19\" style=\"margin-bottom: 0px; padding: 0px; transform-origin: left top 0px; background-repeat: no-repeat; max-height: 1e+06px; font-size: 18px; line-height: 22px; font-family: Georgia, Palatino, 'Palatino Linotype', Times, 'Times New Roman', serif; color: #000000; border: 0px solid transparent;\">Mia figlia non \u00e8 una secchiona. E\u2019 solo una ragazzina piena di vita e interessi; a scuola \u00e8 sempre andata bene. Questo le \u00e8 sempre costato un po\u2019 di velenosa invidia; pazienza.<\/p><p><img loading=\"lazy\" class=\"aligncenter\" src=\"https:\/\/i0.wp.com\/www.zoom--in.it\/wp-content\/uploads\/2018\/10\/paure-nei-bambini-cosa-le-determina-e-come-gestirle-3-680x365.jpg?resize=640%2C344&#038;ssl=1\" sizes=\"(max-width: 640px) 100vw, 640px\" srcset=\"https:\/\/i0.wp.com\/www.zoom--in.it\/wp-content\/uploads\/2018\/10\/paure-nei-bambini-cosa-le-determina-e-come-gestirle-3-680x365.jpg?resize=640%2C344&#038;ssl=1 680w, https:\/\/www.zoom--in.it\/wp-content\/uploads\/2018\/10\/paure-nei-bambini-cosa-le-determina-e-come-gestirle-3-680x365-320x172.jpg 320w\" alt=\"\" width=\"640\" height=\"344\" data-recalc-dims=\"1\" \/><\/p><p id=\"u17356-41\" style=\"margin-bottom: 0px; padding: 0px; transform-origin: left top 0px; background-repeat: no-repeat; max-height: 1e+06px; font-size: 18px; line-height: 22px; font-family: Georgia, Palatino, 'Palatino Linotype', Times, 'Times New Roman', serif; color: #000000; border: 0px solid transparent;\">Quest\u2019anno, invece, l\u2019invidia \u00e8 divenuta assalto, violenza e razzismo.<\/p><p id=\"u17356-45\" style=\"margin-bottom: 0px; padding: 0px; transform-origin: left top 0px; background-repeat: no-repeat; max-height: 1e+06px; font-size: 18px; line-height: 22px; font-family: Georgia, Palatino, 'Palatino Linotype', Times, 'Times New Roman', serif; color: #000000; border: 0px solid transparent;\">\u201c<em>Tua madre \u00e8 una sporca negra. E\u2019 una puttana come tutte le negre. Ha sposato tuo padre solo per soldi: i negri sono tutti poveri<\/em>\u201d.<\/p><p id=\"u17356-47\" style=\"margin-bottom: 0px; padding: 0px; transform-origin: left top 0px; background-repeat: no-repeat; max-height: 1e+06px; font-size: 18px; line-height: 22px; font-family: Georgia, Palatino, 'Palatino Linotype', Times, 'Times New Roman', serif; color: #000000; border: 0px solid transparent;\">Se l\u2019\u00e8 sentito dire per tutto l\u2019anno scolastico, ad ogni suo piccolo successo. Non \u00e8 pi\u00f9 stato possibile far finta di niente e tornare ad essere amici. Si \u00e8 chiusa in s\u00e9, ha pochi amici e sogna di andar via, <em>in qualsiasi altrove<\/em>.<\/p><p id=\"u17356-49\" style=\"margin-bottom: 0px; padding: 0px; transform-origin: left top 0px; background-repeat: no-repeat; max-height: 1e+06px; font-size: 18px; line-height: 22px; font-family: Georgia, Palatino, 'Palatino Linotype', Times, 'Times New Roman', serif; color: #000000; border: 0px solid transparent;\">L\u2019ignoranza di un tempo si \u00e8 mescolata con i mille luoghi comuni di una campagna d\u2019odio che ha fatto, di chiunque abbia un colore di pelle diverso, uno straniero, un nemico.<\/p><p id=\"u17356-51\" style=\"margin-bottom: 0px; padding: 0px; transform-origin: left top 0px; background-repeat: no-repeat; max-height: 1e+06px; font-size: 18px; line-height: 22px; font-family: Georgia, Palatino, 'Palatino Linotype', Times, 'Times New Roman', serif; color: #000000; border: 0px solid transparent;\">E\u2019 questo straniero che condanna alla crisi il nostro paese, che rovina il suo territorio, ruba il lavoro ai giovani, mette in crisi i nostri servizi. Non ho memoria che prima dell\u2019ondata migratoria il nostro paese fosse un Eden e regnassero piena occupazione e servizi d\u2019eccellenza.<\/p><p id=\"u17356-57\" style=\"margin-bottom: 0px; padding: 0px; transform-origin: left top 0px; background-repeat: no-repeat; max-height: 1e+06px; font-size: 18px; line-height: 22px; font-family: Georgia, Palatino, 'Palatino Linotype', Times, 'Times New Roman', serif; color: #000000; border: 0px solid transparent;\">La mamma di mia figlia non \u00e8 neppure un<em>\u2019immigrata negra africana<\/em>. Viene dal Sudamerica e da tempo \u00e8 cittadina italiana. Poco importa. La sua pelle \u00e8 scura e ci\u00f2 autorizza tanti a mancarle del minimo rispetto. A lei nei negozi, a differenza delle altre clienti, si d\u00e0 sempre del tu. Con lei ogni approccio maschile \u00e8 immediatamente brutale. Sportelli di auto che si aprono\u2026. \u201c<em>Forza, sali\u2026Quanto vuoi<\/em>\u2026\u201d. S\u00ec, perch\u00e9 gli uomini neri sono nemici e criminali, le donne nere, tutte prostitute in cerca di clienti.<\/p><p><img loading=\"lazy\" class=\"aligncenter\" src=\"https:\/\/i0.wp.com\/www.zoom--in.it\/wp-content\/uploads\/2018\/10\/image.jpg?resize=640%2C427&#038;ssl=1\" sizes=\"(max-width: 640px) 100vw, 640px\" srcset=\"https:\/\/i0.wp.com\/www.zoom--in.it\/wp-content\/uploads\/2018\/10\/image.jpg?resize=640%2C427&#038;ssl=1 648w, https:\/\/www.zoom--in.it\/wp-content\/uploads\/2018\/10\/image-320x213.jpg 320w, https:\/\/www.zoom--in.it\/wp-content\/uploads\/2018\/10\/image-300x200.jpg 300w\" alt=\"\" width=\"640\" height=\"427\" data-recalc-dims=\"1\" \/><\/p><p id=\"u17356-83\" style=\"margin-bottom: 0px; padding: 0px; transform-origin: left top 0px; background-repeat: no-repeat; max-height: 1e+06px; font-size: 18px; line-height: 22px; font-family: Georgia, Palatino, 'Palatino Linotype', Times, 'Times New Roman', serif; color: #000000; border: 0px solid transparent;\">L\u2019Italia non \u00e8 un paese razzista. Almeno, non lo \u00e8 ancora. L\u2019Italia \u00e8 vittima di un\u2019<strong><em>accoglienza mal gestita e di flussi migratori provocati da chi in Italia -e altrove- semina l\u2019Africa di ogni ingiustizia e guerra per rubarne le risorse<\/em><\/strong>. L\u2019Italia \u00e8 vittima di governanti, ieri e oggi, incapaci e incolti, che\u00a0 hanno trasformato in <em>orrida guerra tra poveri<\/em>, l&#8217;incapacit\u00e0 di governare e affrontare seriamente i problemi del Paese e del Mondo. E oggi minimizzano, prendendosi gioco delle paure di mia figlia.<\/p><p id=\"u17356-85\" style=\"margin-bottom: 0px; padding: 0px; transform-origin: left top 0px; background-repeat: no-repeat; max-height: 1e+06px; font-size: 18px; line-height: 22px; font-family: Georgia, Palatino, 'Palatino Linotype', Times, 'Times New Roman', serif; color: #000000; border: 0px solid transparent;\">In Italia sempre pi\u00f9 persone vivono nella paura.<\/p><p id=\"u17356-89\" style=\"margin-bottom: 0px; padding: 0px; transform-origin: left top 0px; background-repeat: no-repeat; max-height: 1e+06px; font-size: 18px; line-height: 22px; font-family: Georgia, Palatino, 'Palatino Linotype', Times, 'Times New Roman', serif; color: #000000; border: 0px solid transparent;\">Tanti italiani, cui \u00e8 stato raccontato l\u2019abbecedario di ogni stupidit\u00e0, tremano a causa di progetti di islamizzazione e meticciamento delle nostre societ\u00e0, inventati di sana pianta e senza alcun riscontro reale, da gente senza scrupoli e avida di potere, da <em>vecchi arnesi di un nazifascismo che non vuole morire<\/em>. Tanti altri, collassati dalla crisi, palpitano di rabbia verso l\u2019invasore nero che negherebbe loro lavoro e dignit\u00e0. I social sono pieni del loro livore trasformatosi oramai in odio senza fine. \u201c\u00a0<em>Affogateli tutti! Sparare ai barconi! Negri di merda!<\/em>\u201d. Pronti a giustificare le loro bravate e la loro violenza, sventolano i crimini di alcuni immigrati come identit\u00e0 unica e uniforme di tutti gli immigrati di colore.<\/p><p id=\"u17356-93\" style=\"margin-bottom: 0px; padding: 0px; transform-origin: left top 0px; background-repeat: no-repeat; max-height: 1e+06px; font-size: 18px; line-height: 22px; font-family: Georgia, Palatino, 'Palatino Linotype', Times, 'Times New Roman', serif; color: #000000; border: 0px solid transparent;\">Vivono nella paura i tanti, da tempo cittadini italiani, parte integrante della nostra economia e societ\u00e0, sottoposti al quotidiano \u201c<em>tornate a casa vostra<\/em>\u201d e peggio ancora. E quelli che privi di ogni status, in attesa che si dia risposta alle loro domande di asilo, sottoposti ad ogni angheria senza potersi difendere.<\/p><p><img loading=\"lazy\" class=\"aligncenter\" src=\"https:\/\/i0.wp.com\/www.zoom--in.it\/wp-content\/uploads\/2018\/10\/http-ihuffpostcom-gen-1386977-images-n-immigrati-628x314.jpg?resize=626%2C329&#038;ssl=1\" sizes=\"(max-width: 626px) 100vw, 626px\" srcset=\"https:\/\/i0.wp.com\/www.zoom--in.it\/wp-content\/uploads\/2018\/10\/http-ihuffpostcom-gen-1386977-images-n-immigrati-628x314.jpg?resize=626%2C329&#038;ssl=1 626w, https:\/\/www.zoom--in.it\/wp-content\/uploads\/2018\/10\/http-ihuffpostcom-gen-1386977-images-n-immigrati-628x314-320x168.jpg 320w\" alt=\"\" width=\"626\" height=\"329\" data-recalc-dims=\"1\" \/><\/p><p id=\"u17356-115\" style=\"margin-bottom: 0px; padding: 0px; transform-origin: left top 0px; background-repeat: no-repeat; max-height: 1e+06px; font-size: 18px; line-height: 22px; font-family: Georgia, Palatino, 'Palatino Linotype', Times, 'Times New Roman', serif; color: #000000; border: 0px solid transparent;\">Occorre una risposta a questo clima di assurdo terrore, prima che sia troppo tardi: una risposta paziente, fatta di verit\u00e0, spiegazioni, umanit\u00e0, contro le menzogne dei <em>signori della paura<\/em>, dei <em>ministri della paura<\/em>.<\/p><p id=\"u17356-119\" style=\"margin-bottom: 0px; padding: 0px; transform-origin: left top 0px; background-repeat: no-repeat; max-height: 1e+06px; font-size: 18px; line-height: 22px; font-family: Georgia, Palatino, 'Palatino Linotype', Times, 'Times New Roman', serif; color: #000000; border: 0px solid transparent; text-align: center;\"><br \/><em>Nero deve tornare a essere<strong> solo<\/strong> uno dei colori dell\u2019universo.<\/em><\/p><p id=\"u17356-122\" style=\"margin-bottom: 0px; padding: 0px; transform-origin: left top 0px; background-repeat: no-repeat; max-height: 1e+06px; font-size: 18px; line-height: 22px; font-family: Georgia, Palatino, 'Palatino Linotype', Times, 'Times New Roman', serif; color: #000000; border: 0px solid transparent; text-align: center;\"><br \/><strong><em>Mia figlia ha diritto\u00a0di vivere a testa alta e sorridere alla vita.<\/em><\/strong><\/p><p>\u00a0<\/p><p style=\"text-align: center;\"><strong>\u00a0 \u00a0 \u00a0 \u00a0 \u00a0 \u00a0 \u00a0 \u00a0 \u00a0 \u00a0 \u00a0 \u00a0 \u00a0 \u00a0 \u00a0 \u00a0 \u00a0 \u00a0 \u00a0 \u00a0 \u00a0 \u00a0 \u00a0 \u00a0 \u00a0 \u00a0 \u00a0 \u00a0 \u00a0 \u00a0 \u00a0 \u00a0 \u00a0 \u00a0 \u00a0 \u00a0 \u00a0 \u00a0 \u00a0Silvestro Montanaro<\/strong><br \/>\u00a0 \u00a0 \u00a0 \u00a0 \u00a0 \u00a0 \u00a0 \u00a0 \u00a0 \u00a0 \u00a0 \u00a0 \u00a0 \u00a0 \u00a0 \u00a0 \u00a0 \u00a0 \u00a0 \u00a0 \u00a0 \u00a0 \u00a0 \u00a0 \u00a0 \u00a0 \u00a0 \u00a0Giornalista Rai Radiotelevisione Italiana<\/p>\t\t\t\t\t<\/div>\n\t\t\t\t\t\t<\/div>\n\t\t\t\t<\/div>\n\t\t\t\t\t\t<\/div>\n\t\t\t\t\t<\/div>\n\t\t<\/div>\n\t\t\t\t\t\t\t\t<\/div>\n\t\t\t\t\t<\/div>\n\t\t<\/section>\n\t\t\t\t\t\t\t\t\t<\/div>\n\t\t\t<\/div>\n\t\t\t\t\t<\/div>\n\t\t","protected":false},"excerpt":{"rendered":"<p>Mia figlia ha paura Da un po\u2019 di giorni, se vede la mamma uscire, abbandona<\/p>\n","protected":false},"author":3,"featured_media":102,"comment_status":"closed","ping_status":"closed","sticky":false,"template":"","format":"standard","meta":{"spay_email":""},"categories":[7,3],"tags":[],"yoast_head":"<!-- This site is optimized with the Yoast SEO plugin v19.4 - https:\/\/yoast.com\/wordpress\/plugins\/seo\/ -->\n<title>Mia figlia ha paura - ZoomIN Magazine<\/title>\n<meta name=\"robots\" content=\"index, follow, max-snippet:-1, max-image-preview:large, max-video-preview:-1\" \/>\n<link rel=\"canonical\" href=\"https:\/\/www.zoom--in.it\/index.php\/2018\/10\/21\/mia-figlia-ha-paura\/\" \/>\n<meta property=\"og:locale\" content=\"it_IT\" \/>\n<meta property=\"og:type\" content=\"article\" \/>\n<meta property=\"og:title\" content=\"Mia figlia ha paura - ZoomIN Magazine\" \/>\n<meta property=\"og:description\" content=\"Mia figlia ha paura Da un po\u2019 di giorni, se vede la mamma uscire, abbandona\" \/>\n<meta property=\"og:url\" content=\"https:\/\/www.zoom--in.it\/index.php\/2018\/10\/21\/mia-figlia-ha-paura\/\" \/>\n<meta property=\"og:site_name\" content=\"ZoomIN Magazine\" \/>\n<meta property=\"article:published_time\" content=\"2018-10-21T13:54:08+00:00\" \/>\n<meta property=\"article:modified_time\" content=\"2019-01-10T15:44:24+00:00\" \/>\n<meta property=\"og:image\" content=\"https:\/\/i0.wp.com\/www.zoom--in.it\/wp-content\/uploads\/2018\/10\/naxos_resh8t0.jpg?fit=1200%2C848&ssl=1\" \/>\n\t<meta property=\"og:image:width\" content=\"1200\" \/>\n\t<meta property=\"og:image:height\" content=\"848\" \/>\n\t<meta property=\"og:image:type\" content=\"image\/jpeg\" \/>\n<meta name=\"author\" content=\"Silvestro Montanaro\" \/>\n<meta name=\"twitter:card\" content=\"summary_large_image\" \/>\n<meta name=\"twitter:label1\" content=\"Scritto da\" \/>\n\t<meta name=\"twitter:data1\" content=\"Silvestro Montanaro\" \/>\n\t<meta name=\"twitter:label2\" content=\"Tempo di lettura stimato\" \/>\n\t<meta name=\"twitter:data2\" content=\"4 minuti\" \/>\n<script type=\"application\/ld+json\" class=\"yoast-schema-graph\">{\"@context\":\"https:\/\/schema.org\",\"@graph\":[{\"@type\":\"Organization\",\"@id\":\"https:\/\/www.zoom--in.it\/#organization\",\"name\":\"ZoomIN Magazine\",\"url\":\"https:\/\/www.zoom--in.it\/\",\"sameAs\":[],\"logo\":{\"@type\":\"ImageObject\",\"inLanguage\":\"it-IT\",\"@id\":\"https:\/\/www.zoom--in.it\/#\/schema\/logo\/image\/\",\"url\":\"https:\/\/i0.wp.com\/www.zoom--in.it\/wp-content\/uploads\/2018\/11\/cropped-final.png?fit=568%2C237&ssl=1\",\"contentUrl\":\"https:\/\/i0.wp.com\/www.zoom--in.it\/wp-content\/uploads\/2018\/11\/cropped-final.png?fit=568%2C237&ssl=1\",\"width\":568,\"height\":237,\"caption\":\"ZoomIN Magazine\"},\"image\":{\"@id\":\"https:\/\/www.zoom--in.it\/#\/schema\/logo\/image\/\"}},{\"@type\":\"WebSite\",\"@id\":\"https:\/\/www.zoom--in.it\/#website\",\"url\":\"https:\/\/www.zoom--in.it\/\",\"name\":\"ZoomIN Magazine\",\"description\":\"Magazine Online libero e senza pubblicit\u00e0, pieno di rubriche e curiosit\u00e0\",\"publisher\":{\"@id\":\"https:\/\/www.zoom--in.it\/#organization\"},\"potentialAction\":[{\"@type\":\"SearchAction\",\"target\":{\"@type\":\"EntryPoint\",\"urlTemplate\":\"https:\/\/www.zoom--in.it\/?s={search_term_string}\"},\"query-input\":\"required name=search_term_string\"}],\"inLanguage\":\"it-IT\"},{\"@type\":\"WebPage\",\"@id\":\"https:\/\/www.zoom--in.it\/index.php\/2018\/10\/21\/mia-figlia-ha-paura\/\",\"url\":\"https:\/\/www.zoom--in.it\/index.php\/2018\/10\/21\/mia-figlia-ha-paura\/\",\"name\":\"Mia figlia ha paura - ZoomIN Magazine\",\"isPartOf\":{\"@id\":\"https:\/\/www.zoom--in.it\/#website\"},\"datePublished\":\"2018-10-21T13:54:08+00:00\",\"dateModified\":\"2019-01-10T15:44:24+00:00\",\"breadcrumb\":{\"@id\":\"https:\/\/www.zoom--in.it\/index.php\/2018\/10\/21\/mia-figlia-ha-paura\/#breadcrumb\"},\"inLanguage\":\"it-IT\",\"potentialAction\":[{\"@type\":\"ReadAction\",\"target\":[\"https:\/\/www.zoom--in.it\/index.php\/2018\/10\/21\/mia-figlia-ha-paura\/\"]}]},{\"@type\":\"BreadcrumbList\",\"@id\":\"https:\/\/www.zoom--in.it\/index.php\/2018\/10\/21\/mia-figlia-ha-paura\/#breadcrumb\",\"itemListElement\":[{\"@type\":\"ListItem\",\"position\":1,\"name\":\"Home\",\"item\":\"https:\/\/www.zoom--in.it\/\"},{\"@type\":\"ListItem\",\"position\":2,\"name\":\"Mia figlia ha paura\"}]},{\"@type\":\"Article\",\"@id\":\"https:\/\/www.zoom--in.it\/index.php\/2018\/10\/21\/mia-figlia-ha-paura\/#article\",\"isPartOf\":{\"@id\":\"https:\/\/www.zoom--in.it\/index.php\/2018\/10\/21\/mia-figlia-ha-paura\/\"},\"author\":{\"name\":\"Silvestro Montanaro\",\"@id\":\"https:\/\/www.zoom--in.it\/#\/schema\/person\/a0705257ccd1d3f65c158ccb39439371\"},\"headline\":\"Mia figlia ha paura\",\"datePublished\":\"2018-10-21T13:54:08+00:00\",\"dateModified\":\"2019-01-10T15:44:24+00:00\",\"mainEntityOfPage\":{\"@id\":\"https:\/\/www.zoom--in.it\/index.php\/2018\/10\/21\/mia-figlia-ha-paura\/\"},\"wordCount\":805,\"publisher\":{\"@id\":\"https:\/\/www.zoom--in.it\/#organization\"},\"articleSection\":[\"Evidenza\",\"Mondo\"],\"inLanguage\":\"it-IT\"},{\"@type\":\"Person\",\"@id\":\"https:\/\/www.zoom--in.it\/#\/schema\/person\/a0705257ccd1d3f65c158ccb39439371\",\"name\":\"Silvestro Montanaro\",\"url\":\"https:\/\/www.zoom--in.it\/index.php\/author\/silvestro-montanaro\/\"}]}<\/script>\n<!-- \/ Yoast SEO plugin. -->","yoast_head_json":{"title":"Mia figlia ha paura - ZoomIN Magazine","robots":{"index":"index","follow":"follow","max-snippet":"max-snippet:-1","max-image-preview":"max-image-preview:large","max-video-preview":"max-video-preview:-1"},"canonical":"https:\/\/www.zoom--in.it\/index.php\/2018\/10\/21\/mia-figlia-ha-paura\/","og_locale":"it_IT","og_type":"article","og_title":"Mia figlia ha paura - ZoomIN Magazine","og_description":"Mia figlia ha paura Da un po\u2019 di giorni, se vede la mamma uscire, abbandona","og_url":"https:\/\/www.zoom--in.it\/index.php\/2018\/10\/21\/mia-figlia-ha-paura\/","og_site_name":"ZoomIN Magazine","article_published_time":"2018-10-21T13:54:08+00:00","article_modified_time":"2019-01-10T15:44:24+00:00","og_image":[{"width":1200,"height":848,"url":"https:\/\/i0.wp.com\/www.zoom--in.it\/wp-content\/uploads\/2018\/10\/naxos_resh8t0.jpg?fit=1200%2C848&ssl=1","type":"image\/jpeg"}],"author":"Silvestro Montanaro","twitter_card":"summary_large_image","twitter_misc":{"Scritto da":"Silvestro Montanaro","Tempo di lettura stimato":"4 minuti"},"schema":{"@context":"https:\/\/schema.org","@graph":[{"@type":"Organization","@id":"https:\/\/www.zoom--in.it\/#organization","name":"ZoomIN Magazine","url":"https:\/\/www.zoom--in.it\/","sameAs":[],"logo":{"@type":"ImageObject","inLanguage":"it-IT","@id":"https:\/\/www.zoom--in.it\/#\/schema\/logo\/image\/","url":"https:\/\/i0.wp.com\/www.zoom--in.it\/wp-content\/uploads\/2018\/11\/cropped-final.png?fit=568%2C237&ssl=1","contentUrl":"https:\/\/i0.wp.com\/www.zoom--in.it\/wp-content\/uploads\/2018\/11\/cropped-final.png?fit=568%2C237&ssl=1","width":568,"height":237,"caption":"ZoomIN Magazine"},"image":{"@id":"https:\/\/www.zoom--in.it\/#\/schema\/logo\/image\/"}},{"@type":"WebSite","@id":"https:\/\/www.zoom--in.it\/#website","url":"https:\/\/www.zoom--in.it\/","name":"ZoomIN Magazine","description":"Magazine Online libero e senza pubblicit\u00e0, pieno di rubriche e curiosit\u00e0","publisher":{"@id":"https:\/\/www.zoom--in.it\/#organization"},"potentialAction":[{"@type":"SearchAction","target":{"@type":"EntryPoint","urlTemplate":"https:\/\/www.zoom--in.it\/?s={search_term_string}"},"query-input":"required name=search_term_string"}],"inLanguage":"it-IT"},{"@type":"WebPage","@id":"https:\/\/www.zoom--in.it\/index.php\/2018\/10\/21\/mia-figlia-ha-paura\/","url":"https:\/\/www.zoom--in.it\/index.php\/2018\/10\/21\/mia-figlia-ha-paura\/","name":"Mia figlia ha paura - ZoomIN Magazine","isPartOf":{"@id":"https:\/\/www.zoom--in.it\/#website"},"datePublished":"2018-10-21T13:54:08+00:00","dateModified":"2019-01-10T15:44:24+00:00","breadcrumb":{"@id":"https:\/\/www.zoom--in.it\/index.php\/2018\/10\/21\/mia-figlia-ha-paura\/#breadcrumb"},"inLanguage":"it-IT","potentialAction":[{"@type":"ReadAction","target":["https:\/\/www.zoom--in.it\/index.php\/2018\/10\/21\/mia-figlia-ha-paura\/"]}]},{"@type":"BreadcrumbList","@id":"https:\/\/www.zoom--in.it\/index.php\/2018\/10\/21\/mia-figlia-ha-paura\/#breadcrumb","itemListElement":[{"@type":"ListItem","position":1,"name":"Home","item":"https:\/\/www.zoom--in.it\/"},{"@type":"ListItem","position":2,"name":"Mia figlia ha paura"}]},{"@type":"Article","@id":"https:\/\/www.zoom--in.it\/index.php\/2018\/10\/21\/mia-figlia-ha-paura\/#article","isPartOf":{"@id":"https:\/\/www.zoom--in.it\/index.php\/2018\/10\/21\/mia-figlia-ha-paura\/"},"author":{"name":"Silvestro Montanaro","@id":"https:\/\/www.zoom--in.it\/#\/schema\/person\/a0705257ccd1d3f65c158ccb39439371"},"headline":"Mia figlia ha paura","datePublished":"2018-10-21T13:54:08+00:00","dateModified":"2019-01-10T15:44:24+00:00","mainEntityOfPage":{"@id":"https:\/\/www.zoom--in.it\/index.php\/2018\/10\/21\/mia-figlia-ha-paura\/"},"wordCount":805,"publisher":{"@id":"https:\/\/www.zoom--in.it\/#organization"},"articleSection":["Evidenza","Mondo"],"inLanguage":"it-IT"},{"@type":"Person","@id":"https:\/\/www.zoom--in.it\/#\/schema\/person\/a0705257ccd1d3f65c158ccb39439371","name":"Silvestro Montanaro","url":"https:\/\/www.zoom--in.it\/index.php\/author\/silvestro-montanaro\/"}]}},"jetpack_featured_media_url":"https:\/\/i0.wp.com\/www.zoom--in.it\/wp-content\/uploads\/2018\/10\/naxos_resh8t0.jpg?fit=1200%2C848&ssl=1","jetpack_sharing_enabled":true,"jetpack_shortlink":"https:\/\/wp.me\/p9Zlh8-1D","_links":{"self":[{"href":"https:\/\/www.zoom--in.it\/index.php\/wp-json\/wp\/v2\/posts\/101"}],"collection":[{"href":"https:\/\/www.zoom--in.it\/index.php\/wp-json\/wp\/v2\/posts"}],"about":[{"href":"https:\/\/www.zoom--in.it\/index.php\/wp-json\/wp\/v2\/types\/post"}],"author":[{"embeddable":true,"href":"https:\/\/www.zoom--in.it\/index.php\/wp-json\/wp\/v2\/users\/3"}],"replies":[{"embeddable":true,"href":"https:\/\/www.zoom--in.it\/index.php\/wp-json\/wp\/v2\/comments?post=101"}],"version-history":[{"count":11,"href":"https:\/\/www.zoom--in.it\/index.php\/wp-json\/wp\/v2\/posts\/101\/revisions"}],"predecessor-version":[{"id":3251,"href":"https:\/\/www.zoom--in.it\/index.php\/wp-json\/wp\/v2\/posts\/101\/revisions\/3251"}],"wp:featuredmedia":[{"embeddable":true,"href":"https:\/\/www.zoom--in.it\/index.php\/wp-json\/wp\/v2\/media\/102"}],"wp:attachment":[{"href":"https:\/\/www.zoom--in.it\/index.php\/wp-json\/wp\/v2\/media?parent=101"}],"wp:term":[{"taxonomy":"category","embeddable":true,"href":"https:\/\/www.zoom--in.it\/index.php\/wp-json\/wp\/v2\/categories?post=101"},{"taxonomy":"post_tag","embeddable":true,"href":"https:\/\/www.zoom--in.it\/index.php\/wp-json\/wp\/v2\/tags?post=101"}],"curies":[{"name":"wp","href":"https:\/\/api.w.org\/{rel}","templated":true}]}}