{"id":104,"date":"2018-10-21T13:55:16","date_gmt":"2018-10-21T13:55:16","guid":{"rendered":"http:\/\/zoomin.altervista.org\/?p=104"},"modified":"2019-03-29T15:41:26","modified_gmt":"2019-03-29T15:41:26","slug":"migrazione","status":"publish","type":"post","link":"https:\/\/www.zoom--in.it\/index.php\/2018\/10\/21\/migrazione\/","title":{"rendered":"MIGRAZIONI:  ORMAI UNA PRASSI"},"content":{"rendered":"\t\t<div data-elementor-type=\"wp-post\" data-elementor-id=\"104\" class=\"elementor elementor-104 elementor-bc-flex-widget\">\n\t\t\t\t\t\t<div class=\"elementor-inner\">\n\t\t\t\t<div class=\"elementor-section-wrap\">\n\t\t\t\t\t\t\t\t\t<section class=\"elementor-section elementor-top-section elementor-element elementor-element-1e59f60 elementor-section-boxed elementor-section-height-default elementor-section-height-default\" data-id=\"1e59f60\" data-element_type=\"section\">\n\t\t\t\t\t\t<div class=\"elementor-container elementor-column-gap-default\">\n\t\t\t\t\t\t\t<div class=\"elementor-row\">\n\t\t\t\t\t<div class=\"elementor-column elementor-col-100 elementor-top-column elementor-element elementor-element-22cf18a\" data-id=\"22cf18a\" data-element_type=\"column\">\n\t\t\t<div class=\"elementor-column-wrap elementor-element-populated\">\n\t\t\t\t\t\t\t<div class=\"elementor-widget-wrap\">\n\t\t\t\t\t\t<div class=\"elementor-element elementor-element-8c54530 elementor-widget elementor-widget-heading\" data-id=\"8c54530\" data-element_type=\"widget\" data-widget_type=\"heading.default\">\n\t\t\t\t<div class=\"elementor-widget-container\">\n\t\t\t<h2 class=\"elementor-heading-title elementor-size-default\">MIGRAZIONI: ORMAI UNA PRASSI<\/h2>\t\t<\/div>\n\t\t\t\t<\/div>\n\t\t\t\t\t\t<\/div>\n\t\t\t\t\t<\/div>\n\t\t<\/div>\n\t\t\t\t\t\t\t\t<\/div>\n\t\t\t\t\t<\/div>\n\t\t<\/section>\n\t\t\t\t<section class=\"elementor-section elementor-top-section elementor-element elementor-element-6c3ecd2 elementor-section-boxed elementor-section-height-default elementor-section-height-default\" data-id=\"6c3ecd2\" data-element_type=\"section\">\n\t\t\t\t\t\t<div class=\"elementor-container elementor-column-gap-default\">\n\t\t\t\t\t\t\t<div class=\"elementor-row\">\n\t\t\t\t\t<div class=\"elementor-column elementor-col-50 elementor-top-column elementor-element elementor-element-10d044d\" data-id=\"10d044d\" data-element_type=\"column\">\n\t\t\t<div class=\"elementor-column-wrap elementor-element-populated\">\n\t\t\t\t\t\t\t<div class=\"elementor-widget-wrap\">\n\t\t\t\t\t\t<div class=\"elementor-element elementor-element-eed6012 elementor-widget elementor-widget-text-editor\" data-id=\"eed6012\" data-element_type=\"widget\" data-widget_type=\"text-editor.default\">\n\t\t\t\t<div class=\"elementor-widget-container\">\n\t\t\t\t\t\t\t\t<div class=\"elementor-text-editor elementor-clearfix\">\n\t\t\t\t<p id=\"u12880-2\">CI VUOLE PAZIENZA, CORAGGIO E STOMACO PER LEGGERE QUELLO CHE SCRIVO\/RIPORTO QUI DI SEGUITO, E PER VEDERE IL VIDEO QUI SOTTO. Leggere e vedere il video postato da Vinni Giara, mi ha fatto pensare alla guerra in Vietnam e a perch\u00e9 gli Stati Uniti hanno perso. Un documentario visto tanti anni fa, spiegava che la sconfitta \u00e9 stata causata dai filmati degli orrori della #guerra in Vietnam, che sono circolati. Realizzati dalle stesse forze armate #Usa, pensati per documentare e propagandare l&#8217;onore patriottico statunitense, sono poi diventati un boomerang, per chi li ha commissionati. Ecco perch\u00e9 nelle guerre successive, penso alla #exJugoslavia, ci hanno fatto vedere solo missili che partivano e esplosioni lontane viste dal cielo, su monitor verdi, senza volti ne sangue.<\/p>\n<p id=\"u12880-4\">La speranza per questo nuovo #OLOCAUSTO, vissuto questa volta dai#migranti\/#profughi, \u00e9 che filmati come quello qui sotto possano riportare consapevolezza delle atrocit\u00e0 e dei drammi che nostri pari stanno vivendo quotidianamente.<\/p>\n<p id=\"u12880-7\"><strong>Claudio Nappi<\/strong><\/p><p id=\"u12880-7\">corrispondente de&#8221; Il Manifesto&#8221;<\/p>\t\t\t\t\t<\/div>\n\t\t\t\t\t\t<\/div>\n\t\t\t\t<\/div>\n\t\t\t\t\t\t<\/div>\n\t\t\t\t\t<\/div>\n\t\t<\/div>\n\t\t\t\t<div class=\"elementor-column elementor-col-50 elementor-top-column elementor-element elementor-element-e52599f\" data-id=\"e52599f\" data-element_type=\"column\">\n\t\t\t<div class=\"elementor-column-wrap elementor-element-populated\">\n\t\t\t\t\t\t\t<div class=\"elementor-widget-wrap\">\n\t\t\t\t\t\t<div class=\"elementor-element elementor-element-6d0fa5d elementor-widget elementor-widget-image\" data-id=\"6d0fa5d\" data-element_type=\"widget\" data-widget_type=\"image.default\">\n\t\t\t\t<div class=\"elementor-widget-container\">\n\t\t\t\t\t\t\t\t<div class=\"elementor-image\">\n\t\t\t\t\t\t\t\t\t\t\t\t<img width=\"580\" height=\"757\" src=\"https:\/\/i0.wp.com\/www.zoom--in.it\/wp-content\/uploads\/2018\/10\/7203137-1627x1080.jpg?fit=580%2C757&amp;ssl=1\" class=\"attachment-full size-full\" alt=\"\" loading=\"lazy\" data-attachment-id=\"215\" data-permalink=\"https:\/\/www.zoom--in.it\/index.php\/2018\/10\/21\/migrazione\/7203137-1627x1080\/\" data-orig-file=\"https:\/\/i0.wp.com\/www.zoom--in.it\/wp-content\/uploads\/2018\/10\/7203137-1627x1080.jpg?fit=580%2C757&amp;ssl=1\" data-orig-size=\"580,757\" data-comments-opened=\"1\" data-image-meta=\"{&quot;aperture&quot;:&quot;0&quot;,&quot;credit&quot;:&quot;&quot;,&quot;camera&quot;:&quot;&quot;,&quot;caption&quot;:&quot;&quot;,&quot;created_timestamp&quot;:&quot;0&quot;,&quot;copyright&quot;:&quot;&quot;,&quot;focal_length&quot;:&quot;0&quot;,&quot;iso&quot;:&quot;0&quot;,&quot;shutter_speed&quot;:&quot;0&quot;,&quot;title&quot;:&quot;&quot;,&quot;orientation&quot;:&quot;0&quot;}\" data-image-title=\"7203137-1627&#215;1080\" data-image-description=\"\" data-image-caption=\"\" data-medium-file=\"https:\/\/i0.wp.com\/www.zoom--in.it\/wp-content\/uploads\/2018\/10\/7203137-1627x1080.jpg?fit=230%2C300&amp;ssl=1\" data-large-file=\"https:\/\/i0.wp.com\/www.zoom--in.it\/wp-content\/uploads\/2018\/10\/7203137-1627x1080.jpg?fit=580%2C757&amp;ssl=1\" \/>\t\t\t\t\t\t\t\t\t\t\t\t\t\t<\/div>\n\t\t\t\t\t\t<\/div>\n\t\t\t\t<\/div>\n\t\t\t\t\t\t<\/div>\n\t\t\t\t\t<\/div>\n\t\t<\/div>\n\t\t\t\t\t\t\t\t<\/div>\n\t\t\t\t\t<\/div>\n\t\t<\/section>\n\t\t\t\t<section class=\"elementor-section elementor-top-section elementor-element elementor-element-4e896a4 elementor-section-boxed elementor-section-height-default elementor-section-height-default\" data-id=\"4e896a4\" data-element_type=\"section\">\n\t\t\t\t\t\t<div class=\"elementor-container elementor-column-gap-default\">\n\t\t\t\t\t\t\t<div class=\"elementor-row\">\n\t\t\t\t\t<div class=\"elementor-column elementor-col-100 elementor-top-column elementor-element elementor-element-986a7c1\" data-id=\"986a7c1\" data-element_type=\"column\">\n\t\t\t<div class=\"elementor-column-wrap elementor-element-populated\">\n\t\t\t\t\t\t\t<div class=\"elementor-widget-wrap\">\n\t\t\t\t\t\t<div class=\"elementor-element elementor-element-d67b62d elementor-widget elementor-widget-spacer\" data-id=\"d67b62d\" data-element_type=\"widget\" data-widget_type=\"spacer.default\">\n\t\t\t\t<div class=\"elementor-widget-container\">\n\t\t\t\t\t<div class=\"elementor-spacer\">\n\t\t\t<div class=\"elementor-spacer-inner\"><\/div>\n\t\t<\/div>\n\t\t\t\t<\/div>\n\t\t\t\t<\/div>\n\t\t\t\t<div class=\"elementor-element elementor-element-790bf0e elementor-widget elementor-widget-text-editor\" data-id=\"790bf0e\" data-element_type=\"widget\" data-widget_type=\"text-editor.default\">\n\t\t\t\t<div class=\"elementor-widget-container\">\n\t\t\t\t\t\t\t\t<div class=\"elementor-text-editor elementor-clearfix\">\n\t\t\t\t<p>Il Post di\u00a0<strong><span id=\"u12874-2\">Vinni Giara<\/span><\/strong>:<\/p><p>Nave #Libra, il pattugliatore della Marina italiana, \u00e8 ad appena un&#8217;ora e mezzo di navigazione da un barcone carico di famiglie siriane che sta affondando. Ma per cinque ore viene lasciata in attesa senza ordini. Il pomeriggio dell&#8217;11 ottobre 2013 i comandi militari italiani sono preoccupati di dover poi trasferire i profughi sulla costa pi\u00f9 vicina. Cos\u00ec non mettono a disposizione la loro unit\u00e0, nonostante le numerose telefonate di soccorso e la formale e ripetuta richiesta delle Forze armate maltesi di poter dare istruzioni alla nave italiana perch\u00e9 intervenga.<\/p><p>Il peschereccio, partito dalla Libia con almeno 480 persone, sta imbarcando acqua: era stato colpito dalle raffiche di mitra di miliziani che su una motovedetta volevano rapinare o sequestrare i passeggeri, quasi tutti medici siriani. Quel pomeriggio la Libra \u00e8 tra le 19 e le 10 miglia dal barcone. Lampedusa \u00e8 a 61 miglia. Ma la sala operativa di Roma della Guardia costiera ordina ai profughi di rivolgersi a Malta che \u00e8 molto pi\u00f9 lontana, a 118 miglia.<\/p><p>Dopo cinque ore di attesa e di inutili solleciti da parte delle autorit\u00e0 maltesi ai colleghi italiani, il barcone si rovescia. Muoiono 268 persone, tra cui 60 bambini. In questo videoracconto &#8220;Il naufragio dei bambini&#8221;, L&#8217;Espresso ricostruisce la strage: con immagini inedite, le telefonate mai ascoltate prima tra le Forze armate di Malta e la Guardia costiera italiana, e le strazianti richieste di soccorso partite dal peschereccio. In quattro anni, dopo le denunce dei sopravvissuti, nessuna Procura italiana ha portato a termine le indagini<\/p>\t\t\t\t\t<\/div>\n\t\t\t\t\t\t<\/div>\n\t\t\t\t<\/div>\n\t\t\t\t<div class=\"elementor-element elementor-element-9dd0572 elementor-widget elementor-widget-image\" data-id=\"9dd0572\" data-element_type=\"widget\" data-widget_type=\"image.default\">\n\t\t\t\t<div class=\"elementor-widget-container\">\n\t\t\t\t\t\t\t\t<div class=\"elementor-image\">\n\t\t\t\t\t\t\t\t\t\t\t\t<img width=\"1023\" height=\"192\" src=\"https:\/\/i0.wp.com\/www.zoom--in.it\/wp-content\/uploads\/2018\/10\/schermata-2018-07-17-alle-154640.jpg?fit=1023%2C192&amp;ssl=1\" class=\"attachment-full size-full\" alt=\"\" loading=\"lazy\" data-attachment-id=\"216\" data-permalink=\"https:\/\/www.zoom--in.it\/index.php\/2018\/10\/21\/migrazione\/schermata-2018-07-17-alle-154640\/\" data-orig-file=\"https:\/\/i0.wp.com\/www.zoom--in.it\/wp-content\/uploads\/2018\/10\/schermata-2018-07-17-alle-154640.jpg?fit=1023%2C192&amp;ssl=1\" data-orig-size=\"1023,192\" data-comments-opened=\"1\" data-image-meta=\"{&quot;aperture&quot;:&quot;0&quot;,&quot;credit&quot;:&quot;&quot;,&quot;camera&quot;:&quot;&quot;,&quot;caption&quot;:&quot;&quot;,&quot;created_timestamp&quot;:&quot;0&quot;,&quot;copyright&quot;:&quot;&quot;,&quot;focal_length&quot;:&quot;0&quot;,&quot;iso&quot;:&quot;0&quot;,&quot;shutter_speed&quot;:&quot;0&quot;,&quot;title&quot;:&quot;&quot;,&quot;orientation&quot;:&quot;0&quot;}\" data-image-title=\"schermata 2018-07-17 alle 154640\" data-image-description=\"\" data-image-caption=\"\" data-medium-file=\"https:\/\/i0.wp.com\/www.zoom--in.it\/wp-content\/uploads\/2018\/10\/schermata-2018-07-17-alle-154640.jpg?fit=300%2C56&amp;ssl=1\" data-large-file=\"https:\/\/i0.wp.com\/www.zoom--in.it\/wp-content\/uploads\/2018\/10\/schermata-2018-07-17-alle-154640.jpg?fit=640%2C120&amp;ssl=1\" \/>\t\t\t\t\t\t\t\t\t\t\t\t\t\t<\/div>\n\t\t\t\t\t\t<\/div>\n\t\t\t\t<\/div>\n\t\t\t\t<div class=\"elementor-element elementor-element-4e3b96e elementor-aspect-ratio-169 elementor-widget elementor-widget-video\" data-id=\"4e3b96e\" data-element_type=\"widget\" data-settings=\"{&quot;youtube_url&quot;:&quot;https:\\\/\\\/www.youtube.com\\\/watch?v=XOuRvdwHDFU&quot;,&quot;video_type&quot;:&quot;youtube&quot;,&quot;controls&quot;:&quot;yes&quot;,&quot;aspect_ratio&quot;:&quot;169&quot;}\" data-widget_type=\"video.default\">\n\t\t\t\t<div class=\"elementor-widget-container\">\n\t\t\t\t\t<div class=\"elementor-wrapper elementor-fit-aspect-ratio elementor-open-inline\">\n\t\t\t<div class=\"elementor-video\"><\/div>\t\t<\/div>\n\t\t\t\t<\/div>\n\t\t\t\t<\/div>\n\t\t\t\t\t\t<\/div>\n\t\t\t\t\t<\/div>\n\t\t<\/div>\n\t\t\t\t\t\t\t\t<\/div>\n\t\t\t\t\t<\/div>\n\t\t<\/section>\n\t\t\t\t\t\t\t\t\t<\/div>\n\t\t\t<\/div>\n\t\t\t\t\t<\/div>\n\t\t","protected":false},"excerpt":{"rendered":"<p>MIGRAZIONI: ORMAI UNA PRASSI CI VUOLE PAZIENZA, CORAGGIO E STOMACO PER LEGGERE QUELLO CHE SCRIVO\/RIPORTO<\/p>\n","protected":false},"author":4,"featured_media":105,"comment_status":"closed","ping_status":"closed","sticky":false,"template":"","format":"standard","meta":{"spay_email":""},"categories":[41],"tags":[],"yoast_head":"<!-- This site is optimized with the Yoast SEO plugin v19.4 - https:\/\/yoast.com\/wordpress\/plugins\/seo\/ -->\n<title>MIGRAZIONI: ORMAI UNA PRASSI - ZoomIN Magazine<\/title>\n<meta name=\"robots\" content=\"index, follow, max-snippet:-1, max-image-preview:large, max-video-preview:-1\" \/>\n<link rel=\"canonical\" href=\"https:\/\/www.zoom--in.it\/index.php\/2018\/10\/21\/migrazione\/\" \/>\n<meta property=\"og:locale\" content=\"it_IT\" \/>\n<meta property=\"og:type\" content=\"article\" \/>\n<meta property=\"og:title\" content=\"MIGRAZIONI: ORMAI UNA PRASSI - ZoomIN Magazine\" \/>\n<meta property=\"og:description\" content=\"MIGRAZIONI: ORMAI UNA PRASSI CI VUOLE PAZIENZA, CORAGGIO E STOMACO PER LEGGERE QUELLO CHE SCRIVO\/RIPORTO\" \/>\n<meta property=\"og:url\" content=\"https:\/\/www.zoom--in.it\/index.php\/2018\/10\/21\/migrazione\/\" \/>\n<meta property=\"og:site_name\" content=\"ZoomIN Magazine\" \/>\n<meta property=\"article:published_time\" content=\"2018-10-21T13:55:16+00:00\" \/>\n<meta property=\"article:modified_time\" content=\"2019-03-29T15:41:26+00:00\" \/>\n<meta property=\"og:image\" content=\"https:\/\/i0.wp.com\/www.zoom--in.it\/wp-content\/uploads\/2018\/10\/universit\u00e0-delle-migrazioni-saronno-il-sole-onlus-e1485772540456.jpg?fit=1276%2C873&ssl=1\" \/>\n\t<meta property=\"og:image:width\" content=\"1276\" \/>\n\t<meta property=\"og:image:height\" content=\"873\" \/>\n\t<meta property=\"og:image:type\" content=\"image\/jpeg\" \/>\n<meta name=\"author\" content=\"Claudio Nappi\" \/>\n<meta name=\"twitter:card\" content=\"summary_large_image\" \/>\n<meta name=\"twitter:label1\" content=\"Scritto da\" \/>\n\t<meta name=\"twitter:data1\" content=\"Claudio Nappi\" \/>\n\t<meta name=\"twitter:label2\" content=\"Tempo di lettura stimato\" \/>\n\t<meta name=\"twitter:data2\" content=\"2 minuti\" \/>\n<script type=\"application\/ld+json\" class=\"yoast-schema-graph\">{\"@context\":\"https:\/\/schema.org\",\"@graph\":[{\"@type\":\"Organization\",\"@id\":\"https:\/\/www.zoom--in.it\/#organization\",\"name\":\"ZoomIN Magazine\",\"url\":\"https:\/\/www.zoom--in.it\/\",\"sameAs\":[],\"logo\":{\"@type\":\"ImageObject\",\"inLanguage\":\"it-IT\",\"@id\":\"https:\/\/www.zoom--in.it\/#\/schema\/logo\/image\/\",\"url\":\"https:\/\/i0.wp.com\/www.zoom--in.it\/wp-content\/uploads\/2018\/11\/cropped-final.png?fit=568%2C237&ssl=1\",\"contentUrl\":\"https:\/\/i0.wp.com\/www.zoom--in.it\/wp-content\/uploads\/2018\/11\/cropped-final.png?fit=568%2C237&ssl=1\",\"width\":568,\"height\":237,\"caption\":\"ZoomIN Magazine\"},\"image\":{\"@id\":\"https:\/\/www.zoom--in.it\/#\/schema\/logo\/image\/\"}},{\"@type\":\"WebSite\",\"@id\":\"https:\/\/www.zoom--in.it\/#website\",\"url\":\"https:\/\/www.zoom--in.it\/\",\"name\":\"ZoomIN Magazine\",\"description\":\"Magazine Online libero e senza pubblicit\u00e0, pieno di rubriche e curiosit\u00e0\",\"publisher\":{\"@id\":\"https:\/\/www.zoom--in.it\/#organization\"},\"potentialAction\":[{\"@type\":\"SearchAction\",\"target\":{\"@type\":\"EntryPoint\",\"urlTemplate\":\"https:\/\/www.zoom--in.it\/?s={search_term_string}\"},\"query-input\":\"required name=search_term_string\"}],\"inLanguage\":\"it-IT\"},{\"@type\":\"WebPage\",\"@id\":\"https:\/\/www.zoom--in.it\/index.php\/2018\/10\/21\/migrazione\/\",\"url\":\"https:\/\/www.zoom--in.it\/index.php\/2018\/10\/21\/migrazione\/\",\"name\":\"MIGRAZIONI: ORMAI UNA PRASSI - ZoomIN Magazine\",\"isPartOf\":{\"@id\":\"https:\/\/www.zoom--in.it\/#website\"},\"datePublished\":\"2018-10-21T13:55:16+00:00\",\"dateModified\":\"2019-03-29T15:41:26+00:00\",\"breadcrumb\":{\"@id\":\"https:\/\/www.zoom--in.it\/index.php\/2018\/10\/21\/migrazione\/#breadcrumb\"},\"inLanguage\":\"it-IT\",\"potentialAction\":[{\"@type\":\"ReadAction\",\"target\":[\"https:\/\/www.zoom--in.it\/index.php\/2018\/10\/21\/migrazione\/\"]}]},{\"@type\":\"BreadcrumbList\",\"@id\":\"https:\/\/www.zoom--in.it\/index.php\/2018\/10\/21\/migrazione\/#breadcrumb\",\"itemListElement\":[{\"@type\":\"ListItem\",\"position\":1,\"name\":\"Home\",\"item\":\"https:\/\/www.zoom--in.it\/\"},{\"@type\":\"ListItem\",\"position\":2,\"name\":\"MIGRAZIONI: ORMAI UNA PRASSI\"}]},{\"@type\":\"Article\",\"@id\":\"https:\/\/www.zoom--in.it\/index.php\/2018\/10\/21\/migrazione\/#article\",\"isPartOf\":{\"@id\":\"https:\/\/www.zoom--in.it\/index.php\/2018\/10\/21\/migrazione\/\"},\"author\":{\"name\":\"Claudio Nappi\",\"@id\":\"https:\/\/www.zoom--in.it\/#\/schema\/person\/f6a6dfb69b2547bd519261d4ade627ce\"},\"headline\":\"MIGRAZIONI: ORMAI UNA PRASSI\",\"datePublished\":\"2018-10-21T13:55:16+00:00\",\"dateModified\":\"2019-03-29T15:41:26+00:00\",\"mainEntityOfPage\":{\"@id\":\"https:\/\/www.zoom--in.it\/index.php\/2018\/10\/21\/migrazione\/\"},\"wordCount\":421,\"publisher\":{\"@id\":\"https:\/\/www.zoom--in.it\/#organization\"},\"articleSection\":[\"MIGRANTI OGGI\"],\"inLanguage\":\"it-IT\"},{\"@type\":\"Person\",\"@id\":\"https:\/\/www.zoom--in.it\/#\/schema\/person\/f6a6dfb69b2547bd519261d4ade627ce\",\"name\":\"Claudio Nappi\",\"url\":\"https:\/\/www.zoom--in.it\/index.php\/author\/claudio-nappi\/\"}]}<\/script>\n<!-- \/ Yoast SEO plugin. -->","yoast_head_json":{"title":"MIGRAZIONI: ORMAI UNA PRASSI - ZoomIN Magazine","robots":{"index":"index","follow":"follow","max-snippet":"max-snippet:-1","max-image-preview":"max-image-preview:large","max-video-preview":"max-video-preview:-1"},"canonical":"https:\/\/www.zoom--in.it\/index.php\/2018\/10\/21\/migrazione\/","og_locale":"it_IT","og_type":"article","og_title":"MIGRAZIONI: ORMAI UNA PRASSI - ZoomIN Magazine","og_description":"MIGRAZIONI: ORMAI UNA PRASSI CI VUOLE PAZIENZA, CORAGGIO E STOMACO PER LEGGERE QUELLO CHE SCRIVO\/RIPORTO","og_url":"https:\/\/www.zoom--in.it\/index.php\/2018\/10\/21\/migrazione\/","og_site_name":"ZoomIN Magazine","article_published_time":"2018-10-21T13:55:16+00:00","article_modified_time":"2019-03-29T15:41:26+00:00","og_image":[{"width":1276,"height":873,"url":"https:\/\/i0.wp.com\/www.zoom--in.it\/wp-content\/uploads\/2018\/10\/universit\u00e0-delle-migrazioni-saronno-il-sole-onlus-e1485772540456.jpg?fit=1276%2C873&ssl=1","type":"image\/jpeg"}],"author":"Claudio Nappi","twitter_card":"summary_large_image","twitter_misc":{"Scritto da":"Claudio Nappi","Tempo di lettura stimato":"2 minuti"},"schema":{"@context":"https:\/\/schema.org","@graph":[{"@type":"Organization","@id":"https:\/\/www.zoom--in.it\/#organization","name":"ZoomIN Magazine","url":"https:\/\/www.zoom--in.it\/","sameAs":[],"logo":{"@type":"ImageObject","inLanguage":"it-IT","@id":"https:\/\/www.zoom--in.it\/#\/schema\/logo\/image\/","url":"https:\/\/i0.wp.com\/www.zoom--in.it\/wp-content\/uploads\/2018\/11\/cropped-final.png?fit=568%2C237&ssl=1","contentUrl":"https:\/\/i0.wp.com\/www.zoom--in.it\/wp-content\/uploads\/2018\/11\/cropped-final.png?fit=568%2C237&ssl=1","width":568,"height":237,"caption":"ZoomIN Magazine"},"image":{"@id":"https:\/\/www.zoom--in.it\/#\/schema\/logo\/image\/"}},{"@type":"WebSite","@id":"https:\/\/www.zoom--in.it\/#website","url":"https:\/\/www.zoom--in.it\/","name":"ZoomIN Magazine","description":"Magazine Online libero e senza pubblicit\u00e0, pieno di rubriche e curiosit\u00e0","publisher":{"@id":"https:\/\/www.zoom--in.it\/#organization"},"potentialAction":[{"@type":"SearchAction","target":{"@type":"EntryPoint","urlTemplate":"https:\/\/www.zoom--in.it\/?s={search_term_string}"},"query-input":"required name=search_term_string"}],"inLanguage":"it-IT"},{"@type":"WebPage","@id":"https:\/\/www.zoom--in.it\/index.php\/2018\/10\/21\/migrazione\/","url":"https:\/\/www.zoom--in.it\/index.php\/2018\/10\/21\/migrazione\/","name":"MIGRAZIONI: ORMAI UNA PRASSI - ZoomIN Magazine","isPartOf":{"@id":"https:\/\/www.zoom--in.it\/#website"},"datePublished":"2018-10-21T13:55:16+00:00","dateModified":"2019-03-29T15:41:26+00:00","breadcrumb":{"@id":"https:\/\/www.zoom--in.it\/index.php\/2018\/10\/21\/migrazione\/#breadcrumb"},"inLanguage":"it-IT","potentialAction":[{"@type":"ReadAction","target":["https:\/\/www.zoom--in.it\/index.php\/2018\/10\/21\/migrazione\/"]}]},{"@type":"BreadcrumbList","@id":"https:\/\/www.zoom--in.it\/index.php\/2018\/10\/21\/migrazione\/#breadcrumb","itemListElement":[{"@type":"ListItem","position":1,"name":"Home","item":"https:\/\/www.zoom--in.it\/"},{"@type":"ListItem","position":2,"name":"MIGRAZIONI: ORMAI UNA PRASSI"}]},{"@type":"Article","@id":"https:\/\/www.zoom--in.it\/index.php\/2018\/10\/21\/migrazione\/#article","isPartOf":{"@id":"https:\/\/www.zoom--in.it\/index.php\/2018\/10\/21\/migrazione\/"},"author":{"name":"Claudio Nappi","@id":"https:\/\/www.zoom--in.it\/#\/schema\/person\/f6a6dfb69b2547bd519261d4ade627ce"},"headline":"MIGRAZIONI: ORMAI UNA PRASSI","datePublished":"2018-10-21T13:55:16+00:00","dateModified":"2019-03-29T15:41:26+00:00","mainEntityOfPage":{"@id":"https:\/\/www.zoom--in.it\/index.php\/2018\/10\/21\/migrazione\/"},"wordCount":421,"publisher":{"@id":"https:\/\/www.zoom--in.it\/#organization"},"articleSection":["MIGRANTI OGGI"],"inLanguage":"it-IT"},{"@type":"Person","@id":"https:\/\/www.zoom--in.it\/#\/schema\/person\/f6a6dfb69b2547bd519261d4ade627ce","name":"Claudio Nappi","url":"https:\/\/www.zoom--in.it\/index.php\/author\/claudio-nappi\/"}]}},"jetpack_featured_media_url":"https:\/\/i0.wp.com\/www.zoom--in.it\/wp-content\/uploads\/2018\/10\/universit\u00e0-delle-migrazioni-saronno-il-sole-onlus-e1485772540456.jpg?fit=1276%2C873&ssl=1","jetpack_sharing_enabled":true,"jetpack_shortlink":"https:\/\/wp.me\/p9Zlh8-1G","_links":{"self":[{"href":"https:\/\/www.zoom--in.it\/index.php\/wp-json\/wp\/v2\/posts\/104"}],"collection":[{"href":"https:\/\/www.zoom--in.it\/index.php\/wp-json\/wp\/v2\/posts"}],"about":[{"href":"https:\/\/www.zoom--in.it\/index.php\/wp-json\/wp\/v2\/types\/post"}],"author":[{"embeddable":true,"href":"https:\/\/www.zoom--in.it\/index.php\/wp-json\/wp\/v2\/users\/4"}],"replies":[{"embeddable":true,"href":"https:\/\/www.zoom--in.it\/index.php\/wp-json\/wp\/v2\/comments?post=104"}],"version-history":[{"count":10,"href":"https:\/\/www.zoom--in.it\/index.php\/wp-json\/wp\/v2\/posts\/104\/revisions"}],"predecessor-version":[{"id":2698,"href":"https:\/\/www.zoom--in.it\/index.php\/wp-json\/wp\/v2\/posts\/104\/revisions\/2698"}],"wp:featuredmedia":[{"embeddable":true,"href":"https:\/\/www.zoom--in.it\/index.php\/wp-json\/wp\/v2\/media\/105"}],"wp:attachment":[{"href":"https:\/\/www.zoom--in.it\/index.php\/wp-json\/wp\/v2\/media?parent=104"}],"wp:term":[{"taxonomy":"category","embeddable":true,"href":"https:\/\/www.zoom--in.it\/index.php\/wp-json\/wp\/v2\/categories?post=104"},{"taxonomy":"post_tag","embeddable":true,"href":"https:\/\/www.zoom--in.it\/index.php\/wp-json\/wp\/v2\/tags?post=104"}],"curies":[{"name":"wp","href":"https:\/\/api.w.org\/{rel}","templated":true}]}}