{"id":1202,"date":"2018-11-17T18:34:07","date_gmt":"2018-11-17T18:34:07","guid":{"rendered":"https:\/\/www.zoom--in.it\/?p=1202"},"modified":"2019-01-10T17:19:43","modified_gmt":"2019-01-10T17:19:43","slug":"tanti-fanciulli-allevati-per-essere-carne-da-camera-a-gas","status":"publish","type":"post","link":"https:\/\/www.zoom--in.it\/index.php\/2018\/11\/17\/tanti-fanciulli-allevati-per-essere-carne-da-camera-a-gas\/","title":{"rendered":"TANTI FANCIULLI ALLEVATI PER ESSERE CARNE DA CAMERA A GAS"},"content":{"rendered":"\t\t<div data-elementor-type=\"wp-post\" data-elementor-id=\"1202\" class=\"elementor elementor-1202 elementor-bc-flex-widget\">\n\t\t\t\t\t\t<div class=\"elementor-inner\">\n\t\t\t\t<div class=\"elementor-section-wrap\">\n\t\t\t\t\t\t\t\t\t<section class=\"elementor-section elementor-top-section elementor-element elementor-element-e798b0f elementor-section-boxed elementor-section-height-default elementor-section-height-default\" data-id=\"e798b0f\" data-element_type=\"section\">\n\t\t\t\t\t\t<div class=\"elementor-container elementor-column-gap-default\">\n\t\t\t\t\t\t\t<div class=\"elementor-row\">\n\t\t\t\t\t<div class=\"elementor-column elementor-col-100 elementor-top-column elementor-element elementor-element-c6a19a2\" data-id=\"c6a19a2\" data-element_type=\"column\">\n\t\t\t<div class=\"elementor-column-wrap elementor-element-populated\">\n\t\t\t\t\t\t\t<div class=\"elementor-widget-wrap\">\n\t\t\t\t\t\t<div class=\"elementor-element elementor-element-992f10e elementor-widget elementor-widget-image\" data-id=\"992f10e\" data-element_type=\"widget\" data-widget_type=\"image.default\">\n\t\t\t\t<div class=\"elementor-widget-container\">\n\t\t\t\t\t\t\t\t<div class=\"elementor-image\">\n\t\t\t\t\t\t\t\t\t\t\t\t<img width=\"1049\" height=\"132\" src=\"https:\/\/i0.wp.com\/www.zoom--in.it\/wp-content\/uploads\/2018\/11\/u2750-6.png?fit=1049%2C132&amp;ssl=1\" class=\"attachment-full size-full\" alt=\"\" loading=\"lazy\" data-attachment-id=\"1204\" data-permalink=\"https:\/\/www.zoom--in.it\/index.php\/2018\/11\/17\/tanti-fanciulli-allevati-per-essere-carne-da-camera-a-gas\/u2750-6\/\" data-orig-file=\"https:\/\/i0.wp.com\/www.zoom--in.it\/wp-content\/uploads\/2018\/11\/u2750-6.png?fit=1049%2C132&amp;ssl=1\" data-orig-size=\"1049,132\" data-comments-opened=\"0\" data-image-meta=\"{&quot;aperture&quot;:&quot;0&quot;,&quot;credit&quot;:&quot;&quot;,&quot;camera&quot;:&quot;&quot;,&quot;caption&quot;:&quot;&quot;,&quot;created_timestamp&quot;:&quot;0&quot;,&quot;copyright&quot;:&quot;&quot;,&quot;focal_length&quot;:&quot;0&quot;,&quot;iso&quot;:&quot;0&quot;,&quot;shutter_speed&quot;:&quot;0&quot;,&quot;title&quot;:&quot;&quot;,&quot;orientation&quot;:&quot;0&quot;}\" data-image-title=\"u2750-6\" data-image-description=\"\" data-image-caption=\"\" data-medium-file=\"https:\/\/i0.wp.com\/www.zoom--in.it\/wp-content\/uploads\/2018\/11\/u2750-6.png?fit=300%2C38&amp;ssl=1\" data-large-file=\"https:\/\/i0.wp.com\/www.zoom--in.it\/wp-content\/uploads\/2018\/11\/u2750-6.png?fit=640%2C81&amp;ssl=1\" \/>\t\t\t\t\t\t\t\t\t\t\t\t\t\t<\/div>\n\t\t\t\t\t\t<\/div>\n\t\t\t\t<\/div>\n\t\t\t\t\t\t<\/div>\n\t\t\t\t\t<\/div>\n\t\t<\/div>\n\t\t\t\t\t\t\t\t<\/div>\n\t\t\t\t\t<\/div>\n\t\t<\/section>\n\t\t\t\t<section class=\"elementor-section elementor-top-section elementor-element elementor-element-6d0f45c elementor-section-boxed elementor-section-height-default elementor-section-height-default\" data-id=\"6d0f45c\" data-element_type=\"section\">\n\t\t\t\t\t\t<div class=\"elementor-container elementor-column-gap-default\">\n\t\t\t\t\t\t\t<div class=\"elementor-row\">\n\t\t\t\t\t<div class=\"elementor-column elementor-col-100 elementor-top-column elementor-element elementor-element-0971706\" data-id=\"0971706\" data-element_type=\"column\">\n\t\t\t<div class=\"elementor-column-wrap elementor-element-populated\">\n\t\t\t\t\t\t\t<div class=\"elementor-widget-wrap\">\n\t\t\t\t\t\t<div class=\"elementor-element elementor-element-42a63ab elementor-widget elementor-widget-text-editor\" data-id=\"42a63ab\" data-element_type=\"widget\" data-widget_type=\"text-editor.default\">\n\t\t\t\t<div class=\"elementor-widget-container\">\n\t\t\t\t\t\t\t\t<div class=\"elementor-text-editor elementor-clearfix\">\n\t\t\t\t<p><span id=\"u2759\"><strong>Paula Cooper, afroamericana nata nel 1969<\/strong><\/span>, dopo un\u2019infanzia ed un\u2019adolescenza travagliate, fu condannata a morte per\u00a0<strong><span id=\"u2759-3\">omicidio di primo grado<\/span><\/strong>, quando aveva solo 15 anni. La pena venne poi commutata in reclusione, a seguito di una mobilitazione internazionale.<\/p><p>Il 14 maggio 1985, con altre tre ragazze, come lei tutte afroamericane e minorenni, accoltell\u00f2 a morte (a scopo di rapina) un&#8217;anziana insegnante di studi biblici, Ruth Pelke, di 78 anni, colpendola 33 volte. La Cooper fu l&#8217;unica ad essere condannata alla pena di morte. In virt\u00f9 della giovane et\u00e0 e del contesto razziale, ci fu una mobilitazione internazionale per salvarle la vita, a partire dal mondo cattolico italiano, per arrivare all\u2019associazione \u201cNessuno tocchi Caino\u201d, Amnesty International, il partito Radicale, i 3000 lettori de \u201cil XXI SECOLO\u201d rivista che coinvolse dodici sindaci della zona di Orvieto. Dopo pochi mesi da tutto ci\u00f2, nel 1988 la Corte Suprema proib\u00ec la pena capitale ai minori di 16 anni. La decisione fu ripresa dalla Corte suprema dell&#8217;Indiana, che commut\u00f2 la pena in ergastolo, poi in 60 anni di carcere. Il nipote della vittima, Bill, inizialmente favorevole alla pena di morte per l&#8217;assassina di sua nonna, cambi\u00f2 idea dopo una conversione religiosa, chiedendo la grazia e divenendo abolizionista. Dopo 26 anni di prigione, la Cooper fu scarcerata sulla parola il 17 giugno 2013.<\/p><p>In anni successivi al caso, ci sar\u00e0 l&#8217;abolizione della pena di morte ai minorenni, in quanto giudicata contraria all&#8217;VIII emendamento della Costituzione degli Stati Uniti d&#8217;America, che proibisce pene sproporzionate e crudeli.<\/p><p>Tristemente, dopo quasi due anni dalla restituita libert\u00e0, il 27 maggio 2015, Paula Cooper \u00e8 stata trovata morta all&#8217;et\u00e0 di 45 anni, a Indianapolis, per un possibile suicidio.<\/p>\t\t\t\t\t<\/div>\n\t\t\t\t\t\t<\/div>\n\t\t\t\t<\/div>\n\t\t\t\t\t\t<\/div>\n\t\t\t\t\t<\/div>\n\t\t<\/div>\n\t\t\t\t\t\t\t\t<\/div>\n\t\t\t\t\t<\/div>\n\t\t<\/section>\n\t\t\t\t<section class=\"elementor-section elementor-top-section elementor-element elementor-element-a1068fe elementor-section-boxed elementor-section-height-default elementor-section-height-default\" data-id=\"a1068fe\" data-element_type=\"section\">\n\t\t\t\t\t\t<div class=\"elementor-container elementor-column-gap-default\">\n\t\t\t\t\t\t\t<div class=\"elementor-row\">\n\t\t\t\t\t<div class=\"elementor-column elementor-col-50 elementor-top-column elementor-element elementor-element-b448c25\" data-id=\"b448c25\" data-element_type=\"column\">\n\t\t\t<div class=\"elementor-column-wrap elementor-element-populated\">\n\t\t\t\t\t\t\t<div class=\"elementor-widget-wrap\">\n\t\t\t\t\t\t<div class=\"elementor-element elementor-element-11e978d elementor-widget elementor-widget-image\" data-id=\"11e978d\" data-element_type=\"widget\" data-widget_type=\"image.default\">\n\t\t\t\t<div class=\"elementor-widget-container\">\n\t\t\t\t\t\t\t\t<div class=\"elementor-image\">\n\t\t\t\t\t\t\t\t\t\t\t\t<img width=\"450\" height=\"360\" src=\"https:\/\/i0.wp.com\/www.zoom--in.it\/wp-content\/uploads\/2018\/11\/adolescenti.jpg?fit=450%2C360&amp;ssl=1\" class=\"attachment-full size-full\" alt=\"\" loading=\"lazy\" data-attachment-id=\"1206\" data-permalink=\"https:\/\/www.zoom--in.it\/index.php\/2018\/11\/17\/tanti-fanciulli-allevati-per-essere-carne-da-camera-a-gas\/adolescenti\/\" data-orig-file=\"https:\/\/i0.wp.com\/www.zoom--in.it\/wp-content\/uploads\/2018\/11\/adolescenti.jpg?fit=450%2C360&amp;ssl=1\" data-orig-size=\"450,360\" data-comments-opened=\"0\" data-image-meta=\"{&quot;aperture&quot;:&quot;0&quot;,&quot;credit&quot;:&quot;&quot;,&quot;camera&quot;:&quot;&quot;,&quot;caption&quot;:&quot;&quot;,&quot;created_timestamp&quot;:&quot;0&quot;,&quot;copyright&quot;:&quot;&quot;,&quot;focal_length&quot;:&quot;0&quot;,&quot;iso&quot;:&quot;0&quot;,&quot;shutter_speed&quot;:&quot;0&quot;,&quot;title&quot;:&quot;&quot;,&quot;orientation&quot;:&quot;0&quot;}\" data-image-title=\"adolescenti\" data-image-description=\"\" data-image-caption=\"\" data-medium-file=\"https:\/\/i0.wp.com\/www.zoom--in.it\/wp-content\/uploads\/2018\/11\/adolescenti.jpg?fit=300%2C240&amp;ssl=1\" data-large-file=\"https:\/\/i0.wp.com\/www.zoom--in.it\/wp-content\/uploads\/2018\/11\/adolescenti.jpg?fit=450%2C360&amp;ssl=1\" \/>\t\t\t\t\t\t\t\t\t\t\t\t\t\t<\/div>\n\t\t\t\t\t\t<\/div>\n\t\t\t\t<\/div>\n\t\t\t\t\t\t<\/div>\n\t\t\t\t\t<\/div>\n\t\t<\/div>\n\t\t\t\t<div class=\"elementor-column elementor-col-50 elementor-top-column elementor-element elementor-element-e4cd94d\" data-id=\"e4cd94d\" data-element_type=\"column\">\n\t\t\t<div class=\"elementor-column-wrap elementor-element-populated\">\n\t\t\t\t\t\t\t<div class=\"elementor-widget-wrap\">\n\t\t\t\t\t\t<div class=\"elementor-element elementor-element-c2d7062 elementor-widget elementor-widget-text-editor\" data-id=\"c2d7062\" data-element_type=\"widget\" data-widget_type=\"text-editor.default\">\n\t\t\t\t<div class=\"elementor-widget-container\">\n\t\t\t\t\t\t\t\t<div class=\"elementor-text-editor elementor-clearfix\">\n\t\t\t\t<p>Un libro scritto da Furio Colombo, titola &#8221; Cosa far\u00f2 da grande &#8220;, riferendosi alla giovent\u00f9 Americana. Dalla penna dell\u2019Autore, cos\u00ec come da uno sguardo imparziale sulla Societ\u00e0 degli States, risulta possibile -probabile- non riuscire a diventare grande.<\/p><p>Senza voler citare tutti i casi della &#8220;Grande America\u201d, baster\u00e0 volgere attenzione alla vicenda di Paula Cooper, sedici anni, assassina\/prodotto del sociale; e condannata a morire. Condannata dalla stessa societ\u00e0, dalla stessa comunit\u00e0 che l\u2019ha generata e coltivata.\u00a0<\/p>\t\t\t\t\t<\/div>\n\t\t\t\t\t\t<\/div>\n\t\t\t\t<\/div>\n\t\t\t\t<div class=\"elementor-element elementor-element-f2fcbf1 elementor-widget elementor-widget-text-editor\" data-id=\"f2fcbf1\" data-element_type=\"widget\" data-widget_type=\"text-editor.default\">\n\t\t\t\t<div class=\"elementor-widget-container\">\n\t\t\t\t\t\t\t\t<div class=\"elementor-text-editor elementor-clearfix\">\n\t\t\t\t<p style=\"text-align: right;\"><strong>Alois Walden Grassani<\/strong><\/p>\t\t\t\t\t<\/div>\n\t\t\t\t\t\t<\/div>\n\t\t\t\t<\/div>\n\t\t\t\t\t\t<\/div>\n\t\t\t\t\t<\/div>\n\t\t<\/div>\n\t\t\t\t\t\t\t\t<\/div>\n\t\t\t\t\t<\/div>\n\t\t<\/section>\n\t\t\t\t<section class=\"elementor-section elementor-top-section elementor-element elementor-element-627ddf7 elementor-section-boxed elementor-section-height-default elementor-section-height-default\" data-id=\"627ddf7\" data-element_type=\"section\">\n\t\t\t\t\t\t<div class=\"elementor-container elementor-column-gap-default\">\n\t\t\t\t\t\t\t<div class=\"elementor-row\">\n\t\t\t\t\t<div class=\"elementor-column elementor-col-100 elementor-top-column elementor-element elementor-element-1816930\" data-id=\"1816930\" data-element_type=\"column\">\n\t\t\t<div class=\"elementor-column-wrap elementor-element-populated\">\n\t\t\t\t\t\t\t<div class=\"elementor-widget-wrap\">\n\t\t\t\t\t\t<div class=\"elementor-element elementor-element-b3e8fdf elementor-widget elementor-widget-text-editor\" data-id=\"b3e8fdf\" data-element_type=\"widget\" data-widget_type=\"text-editor.default\">\n\t\t\t\t<div class=\"elementor-widget-container\">\n\t\t\t\t\t\t\t\t<div class=\"elementor-text-editor elementor-clearfix\">\n\t\t\t\t<p>Quand&#8217;era fanciullina, veramente piccola, diciamo dai 6 mesi in su, Paula, oltre all&#8217;handicap d&#8217;essere nera nel <em>civile biancore americano<\/em>, ha subito cominciato a scontare le super tensioni di una famiglia votata allo sfacelo, di un padre violento, spesso ubriaco, che ha esercitato la patria potest\u00e0 in maniera -a dir poco- muscolare.<\/p><p>La piccola Paula \u00e8 stata detestata fin dalla nascita perch\u00e9 nata per errore. Ogni giorno i &#8220;paterni&#8221; colpi di cinghia le hanno lasciato i segni. Le corde di gomma venivano usate allo stesso scopo, il filo elettrico per legare la piccina nel momento delle varie sevizie; venivano date vere e proprie mazzate alla madre, deturpata e violentata davanti ai figli. L&#8217;inferno della famiglia Cooper significava veder scappare i figli e vederli riportare a casa dalla polizia: un ciclo infernale continuo. Paula fu ricoverata in un istituto per fanciulle maltrattate dai genitori (in America c&#8217;era gi\u00e0 anche questo!!!) Paula e la sorella tentarono pure il suicidio collettivo assieme alla madre. A scuola, Paula non voleva spogliarsi e cambiarsi in occasione delle lezioni di ginnastica: l&#8217;intenzione era quella di occultare le ferite, i segni, i lividi.\u00a0<span id=\"u2753-4\">&#8220;<em>Quando mio padre mi picchiava, nessuno mi era mai venuto in aiuto. Nessuno mi ha mai voluto bene. La legge non ha mai fatto nulla per noi: ci sbattevano giusto per un po&#8217; da un posto all&#8217;altro. Ma non provo odio per tutto questo. Io e Karen Korder<\/em> (la compagna di delitto, n.d.r.) <em>eravamo assai amiche. Ma lei in tribunale ha mentito per salvare la pelle, dicendo al giudice che io comandavo la banda. E poi non siamo andati per uccidere, anche se non so perch\u00e9 ho ucciso&#8230;. Sono davvero addolorata di quanto \u00e8 accaduto. E vorrei cancellarlo<\/em>&#8220;.\u00a0<\/span>Un cronista le ha chiesto cosa vorrebbe fare nella vita e lei ha risposto:\u00a0<span id=\"u2753-6\">&#8220;<em>Non ci penso neppure, perch\u00e9 temo che non avr\u00f2 davanti a me una vita. Eppure vorrei ancora vivere<\/em>&#8220;<\/span>.<\/p><p id=\"u2753-11\"><strong>&#8220;Quando guardiamo un &#8220;criminale&#8221;, ricordiamoci che era un fanciullo anche lui; e prima ancora era un neonato<\/strong>&#8220;<span id=\"u2753-10\">\u00a0Cos\u00ec in un&#8217;intervista, Alois Walden Grassani.\u00a0<\/span><strong>&#8220;Molti si appellano alla legge del Karma, e talora dietro essa nascondono la propria pigrizia, indolenza, impotenza. In realt\u00e0 ognuno deve prendersi le sue responsabilit\u00e0: Paula Cooper avr\u00e0 certo le sue, il suo Karma (il &#8220;carattere&#8221; accumulato in questa vita), ma la societ\u00e0 stessa \u00e8 generatrice di situazioni che non pu\u00f2 semplicemente cercare di schiacciare e cancellare. La societ\u00e0 stessa \u00e8 generatrice di situazioni che non pu\u00f2 semplicemente cercare di schiacciare o cancellare. La societ\u00e0 \u00e8 essa stessa madre di questi figli, e non pu\u00f2 limitarsi ad ucciderli,\u00a0 per di pi\u00f9 se minorenni.&#8221;<\/strong><\/p>\t\t\t\t\t<\/div>\n\t\t\t\t\t\t<\/div>\n\t\t\t\t<\/div>\n\t\t\t\t\t\t<\/div>\n\t\t\t\t\t<\/div>\n\t\t<\/div>\n\t\t\t\t\t\t\t\t<\/div>\n\t\t\t\t\t<\/div>\n\t\t<\/section>\n\t\t\t\t<section class=\"elementor-section elementor-top-section elementor-element elementor-element-424ae0b elementor-section-boxed elementor-section-height-default elementor-section-height-default\" data-id=\"424ae0b\" data-element_type=\"section\">\n\t\t\t\t\t\t<div class=\"elementor-container elementor-column-gap-default\">\n\t\t\t\t\t\t\t<div class=\"elementor-row\">\n\t\t\t\t\t<div class=\"elementor-column elementor-col-100 elementor-top-column elementor-element elementor-element-d89c5a8\" data-id=\"d89c5a8\" data-element_type=\"column\">\n\t\t\t<div class=\"elementor-column-wrap elementor-element-populated\">\n\t\t\t\t\t\t\t<div class=\"elementor-widget-wrap\">\n\t\t\t\t\t\t<div class=\"elementor-element elementor-element-feb5bdb elementor-widget elementor-widget-image\" data-id=\"feb5bdb\" data-element_type=\"widget\" data-widget_type=\"image.default\">\n\t\t\t\t<div class=\"elementor-widget-container\">\n\t\t\t\t\t\t\t\t<div class=\"elementor-image\">\n\t\t\t\t\t\t\t\t\t\t\t\t<img src=\"https:\/\/i0.wp.com\/www.zoom--in.it\/wp-content\/uploads\/2018\/11\/17306612_big-1-2.jpg?fit=400%2C300&amp;ssl=1\" title=\"17306612_big-1-2\" alt=\"17306612_big-1-2\" \/>\t\t\t\t\t\t\t\t\t\t\t\t\t\t<\/div>\n\t\t\t\t\t\t<\/div>\n\t\t\t\t<\/div>\n\t\t\t\t\t\t<\/div>\n\t\t\t\t\t<\/div>\n\t\t<\/div>\n\t\t\t\t\t\t\t\t<\/div>\n\t\t\t\t\t<\/div>\n\t\t<\/section>\n\t\t\t\t<section class=\"elementor-section elementor-top-section elementor-element elementor-element-985d361 elementor-section-boxed elementor-section-height-default elementor-section-height-default\" data-id=\"985d361\" data-element_type=\"section\">\n\t\t\t\t\t\t<div class=\"elementor-container elementor-column-gap-default\">\n\t\t\t\t\t\t\t<div class=\"elementor-row\">\n\t\t\t\t\t<div class=\"elementor-column elementor-col-100 elementor-top-column elementor-element elementor-element-3460d91\" data-id=\"3460d91\" data-element_type=\"column\">\n\t\t\t<div class=\"elementor-column-wrap elementor-element-populated\">\n\t\t\t\t\t\t\t<div class=\"elementor-widget-wrap\">\n\t\t\t\t\t\t<div class=\"elementor-element elementor-element-040fa84 elementor-widget elementor-widget-text-editor\" data-id=\"040fa84\" data-element_type=\"widget\" data-widget_type=\"text-editor.default\">\n\t\t\t\t<div class=\"elementor-widget-container\">\n\t\t\t\t\t\t\t\t<div class=\"elementor-text-editor elementor-clearfix\">\n\t\t\t\t<p id=\"u2756-4\"><span id=\"u2756\"><strong>1987<\/strong>: PENA DI MORTE ANCORA IN\u00a0<\/span><strong><span id=\"u2756-2\">166<\/span><\/strong><span id=\"u2756-3\">\u00a0STATI<\/span><\/p>\t\t\t\t\t<\/div>\n\t\t\t\t\t\t<\/div>\n\t\t\t\t<\/div>\n\t\t\t\t<div class=\"elementor-element elementor-element-167ccc4 elementor-widget elementor-widget-text-editor\" data-id=\"167ccc4\" data-element_type=\"widget\" data-widget_type=\"text-editor.default\">\n\t\t\t\t<div class=\"elementor-widget-container\">\n\t\t\t\t\t\t\t\t<div class=\"elementor-text-editor elementor-clearfix\">\n\t\t\t\t<p id=\"u2756-9\">Apparentemente, la condanna a morte \u00e8 legalmente considerata\u00a0<span id=\"u2756-8\">una<strong> palese violazione delle norme e dei trattati sui diritti umanitari: tuttavia ancora in ben 166 Stati del mondo vige la pena capitale.<\/strong><\/span><\/p><p id=\"u2756-12\">Primi fra tutti sono gli USA, dove\u00a0<strong><span id=\"u2756-11\">solo 9 dei 36 Stati dove \u00e8 estesa tale barbara esecuzione, proibiscono che venga comminata ai minori di 18 anni.<\/span><\/strong><\/p><p id=\"u2756-14\">Negli altri 27 Stati c&#8217;\u00e8 un pi\u00f9 basso limite per la condanna: nel Vermont la si estende perfino a fanciulli di 1o anni, nel Montana il limite \u00e8 12 anni, e 13 nel Mississipi. Tuttora ci sono 31 condannati fra i 15 e i 17 anni che attendono di essere giustiziati in 15 Stati. E&#8217; stata attuata la condanna, dal 1976, su 66 ragazzi, e complessivamente i condannati alla pena capitale, sono stati 1788. Uno degli altri stati dove \u00e8 prevista la condanna a morte \u00e8 La Citt\u00e0 del Vaticano, dove vige ancora il codice penale italiano dal tempo del Concordato. In Europa \u00e8 ancora in atto in Belgio, in Bulgaria, in Cecoslovacchia, in Yugoslavia, in Polonia, in Romania, nell&#8217;URSS, in Turchia (impiccagione), in Grecia (fucilazione).<\/p><p id=\"u2756-16\">In Africa tutti gli Stati, eccetto il Capo Verde, conservano la pena di morte; in Sudafrica, Somalia e Sudan \u00e8 eseguita con l&#8217;impiccagione, mentre con la fucilazione in Dahomey, Nigeria, Ghana, Gabon.<\/p><p id=\"u2756-18\">In Asia \u00e8 rimasta vigente l&#8217;impiccagione in Afghanistan, in Giappone, in India, in Pakistan; la decapitazione nello Yemen del Nord; la fucilazione in Vietnam, in Thailandia, in Cambogia, in Cina, nelle due Coree, in Indonesia, nell&#8217;Iran, in Israele, nel Laos; la sedia elettrica nelle Filippine e nel Taiwan.<\/p><p id=\"u2756-20\">Nel Centro e Sud America \u00e8 rimasta vigente l&#8217;impiccagione in Guyana ed in Giamaica; la fucilazione in Guatemala, a Cuba, ad Haiti, nel Paraguay, in Cile. In Oceania vige la pena capitale nelle isole di Tonga e di Samoa.<\/p><p id=\"u2756-24\"><strong><span id=\"u2756-21\">Altri 18 Stati<\/span><\/strong>, fra cui l&#8217;Italia, la mantengono solo in casi eccezionali, come quelli previsti dalle leggi militari. Dunque sono solo 28 gli Stati in cui la\u00a0<strong><span id=\"u2756-23\">legge ha cessato di uccidere.<\/span><\/strong><\/p><p id=\"u2756-27\" style=\"text-align: right;\"><strong><span id=\"u2756-26\">Donata Melaku Canu 1987<\/span><\/strong><\/p>\t\t\t\t\t<\/div>\n\t\t\t\t\t\t<\/div>\n\t\t\t\t<\/div>\n\t\t\t\t\t\t<\/div>\n\t\t\t\t\t<\/div>\n\t\t<\/div>\n\t\t\t\t\t\t\t\t<\/div>\n\t\t\t\t\t<\/div>\n\t\t<\/section>\n\t\t\t\t\t\t\t\t\t<\/div>\n\t\t\t<\/div>\n\t\t\t\t\t<\/div>\n\t\t","protected":false},"excerpt":{"rendered":"<p>Paula Cooper, afroamericana nata nel 1969, dopo un\u2019infanzia ed un\u2019adolescenza travagliate, fu condannata a morte<\/p>\n","protected":false},"author":7,"featured_media":1203,"comment_status":"closed","ping_status":"open","sticky":false,"template":"","format":"standard","meta":{"spay_email":""},"categories":[3],"tags":[35,27,31],"yoast_head":"<!-- This site is optimized with the Yoast SEO plugin v19.4 - https:\/\/yoast.com\/wordpress\/plugins\/seo\/ -->\n<title>TANTI FANCIULLI ALLEVATI PER ESSERE CARNE DA CAMERA A GAS - ZoomIN Magazine<\/title>\n<meta name=\"robots\" content=\"index, follow, max-snippet:-1, max-image-preview:large, max-video-preview:-1\" \/>\n<link rel=\"canonical\" href=\"https:\/\/www.zoom--in.it\/index.php\/2018\/11\/17\/tanti-fanciulli-allevati-per-essere-carne-da-camera-a-gas\/\" \/>\n<meta property=\"og:locale\" content=\"it_IT\" \/>\n<meta property=\"og:type\" content=\"article\" \/>\n<meta property=\"og:title\" content=\"TANTI FANCIULLI ALLEVATI PER ESSERE CARNE DA CAMERA A GAS - ZoomIN Magazine\" \/>\n<meta property=\"og:description\" content=\"Paula Cooper, afroamericana nata nel 1969, dopo un\u2019infanzia ed un\u2019adolescenza travagliate, fu condannata a morte\" \/>\n<meta property=\"og:url\" content=\"https:\/\/www.zoom--in.it\/index.php\/2018\/11\/17\/tanti-fanciulli-allevati-per-essere-carne-da-camera-a-gas\/\" \/>\n<meta property=\"og:site_name\" content=\"ZoomIN Magazine\" \/>\n<meta property=\"article:published_time\" content=\"2018-11-17T18:34:07+00:00\" \/>\n<meta property=\"article:modified_time\" content=\"2019-01-10T17:19:43+00:00\" \/>\n<meta property=\"og:image\" content=\"https:\/\/i0.wp.com\/www.zoom--in.it\/wp-content\/uploads\/2018\/11\/cut1432764525253jpg-.jpg?fit=680%2C380&ssl=1\" \/>\n\t<meta property=\"og:image:width\" content=\"680\" \/>\n\t<meta property=\"og:image:height\" content=\"380\" \/>\n\t<meta property=\"og:image:type\" content=\"image\/jpeg\" \/>\n<meta name=\"author\" content=\"Alois Walden Grassani\" \/>\n<meta name=\"twitter:card\" content=\"summary_large_image\" \/>\n<meta name=\"twitter:label1\" content=\"Scritto da\" \/>\n\t<meta name=\"twitter:data1\" content=\"Alois Walden Grassani\" \/>\n\t<meta name=\"twitter:label2\" content=\"Tempo di lettura stimato\" \/>\n\t<meta name=\"twitter:data2\" content=\"5 minuti\" \/>\n<script type=\"application\/ld+json\" class=\"yoast-schema-graph\">{\"@context\":\"https:\/\/schema.org\",\"@graph\":[{\"@type\":\"Organization\",\"@id\":\"https:\/\/www.zoom--in.it\/#organization\",\"name\":\"ZoomIN Magazine\",\"url\":\"https:\/\/www.zoom--in.it\/\",\"sameAs\":[],\"logo\":{\"@type\":\"ImageObject\",\"inLanguage\":\"it-IT\",\"@id\":\"https:\/\/www.zoom--in.it\/#\/schema\/logo\/image\/\",\"url\":\"https:\/\/i0.wp.com\/www.zoom--in.it\/wp-content\/uploads\/2018\/11\/cropped-final.png?fit=568%2C237&ssl=1\",\"contentUrl\":\"https:\/\/i0.wp.com\/www.zoom--in.it\/wp-content\/uploads\/2018\/11\/cropped-final.png?fit=568%2C237&ssl=1\",\"width\":568,\"height\":237,\"caption\":\"ZoomIN Magazine\"},\"image\":{\"@id\":\"https:\/\/www.zoom--in.it\/#\/schema\/logo\/image\/\"}},{\"@type\":\"WebSite\",\"@id\":\"https:\/\/www.zoom--in.it\/#website\",\"url\":\"https:\/\/www.zoom--in.it\/\",\"name\":\"ZoomIN Magazine\",\"description\":\"Magazine Online libero e senza pubblicit\u00e0, pieno di rubriche e curiosit\u00e0\",\"publisher\":{\"@id\":\"https:\/\/www.zoom--in.it\/#organization\"},\"potentialAction\":[{\"@type\":\"SearchAction\",\"target\":{\"@type\":\"EntryPoint\",\"urlTemplate\":\"https:\/\/www.zoom--in.it\/?s={search_term_string}\"},\"query-input\":\"required name=search_term_string\"}],\"inLanguage\":\"it-IT\"},{\"@type\":\"WebPage\",\"@id\":\"https:\/\/www.zoom--in.it\/index.php\/2018\/11\/17\/tanti-fanciulli-allevati-per-essere-carne-da-camera-a-gas\/\",\"url\":\"https:\/\/www.zoom--in.it\/index.php\/2018\/11\/17\/tanti-fanciulli-allevati-per-essere-carne-da-camera-a-gas\/\",\"name\":\"TANTI FANCIULLI ALLEVATI PER ESSERE CARNE DA CAMERA A GAS - ZoomIN Magazine\",\"isPartOf\":{\"@id\":\"https:\/\/www.zoom--in.it\/#website\"},\"datePublished\":\"2018-11-17T18:34:07+00:00\",\"dateModified\":\"2019-01-10T17:19:43+00:00\",\"breadcrumb\":{\"@id\":\"https:\/\/www.zoom--in.it\/index.php\/2018\/11\/17\/tanti-fanciulli-allevati-per-essere-carne-da-camera-a-gas\/#breadcrumb\"},\"inLanguage\":\"it-IT\",\"potentialAction\":[{\"@type\":\"ReadAction\",\"target\":[\"https:\/\/www.zoom--in.it\/index.php\/2018\/11\/17\/tanti-fanciulli-allevati-per-essere-carne-da-camera-a-gas\/\"]}]},{\"@type\":\"BreadcrumbList\",\"@id\":\"https:\/\/www.zoom--in.it\/index.php\/2018\/11\/17\/tanti-fanciulli-allevati-per-essere-carne-da-camera-a-gas\/#breadcrumb\",\"itemListElement\":[{\"@type\":\"ListItem\",\"position\":1,\"name\":\"Home\",\"item\":\"https:\/\/www.zoom--in.it\/\"},{\"@type\":\"ListItem\",\"position\":2,\"name\":\"TANTI FANCIULLI ALLEVATI PER ESSERE CARNE DA CAMERA A GAS\"}]},{\"@type\":\"Article\",\"@id\":\"https:\/\/www.zoom--in.it\/index.php\/2018\/11\/17\/tanti-fanciulli-allevati-per-essere-carne-da-camera-a-gas\/#article\",\"isPartOf\":{\"@id\":\"https:\/\/www.zoom--in.it\/index.php\/2018\/11\/17\/tanti-fanciulli-allevati-per-essere-carne-da-camera-a-gas\/\"},\"author\":{\"name\":\"Alois Walden Grassani\",\"@id\":\"https:\/\/www.zoom--in.it\/#\/schema\/person\/973e057cf4bcf1ebda47470a14798b39\"},\"headline\":\"TANTI FANCIULLI ALLEVATI PER ESSERE CARNE DA CAMERA A GAS\",\"datePublished\":\"2018-11-17T18:34:07+00:00\",\"dateModified\":\"2019-01-10T17:19:43+00:00\",\"mainEntityOfPage\":{\"@id\":\"https:\/\/www.zoom--in.it\/index.php\/2018\/11\/17\/tanti-fanciulli-allevati-per-essere-carne-da-camera-a-gas\/\"},\"wordCount\":1097,\"publisher\":{\"@id\":\"https:\/\/www.zoom--in.it\/#organization\"},\"keywords\":[\"condanna\",\"Il sorriso vincente\",\"SUDAN\"],\"articleSection\":[\"Mondo\"],\"inLanguage\":\"it-IT\"},{\"@type\":\"Person\",\"@id\":\"https:\/\/www.zoom--in.it\/#\/schema\/person\/973e057cf4bcf1ebda47470a14798b39\",\"name\":\"Alois Walden Grassani\",\"url\":\"https:\/\/www.zoom--in.it\/index.php\/author\/alois-walden-grassani\/\"}]}<\/script>\n<!-- \/ Yoast SEO plugin. -->","yoast_head_json":{"title":"TANTI FANCIULLI ALLEVATI PER ESSERE CARNE DA CAMERA A GAS - ZoomIN Magazine","robots":{"index":"index","follow":"follow","max-snippet":"max-snippet:-1","max-image-preview":"max-image-preview:large","max-video-preview":"max-video-preview:-1"},"canonical":"https:\/\/www.zoom--in.it\/index.php\/2018\/11\/17\/tanti-fanciulli-allevati-per-essere-carne-da-camera-a-gas\/","og_locale":"it_IT","og_type":"article","og_title":"TANTI FANCIULLI ALLEVATI PER ESSERE CARNE DA CAMERA A GAS - ZoomIN Magazine","og_description":"Paula Cooper, afroamericana nata nel 1969, dopo un\u2019infanzia ed un\u2019adolescenza travagliate, fu condannata a morte","og_url":"https:\/\/www.zoom--in.it\/index.php\/2018\/11\/17\/tanti-fanciulli-allevati-per-essere-carne-da-camera-a-gas\/","og_site_name":"ZoomIN Magazine","article_published_time":"2018-11-17T18:34:07+00:00","article_modified_time":"2019-01-10T17:19:43+00:00","og_image":[{"width":680,"height":380,"url":"https:\/\/i0.wp.com\/www.zoom--in.it\/wp-content\/uploads\/2018\/11\/cut1432764525253jpg-.jpg?fit=680%2C380&ssl=1","type":"image\/jpeg"}],"author":"Alois Walden Grassani","twitter_card":"summary_large_image","twitter_misc":{"Scritto da":"Alois Walden Grassani","Tempo di lettura stimato":"5 minuti"},"schema":{"@context":"https:\/\/schema.org","@graph":[{"@type":"Organization","@id":"https:\/\/www.zoom--in.it\/#organization","name":"ZoomIN Magazine","url":"https:\/\/www.zoom--in.it\/","sameAs":[],"logo":{"@type":"ImageObject","inLanguage":"it-IT","@id":"https:\/\/www.zoom--in.it\/#\/schema\/logo\/image\/","url":"https:\/\/i0.wp.com\/www.zoom--in.it\/wp-content\/uploads\/2018\/11\/cropped-final.png?fit=568%2C237&ssl=1","contentUrl":"https:\/\/i0.wp.com\/www.zoom--in.it\/wp-content\/uploads\/2018\/11\/cropped-final.png?fit=568%2C237&ssl=1","width":568,"height":237,"caption":"ZoomIN Magazine"},"image":{"@id":"https:\/\/www.zoom--in.it\/#\/schema\/logo\/image\/"}},{"@type":"WebSite","@id":"https:\/\/www.zoom--in.it\/#website","url":"https:\/\/www.zoom--in.it\/","name":"ZoomIN Magazine","description":"Magazine Online libero e senza pubblicit\u00e0, pieno di rubriche e curiosit\u00e0","publisher":{"@id":"https:\/\/www.zoom--in.it\/#organization"},"potentialAction":[{"@type":"SearchAction","target":{"@type":"EntryPoint","urlTemplate":"https:\/\/www.zoom--in.it\/?s={search_term_string}"},"query-input":"required name=search_term_string"}],"inLanguage":"it-IT"},{"@type":"WebPage","@id":"https:\/\/www.zoom--in.it\/index.php\/2018\/11\/17\/tanti-fanciulli-allevati-per-essere-carne-da-camera-a-gas\/","url":"https:\/\/www.zoom--in.it\/index.php\/2018\/11\/17\/tanti-fanciulli-allevati-per-essere-carne-da-camera-a-gas\/","name":"TANTI FANCIULLI ALLEVATI PER ESSERE CARNE DA CAMERA A GAS - ZoomIN Magazine","isPartOf":{"@id":"https:\/\/www.zoom--in.it\/#website"},"datePublished":"2018-11-17T18:34:07+00:00","dateModified":"2019-01-10T17:19:43+00:00","breadcrumb":{"@id":"https:\/\/www.zoom--in.it\/index.php\/2018\/11\/17\/tanti-fanciulli-allevati-per-essere-carne-da-camera-a-gas\/#breadcrumb"},"inLanguage":"it-IT","potentialAction":[{"@type":"ReadAction","target":["https:\/\/www.zoom--in.it\/index.php\/2018\/11\/17\/tanti-fanciulli-allevati-per-essere-carne-da-camera-a-gas\/"]}]},{"@type":"BreadcrumbList","@id":"https:\/\/www.zoom--in.it\/index.php\/2018\/11\/17\/tanti-fanciulli-allevati-per-essere-carne-da-camera-a-gas\/#breadcrumb","itemListElement":[{"@type":"ListItem","position":1,"name":"Home","item":"https:\/\/www.zoom--in.it\/"},{"@type":"ListItem","position":2,"name":"TANTI FANCIULLI ALLEVATI PER ESSERE CARNE DA CAMERA A GAS"}]},{"@type":"Article","@id":"https:\/\/www.zoom--in.it\/index.php\/2018\/11\/17\/tanti-fanciulli-allevati-per-essere-carne-da-camera-a-gas\/#article","isPartOf":{"@id":"https:\/\/www.zoom--in.it\/index.php\/2018\/11\/17\/tanti-fanciulli-allevati-per-essere-carne-da-camera-a-gas\/"},"author":{"name":"Alois Walden Grassani","@id":"https:\/\/www.zoom--in.it\/#\/schema\/person\/973e057cf4bcf1ebda47470a14798b39"},"headline":"TANTI FANCIULLI ALLEVATI PER ESSERE CARNE DA CAMERA A GAS","datePublished":"2018-11-17T18:34:07+00:00","dateModified":"2019-01-10T17:19:43+00:00","mainEntityOfPage":{"@id":"https:\/\/www.zoom--in.it\/index.php\/2018\/11\/17\/tanti-fanciulli-allevati-per-essere-carne-da-camera-a-gas\/"},"wordCount":1097,"publisher":{"@id":"https:\/\/www.zoom--in.it\/#organization"},"keywords":["condanna","Il sorriso vincente","SUDAN"],"articleSection":["Mondo"],"inLanguage":"it-IT"},{"@type":"Person","@id":"https:\/\/www.zoom--in.it\/#\/schema\/person\/973e057cf4bcf1ebda47470a14798b39","name":"Alois Walden Grassani","url":"https:\/\/www.zoom--in.it\/index.php\/author\/alois-walden-grassani\/"}]}},"jetpack_featured_media_url":"https:\/\/i0.wp.com\/www.zoom--in.it\/wp-content\/uploads\/2018\/11\/cut1432764525253jpg-.jpg?fit=680%2C380&ssl=1","jetpack_sharing_enabled":true,"jetpack_shortlink":"https:\/\/wp.me\/p9Zlh8-jo","_links":{"self":[{"href":"https:\/\/www.zoom--in.it\/index.php\/wp-json\/wp\/v2\/posts\/1202"}],"collection":[{"href":"https:\/\/www.zoom--in.it\/index.php\/wp-json\/wp\/v2\/posts"}],"about":[{"href":"https:\/\/www.zoom--in.it\/index.php\/wp-json\/wp\/v2\/types\/post"}],"author":[{"embeddable":true,"href":"https:\/\/www.zoom--in.it\/index.php\/wp-json\/wp\/v2\/users\/7"}],"replies":[{"embeddable":true,"href":"https:\/\/www.zoom--in.it\/index.php\/wp-json\/wp\/v2\/comments?post=1202"}],"version-history":[{"count":10,"href":"https:\/\/www.zoom--in.it\/index.php\/wp-json\/wp\/v2\/posts\/1202\/revisions"}],"predecessor-version":[{"id":3886,"href":"https:\/\/www.zoom--in.it\/index.php\/wp-json\/wp\/v2\/posts\/1202\/revisions\/3886"}],"wp:featuredmedia":[{"embeddable":true,"href":"https:\/\/www.zoom--in.it\/index.php\/wp-json\/wp\/v2\/media\/1203"}],"wp:attachment":[{"href":"https:\/\/www.zoom--in.it\/index.php\/wp-json\/wp\/v2\/media?parent=1202"}],"wp:term":[{"taxonomy":"category","embeddable":true,"href":"https:\/\/www.zoom--in.it\/index.php\/wp-json\/wp\/v2\/categories?post=1202"},{"taxonomy":"post_tag","embeddable":true,"href":"https:\/\/www.zoom--in.it\/index.php\/wp-json\/wp\/v2\/tags?post=1202"}],"curies":[{"name":"wp","href":"https:\/\/api.w.org\/{rel}","templated":true}]}}