{"id":1401,"date":"2018-11-19T15:41:43","date_gmt":"2018-11-19T15:41:43","guid":{"rendered":"https:\/\/www.zoom--in.it\/?p=1401"},"modified":"2019-03-29T15:43:16","modified_gmt":"2019-03-29T15:43:16","slug":"ma-stiamo-impazzendo-sulle-immigrazioni","status":"publish","type":"post","link":"https:\/\/www.zoom--in.it\/index.php\/2018\/11\/19\/ma-stiamo-impazzendo-sulle-immigrazioni\/","title":{"rendered":"MA STIAMO IMPAZZENDO SULLE IMMIGRAZIONI?"},"content":{"rendered":"\t\t<div data-elementor-type=\"wp-post\" data-elementor-id=\"1401\" class=\"elementor elementor-1401 elementor-bc-flex-widget\">\n\t\t\t\t\t\t<div class=\"elementor-inner\">\n\t\t\t\t<div class=\"elementor-section-wrap\">\n\t\t\t\t\t\t\t\t\t<section class=\"elementor-section elementor-top-section elementor-element elementor-element-1b75e1a elementor-section-boxed elementor-section-height-default elementor-section-height-default\" data-id=\"1b75e1a\" data-element_type=\"section\">\n\t\t\t\t\t\t<div class=\"elementor-container elementor-column-gap-default\">\n\t\t\t\t\t\t\t<div class=\"elementor-row\">\n\t\t\t\t\t<div class=\"elementor-column elementor-col-100 elementor-top-column elementor-element elementor-element-3f9b504\" data-id=\"3f9b504\" data-element_type=\"column\">\n\t\t\t<div class=\"elementor-column-wrap elementor-element-populated\">\n\t\t\t\t\t\t\t<div class=\"elementor-widget-wrap\">\n\t\t\t\t\t\t<div class=\"elementor-element elementor-element-c15363c elementor-widget elementor-widget-heading\" data-id=\"c15363c\" data-element_type=\"widget\" data-widget_type=\"heading.default\">\n\t\t\t\t<div class=\"elementor-widget-container\">\n\t\t\t<h2 class=\"elementor-heading-title elementor-size-default\">MA STIAMO IMPAZZENDO SULLE IMMIGRAZIONI ?<\/h2>\t\t<\/div>\n\t\t\t\t<\/div>\n\t\t\t\t\t\t<\/div>\n\t\t\t\t\t<\/div>\n\t\t<\/div>\n\t\t\t\t\t\t\t\t<\/div>\n\t\t\t\t\t<\/div>\n\t\t<\/section>\n\t\t\t\t<section class=\"elementor-section elementor-top-section elementor-element elementor-element-bc46bce elementor-section-boxed elementor-section-height-default elementor-section-height-default\" data-id=\"bc46bce\" data-element_type=\"section\">\n\t\t\t\t\t\t<div class=\"elementor-container elementor-column-gap-default\">\n\t\t\t\t\t\t\t<div class=\"elementor-row\">\n\t\t\t\t\t<div class=\"elementor-column elementor-col-100 elementor-top-column elementor-element elementor-element-5085b10\" data-id=\"5085b10\" data-element_type=\"column\">\n\t\t\t<div class=\"elementor-column-wrap elementor-element-populated\">\n\t\t\t\t\t\t\t<div class=\"elementor-widget-wrap\">\n\t\t\t\t\t\t<div class=\"elementor-element elementor-element-1489b8f elementor-widget elementor-widget-text-editor\" data-id=\"1489b8f\" data-element_type=\"widget\" data-widget_type=\"text-editor.default\">\n\t\t\t\t<div class=\"elementor-widget-container\">\n\t\t\t\t\t\t\t\t<div class=\"elementor-text-editor elementor-clearfix\">\n\t\t\t\t<p>Intanto:<\/p><p>1- non arrivano uccelli di passo (pur sempre rispettabili &#8211; n.d.R), ma persone;<\/p><p>2- sono persone quasi sempre disperate e comunque in condizione di fragilit\u00e0, cui si deve il rispetto che chiediamo per noi;<\/p><p>3- arrivano da mentalit\u00e0 profondamente diverse dalle nostre e, Santo Dio, ci siamo adattati ai democristiani e al pd, quindi possiamo ben adattarci un poco anche ai migranti!<\/p><p>4- Mettiamo nel conto anche la possibilit\u00e0 di imparare qualcosina dai migranti, che ignoranti come siamo noi di loro, male alla salute non ci pu\u00f2 fare;<\/p><p>5- se vengono qui sui barconi e spendono tutto quel che hanno, inclusa la loro vita, \u00e8 perch\u00e9 &#8220;a casa loro&#8221; si sta peggio, molto peggio;<\/p><p>6- in Africa, per esempio, si sta peggio perch\u00e9 tutti i Paesi ex-colonialisti sono rimasti colonialisti, Italia compresa, e continuano a fregare a un intero continente tutte le risorse naturali, che consentono a noi di seguitare a vivere al di sopra dei nostri mezzi;<\/p><p>7- non abbiamo numeri precisi circa le persone che riescono ad arrivare almeno ai barconi, ma il Sahara non si attraversa in autostrada e, con tutta probabilit\u00e0, quelli che muoiono prima di arrivare al Mare Nostrum (che da mo&#8217; \u00e8 diventato anche di altri) sono migliaia;<\/p>\t\t\t\t\t<\/div>\n\t\t\t\t\t\t<\/div>\n\t\t\t\t<\/div>\n\t\t\t\t\t\t<\/div>\n\t\t\t\t\t<\/div>\n\t\t<\/div>\n\t\t\t\t\t\t\t\t<\/div>\n\t\t\t\t\t<\/div>\n\t\t<\/section>\n\t\t\t\t<section class=\"elementor-section elementor-top-section elementor-element elementor-element-7972bef elementor-section-boxed elementor-section-height-default elementor-section-height-default\" data-id=\"7972bef\" data-element_type=\"section\">\n\t\t\t\t\t\t<div class=\"elementor-container elementor-column-gap-default\">\n\t\t\t\t\t\t\t<div class=\"elementor-row\">\n\t\t\t\t\t<div class=\"elementor-column elementor-col-50 elementor-top-column elementor-element elementor-element-53014c6\" data-id=\"53014c6\" data-element_type=\"column\">\n\t\t\t<div class=\"elementor-column-wrap elementor-element-populated\">\n\t\t\t\t\t\t\t<div class=\"elementor-widget-wrap\">\n\t\t\t\t\t\t<div class=\"elementor-element elementor-element-d4f64ab elementor-widget elementor-widget-image\" data-id=\"d4f64ab\" data-element_type=\"widget\" data-widget_type=\"image.default\">\n\t\t\t\t<div class=\"elementor-widget-container\">\n\t\t\t\t\t\t\t\t<div class=\"elementor-image\">\n\t\t\t\t\t\t\t\t\t\t\t\t<img width=\"483\" height=\"300\" src=\"https:\/\/i0.wp.com\/www.zoom--in.it\/wp-content\/uploads\/2018\/11\/5-1.jpg?fit=483%2C300&amp;ssl=1\" class=\"attachment-full size-full\" alt=\"\" loading=\"lazy\" data-attachment-id=\"1403\" data-permalink=\"https:\/\/www.zoom--in.it\/index.php\/2018\/11\/19\/ma-stiamo-impazzendo-sulle-immigrazioni\/5-1\/\" data-orig-file=\"https:\/\/i0.wp.com\/www.zoom--in.it\/wp-content\/uploads\/2018\/11\/5-1.jpg?fit=483%2C300&amp;ssl=1\" data-orig-size=\"483,300\" data-comments-opened=\"0\" data-image-meta=\"{&quot;aperture&quot;:&quot;0&quot;,&quot;credit&quot;:&quot;&quot;,&quot;camera&quot;:&quot;&quot;,&quot;caption&quot;:&quot;&quot;,&quot;created_timestamp&quot;:&quot;0&quot;,&quot;copyright&quot;:&quot;&quot;,&quot;focal_length&quot;:&quot;0&quot;,&quot;iso&quot;:&quot;0&quot;,&quot;shutter_speed&quot;:&quot;0&quot;,&quot;title&quot;:&quot;&quot;,&quot;orientation&quot;:&quot;0&quot;}\" data-image-title=\"5-1\" data-image-description=\"\" data-image-caption=\"\" data-medium-file=\"https:\/\/i0.wp.com\/www.zoom--in.it\/wp-content\/uploads\/2018\/11\/5-1.jpg?fit=300%2C186&amp;ssl=1\" data-large-file=\"https:\/\/i0.wp.com\/www.zoom--in.it\/wp-content\/uploads\/2018\/11\/5-1.jpg?fit=483%2C300&amp;ssl=1\" \/>\t\t\t\t\t\t\t\t\t\t\t\t\t\t<\/div>\n\t\t\t\t\t\t<\/div>\n\t\t\t\t<\/div>\n\t\t\t\t\t\t<\/div>\n\t\t\t\t\t<\/div>\n\t\t<\/div>\n\t\t\t\t<div class=\"elementor-column elementor-col-50 elementor-top-column elementor-element elementor-element-447decb\" data-id=\"447decb\" data-element_type=\"column\">\n\t\t\t<div class=\"elementor-column-wrap elementor-element-populated\">\n\t\t\t\t\t\t\t<div class=\"elementor-widget-wrap\">\n\t\t\t\t\t\t<div class=\"elementor-element elementor-element-edd0350 elementor-widget elementor-widget-image\" data-id=\"edd0350\" data-element_type=\"widget\" data-widget_type=\"image.default\">\n\t\t\t\t<div class=\"elementor-widget-container\">\n\t\t\t\t\t\t\t\t<div class=\"elementor-image\">\n\t\t\t\t\t\t\t\t\t\t\t\t<img width=\"561\" height=\"351\" src=\"https:\/\/i0.wp.com\/www.zoom--in.it\/wp-content\/uploads\/2018\/11\/insieme3.jpg?fit=561%2C351&amp;ssl=1\" class=\"attachment-large size-large\" alt=\"\" loading=\"lazy\" data-attachment-id=\"1404\" data-permalink=\"https:\/\/www.zoom--in.it\/index.php\/2018\/11\/19\/ma-stiamo-impazzendo-sulle-immigrazioni\/insieme3\/\" data-orig-file=\"https:\/\/i0.wp.com\/www.zoom--in.it\/wp-content\/uploads\/2018\/11\/insieme3.jpg?fit=561%2C351&amp;ssl=1\" data-orig-size=\"561,351\" data-comments-opened=\"0\" data-image-meta=\"{&quot;aperture&quot;:&quot;0&quot;,&quot;credit&quot;:&quot;&quot;,&quot;camera&quot;:&quot;&quot;,&quot;caption&quot;:&quot;&quot;,&quot;created_timestamp&quot;:&quot;0&quot;,&quot;copyright&quot;:&quot;&quot;,&quot;focal_length&quot;:&quot;0&quot;,&quot;iso&quot;:&quot;0&quot;,&quot;shutter_speed&quot;:&quot;0&quot;,&quot;title&quot;:&quot;&quot;,&quot;orientation&quot;:&quot;0&quot;}\" data-image-title=\"insieme3\" data-image-description=\"\" data-image-caption=\"\" data-medium-file=\"https:\/\/i0.wp.com\/www.zoom--in.it\/wp-content\/uploads\/2018\/11\/insieme3.jpg?fit=300%2C188&amp;ssl=1\" data-large-file=\"https:\/\/i0.wp.com\/www.zoom--in.it\/wp-content\/uploads\/2018\/11\/insieme3.jpg?fit=561%2C351&amp;ssl=1\" \/>\t\t\t\t\t\t\t\t\t\t\t\t\t\t<\/div>\n\t\t\t\t\t\t<\/div>\n\t\t\t\t<\/div>\n\t\t\t\t\t\t<\/div>\n\t\t\t\t\t<\/div>\n\t\t<\/div>\n\t\t\t\t\t\t\t\t<\/div>\n\t\t\t\t\t<\/div>\n\t\t<\/section>\n\t\t\t\t<section class=\"elementor-section elementor-top-section elementor-element elementor-element-8b6ae18 elementor-section-boxed elementor-section-height-default elementor-section-height-default\" data-id=\"8b6ae18\" data-element_type=\"section\">\n\t\t\t\t\t\t<div class=\"elementor-container elementor-column-gap-default\">\n\t\t\t\t\t\t\t<div class=\"elementor-row\">\n\t\t\t\t\t<div class=\"elementor-column elementor-col-100 elementor-top-column elementor-element elementor-element-f89835a\" data-id=\"f89835a\" data-element_type=\"column\">\n\t\t\t<div class=\"elementor-column-wrap elementor-element-populated\">\n\t\t\t\t\t\t\t<div class=\"elementor-widget-wrap\">\n\t\t\t\t\t\t<div class=\"elementor-element elementor-element-7ecdc5e elementor-widget elementor-widget-text-editor\" data-id=\"7ecdc5e\" data-element_type=\"widget\" data-widget_type=\"text-editor.default\">\n\t\t\t\t<div class=\"elementor-widget-container\">\n\t\t\t\t\t\t\t\t<div class=\"elementor-text-editor elementor-clearfix\">\n\t\t\t\t<p>8- la distinzione tra profughi e migranti economici \u00e8 una cazzata solenne, perch\u00e9 chi arriva fin qui, rischiando, appunto, la vita, sta comunque cercando di mettersi in salvo;<\/p><p>9- la maggior parte di quelle e quelli che arrivano non vogliono restare e forse hanno ragione a preferire altri Paesi europei;<\/p><p>10- tuttavia nessun Paese europeo si \u00e8 fatto bene i conti, per vedere quanti ne pu\u00f2 accogliere, garantendo case e lavoro;<\/p><p>11- in Italia ne abbiamo circa 6 milioni, tra &#8220;regolari&#8221; e non, la qual cosa significa che non superano il 10% della popolazione italiana;<\/p><p>12- certamente nei Paesi europei non ci sono le condizioni per accogliere ancora altre persone che migrano, quindi bisogna inventarsi un modo che le convinca a restare dove sono, dal momento che qui vengono a morire;<\/p><p>13- dunque servono, per esempio, campagne informative molto intense nei Paesi di provenienza, dove invece qualcuno seguita a dire che l&#8217;Europa \u00e8 la terra promessa;<\/p><p>14- il &#8220;qualcuno&#8221; che va raccontando quelle balle l\u00ec \u00e8 chi ha bisogno di distruggere definitivamente i salari, per poter disporre di una immensa riserva di schiavi e gi\u00e0 basterebbe questo per solidarizzare coi migranti;<\/p><p>15- anche il ruolo di certe ONG, che arrivano proprio sotto la costa della Libia, va chiarito molto bene;<\/p>\t\t\t\t\t<\/div>\n\t\t\t\t\t\t<\/div>\n\t\t\t\t<\/div>\n\t\t\t\t\t\t<\/div>\n\t\t\t\t\t<\/div>\n\t\t<\/div>\n\t\t\t\t\t\t\t\t<\/div>\n\t\t\t\t\t<\/div>\n\t\t<\/section>\n\t\t\t\t<section class=\"elementor-section elementor-top-section elementor-element elementor-element-1b9a22b elementor-section-boxed elementor-section-height-default elementor-section-height-default\" data-id=\"1b9a22b\" data-element_type=\"section\">\n\t\t\t\t\t\t<div class=\"elementor-container elementor-column-gap-default\">\n\t\t\t\t\t\t\t<div class=\"elementor-row\">\n\t\t\t\t\t<div class=\"elementor-column elementor-col-100 elementor-top-column elementor-element elementor-element-d683c40\" data-id=\"d683c40\" data-element_type=\"column\">\n\t\t\t<div class=\"elementor-column-wrap elementor-element-populated\">\n\t\t\t\t\t\t\t<div class=\"elementor-widget-wrap\">\n\t\t\t\t\t\t<div class=\"elementor-element elementor-element-206b20d elementor-widget elementor-widget-image\" data-id=\"206b20d\" data-element_type=\"widget\" data-widget_type=\"image.default\">\n\t\t\t\t<div class=\"elementor-widget-container\">\n\t\t\t\t\t\t\t\t<div class=\"elementor-image\">\n\t\t\t\t\t\t\t\t\t\t\t\t<img width=\"996\" height=\"472\" src=\"https:\/\/i0.wp.com\/www.zoom--in.it\/wp-content\/uploads\/2018\/11\/paesi-sicuri.jpg?fit=996%2C472&amp;ssl=1\" class=\"attachment-full size-full\" alt=\"\" loading=\"lazy\" data-attachment-id=\"1405\" data-permalink=\"https:\/\/www.zoom--in.it\/index.php\/2018\/11\/19\/ma-stiamo-impazzendo-sulle-immigrazioni\/paesi-sicuri\/\" data-orig-file=\"https:\/\/i0.wp.com\/www.zoom--in.it\/wp-content\/uploads\/2018\/11\/paesi-sicuri.jpg?fit=996%2C472&amp;ssl=1\" data-orig-size=\"996,472\" data-comments-opened=\"0\" data-image-meta=\"{&quot;aperture&quot;:&quot;0&quot;,&quot;credit&quot;:&quot;&quot;,&quot;camera&quot;:&quot;&quot;,&quot;caption&quot;:&quot;&quot;,&quot;created_timestamp&quot;:&quot;0&quot;,&quot;copyright&quot;:&quot;&quot;,&quot;focal_length&quot;:&quot;0&quot;,&quot;iso&quot;:&quot;0&quot;,&quot;shutter_speed&quot;:&quot;0&quot;,&quot;title&quot;:&quot;&quot;,&quot;orientation&quot;:&quot;0&quot;}\" data-image-title=\"paesi-sicuri\" data-image-description=\"\" data-image-caption=\"\" data-medium-file=\"https:\/\/i0.wp.com\/www.zoom--in.it\/wp-content\/uploads\/2018\/11\/paesi-sicuri.jpg?fit=300%2C142&amp;ssl=1\" data-large-file=\"https:\/\/i0.wp.com\/www.zoom--in.it\/wp-content\/uploads\/2018\/11\/paesi-sicuri.jpg?fit=640%2C303&amp;ssl=1\" \/>\t\t\t\t\t\t\t\t\t\t\t\t\t\t<\/div>\n\t\t\t\t\t\t<\/div>\n\t\t\t\t<\/div>\n\t\t\t\t\t\t<\/div>\n\t\t\t\t\t<\/div>\n\t\t<\/div>\n\t\t\t\t\t\t\t\t<\/div>\n\t\t\t\t\t<\/div>\n\t\t<\/section>\n\t\t\t\t<section class=\"elementor-section elementor-top-section elementor-element elementor-element-8fb3c33 elementor-section-boxed elementor-section-height-default elementor-section-height-default\" data-id=\"8fb3c33\" data-element_type=\"section\">\n\t\t\t\t\t\t<div class=\"elementor-container elementor-column-gap-default\">\n\t\t\t\t\t\t\t<div class=\"elementor-row\">\n\t\t\t\t\t<div class=\"elementor-column elementor-col-100 elementor-top-column elementor-element elementor-element-f63b5bb\" data-id=\"f63b5bb\" data-element_type=\"column\">\n\t\t\t<div class=\"elementor-column-wrap elementor-element-populated\">\n\t\t\t\t\t\t\t<div class=\"elementor-widget-wrap\">\n\t\t\t\t\t\t<div class=\"elementor-element elementor-element-29bbe88 elementor-widget elementor-widget-text-editor\" data-id=\"29bbe88\" data-element_type=\"widget\" data-widget_type=\"text-editor.default\">\n\t\t\t\t<div class=\"elementor-widget-container\">\n\t\t\t\t\t\t\t\t<div class=\"elementor-text-editor elementor-clearfix\">\n\t\t\t\t<p>16- bisogna piantarla di sfruttare l&#8217;Africa e bisogna cominciare a restituire il maltolto, portandolo fino l\u00e0, magari anche aggiungendo al maltolto qualche idea per sostenere i potenziali migranti, come cooperative o come un sistema di associazionismo, in grado di dare una svolta concreta alle loro vite, perch\u00e9 i migranti la voglia di lavorare ce l&#8217;hanno, visto che, se un lavoro glielo dai, qui da noi lo fanno e lo fanno bene;<\/p><p>17- \u00e8 verissimo che i migranti che lavorano qui pagano, in parte, le pensioni agli italiani, perch\u00e9 quelli che non diventano braccianti e che riescono ad avere un contratto, versano contributi, che non riavranno mai in forma pensionistica, perch\u00e9 in Europa siamo furbi e non ci basta andare a depredare un continente: i migranti ce li sfruttiamo anche qui.<\/p><p>(Ci sarebbero ancora altre cose da dire, ma\u00a0 mi fermo qua&#8230;)<\/p>\t\t\t\t\t<\/div>\n\t\t\t\t\t\t<\/div>\n\t\t\t\t<\/div>\n\t\t\t\t\t\t<\/div>\n\t\t\t\t\t<\/div>\n\t\t<\/div>\n\t\t\t\t\t\t\t\t<\/div>\n\t\t\t\t\t<\/div>\n\t\t<\/section>\n\t\t\t\t<section class=\"elementor-section elementor-top-section elementor-element elementor-element-0c1f41d elementor-section-boxed elementor-section-height-default elementor-section-height-default\" data-id=\"0c1f41d\" data-element_type=\"section\">\n\t\t\t\t\t\t<div class=\"elementor-container elementor-column-gap-default\">\n\t\t\t\t\t\t\t<div class=\"elementor-row\">\n\t\t\t\t\t<div class=\"elementor-column elementor-col-50 elementor-top-column elementor-element elementor-element-eeae7f2\" data-id=\"eeae7f2\" data-element_type=\"column\">\n\t\t\t<div class=\"elementor-column-wrap elementor-element-populated\">\n\t\t\t\t\t\t\t<div class=\"elementor-widget-wrap\">\n\t\t\t\t\t\t<div class=\"elementor-element elementor-element-894051d elementor-widget elementor-widget-image\" data-id=\"894051d\" data-element_type=\"widget\" data-widget_type=\"image.default\">\n\t\t\t\t<div class=\"elementor-widget-container\">\n\t\t\t\t\t\t\t\t<div class=\"elementor-image\">\n\t\t\t\t\t\t\t\t\t\t\t\t<img width=\"567\" height=\"379\" src=\"https:\/\/i0.wp.com\/www.zoom--in.it\/wp-content\/uploads\/2018\/11\/2-lago-ciad-e-le-zone-di-conflitto2.jpg?fit=567%2C379&amp;ssl=1\" class=\"attachment-large size-large\" alt=\"\" loading=\"lazy\" data-attachment-id=\"1407\" data-permalink=\"https:\/\/www.zoom--in.it\/index.php\/2018\/11\/19\/ma-stiamo-impazzendo-sulle-immigrazioni\/2-lago-ciad-e-le-zone-di-conflitto2\/\" data-orig-file=\"https:\/\/i0.wp.com\/www.zoom--in.it\/wp-content\/uploads\/2018\/11\/2-lago-ciad-e-le-zone-di-conflitto2.jpg?fit=567%2C379&amp;ssl=1\" data-orig-size=\"567,379\" data-comments-opened=\"0\" data-image-meta=\"{&quot;aperture&quot;:&quot;0&quot;,&quot;credit&quot;:&quot;&quot;,&quot;camera&quot;:&quot;&quot;,&quot;caption&quot;:&quot;&quot;,&quot;created_timestamp&quot;:&quot;0&quot;,&quot;copyright&quot;:&quot;&quot;,&quot;focal_length&quot;:&quot;0&quot;,&quot;iso&quot;:&quot;0&quot;,&quot;shutter_speed&quot;:&quot;0&quot;,&quot;title&quot;:&quot;&quot;,&quot;orientation&quot;:&quot;0&quot;}\" data-image-title=\"2-lago-ciad-e-le-zone-di-conflitto2\" data-image-description=\"\" data-image-caption=\"\" data-medium-file=\"https:\/\/i0.wp.com\/www.zoom--in.it\/wp-content\/uploads\/2018\/11\/2-lago-ciad-e-le-zone-di-conflitto2.jpg?fit=300%2C201&amp;ssl=1\" data-large-file=\"https:\/\/i0.wp.com\/www.zoom--in.it\/wp-content\/uploads\/2018\/11\/2-lago-ciad-e-le-zone-di-conflitto2.jpg?fit=567%2C379&amp;ssl=1\" \/>\t\t\t\t\t\t\t\t\t\t\t\t\t\t<\/div>\n\t\t\t\t\t\t<\/div>\n\t\t\t\t<\/div>\n\t\t\t\t<div class=\"elementor-element elementor-element-85f493c elementor-widget elementor-widget-text-editor\" data-id=\"85f493c\" data-element_type=\"widget\" data-widget_type=\"text-editor.default\">\n\t\t\t\t<div class=\"elementor-widget-container\">\n\t\t\t\t\t\t\t\t<div class=\"elementor-text-editor elementor-clearfix\">\n\t\t\t\t<p style=\"text-align: center;\"><a href=\"http:\/\/www.limesonline.com\/i-conflitti-intorno-al-lago-ciad\/88699\">Fonte<\/a><\/p>\t\t\t\t\t<\/div>\n\t\t\t\t\t\t<\/div>\n\t\t\t\t<\/div>\n\t\t\t\t\t\t<\/div>\n\t\t\t\t\t<\/div>\n\t\t<\/div>\n\t\t\t\t<div class=\"elementor-column elementor-col-50 elementor-top-column elementor-element elementor-element-27cebe5\" data-id=\"27cebe5\" data-element_type=\"column\">\n\t\t\t<div class=\"elementor-column-wrap elementor-element-populated\">\n\t\t\t\t\t\t\t<div class=\"elementor-widget-wrap\">\n\t\t\t\t\t\t<div class=\"elementor-element elementor-element-a7cf288 elementor-widget elementor-widget-image\" data-id=\"a7cf288\" data-element_type=\"widget\" data-widget_type=\"image.default\">\n\t\t\t\t<div class=\"elementor-widget-container\">\n\t\t\t\t\t\t\t\t<div class=\"elementor-image\">\n\t\t\t\t\t\t\t\t\t\t\t\t<img width=\"569\" height=\"379\" src=\"https:\/\/i0.wp.com\/www.zoom--in.it\/wp-content\/uploads\/2018\/11\/mappa-conflitti1.jpg?fit=569%2C379&amp;ssl=1\" class=\"attachment-large size-large\" alt=\"\" loading=\"lazy\" data-attachment-id=\"1406\" data-permalink=\"https:\/\/www.zoom--in.it\/index.php\/2018\/11\/19\/ma-stiamo-impazzendo-sulle-immigrazioni\/mappa-conflitti1\/\" data-orig-file=\"https:\/\/i0.wp.com\/www.zoom--in.it\/wp-content\/uploads\/2018\/11\/mappa-conflitti1.jpg?fit=569%2C379&amp;ssl=1\" data-orig-size=\"569,379\" data-comments-opened=\"0\" data-image-meta=\"{&quot;aperture&quot;:&quot;0&quot;,&quot;credit&quot;:&quot;&quot;,&quot;camera&quot;:&quot;&quot;,&quot;caption&quot;:&quot;&quot;,&quot;created_timestamp&quot;:&quot;0&quot;,&quot;copyright&quot;:&quot;&quot;,&quot;focal_length&quot;:&quot;0&quot;,&quot;iso&quot;:&quot;0&quot;,&quot;shutter_speed&quot;:&quot;0&quot;,&quot;title&quot;:&quot;&quot;,&quot;orientation&quot;:&quot;0&quot;}\" data-image-title=\"mappa-conflitti1\" data-image-description=\"\" data-image-caption=\"\" data-medium-file=\"https:\/\/i0.wp.com\/www.zoom--in.it\/wp-content\/uploads\/2018\/11\/mappa-conflitti1.jpg?fit=300%2C200&amp;ssl=1\" data-large-file=\"https:\/\/i0.wp.com\/www.zoom--in.it\/wp-content\/uploads\/2018\/11\/mappa-conflitti1.jpg?fit=569%2C379&amp;ssl=1\" \/>\t\t\t\t\t\t\t\t\t\t\t\t\t\t<\/div>\n\t\t\t\t\t\t<\/div>\n\t\t\t\t<\/div>\n\t\t\t\t<div class=\"elementor-element elementor-element-19e23ad elementor-widget elementor-widget-text-editor\" data-id=\"19e23ad\" data-element_type=\"widget\" data-widget_type=\"text-editor.default\">\n\t\t\t\t<div class=\"elementor-widget-container\">\n\t\t\t\t\t\t\t\t<div class=\"elementor-text-editor elementor-clearfix\">\n\t\t\t\t<p style=\"text-align: center;\"><a href=\"https:\/\/www.pressenza.com\/it\/2015\/12\/energia-e-livello-del-conflitto\/\">Fonte<\/a><\/p>\t\t\t\t\t<\/div>\n\t\t\t\t\t\t<\/div>\n\t\t\t\t<\/div>\n\t\t\t\t\t\t<\/div>\n\t\t\t\t\t<\/div>\n\t\t<\/div>\n\t\t\t\t\t\t\t\t<\/div>\n\t\t\t\t\t<\/div>\n\t\t<\/section>\n\t\t\t\t<section class=\"elementor-section elementor-top-section elementor-element elementor-element-e578f99 elementor-section-boxed elementor-section-height-default elementor-section-height-default\" data-id=\"e578f99\" data-element_type=\"section\">\n\t\t\t\t\t\t<div class=\"elementor-container elementor-column-gap-default\">\n\t\t\t\t\t\t\t<div class=\"elementor-row\">\n\t\t\t\t\t<div class=\"elementor-column elementor-col-100 elementor-top-column elementor-element elementor-element-442ea4b\" data-id=\"442ea4b\" data-element_type=\"column\">\n\t\t\t<div class=\"elementor-column-wrap elementor-element-populated\">\n\t\t\t\t\t\t\t<div class=\"elementor-widget-wrap\">\n\t\t\t\t\t\t<div class=\"elementor-element elementor-element-284bdb9 elementor-widget elementor-widget-text-editor\" data-id=\"284bdb9\" data-element_type=\"widget\" data-widget_type=\"text-editor.default\">\n\t\t\t\t<div class=\"elementor-widget-container\">\n\t\t\t\t\t\t\t\t<div class=\"elementor-text-editor elementor-clearfix\">\n\t\t\t\t<div id=\"u4840-4\" class=\"clearfix colelem\" data-muse-uid=\"U4840\" data-muse-type=\"txt_frame\" data-ibe-flags=\"txtStyleSrc\" data-sizepolicy=\"fixed\" data-pintopage=\"page_fluidx\"><p style=\"text-align: right;\"><strong>Raffaella Costi<\/strong><\/p><\/div><div id=\"u29049\" class=\"clearfix colelem\"><div id=\"u29050-4\" class=\"clearfix grpelem\" style=\"text-align: right;\" data-muse-uid=\"U29050\" data-muse-type=\"txt_frame\" data-ibe-flags=\"txtStyleSrc\" data-sizepolicy=\"fixed\" data-pintopage=\"page_fluidx\">\u00a0<\/div><\/div>\t\t\t\t\t<\/div>\n\t\t\t\t\t\t<\/div>\n\t\t\t\t<\/div>\n\t\t\t\t\t\t<\/div>\n\t\t\t\t\t<\/div>\n\t\t<\/div>\n\t\t\t\t\t\t\t\t<\/div>\n\t\t\t\t\t<\/div>\n\t\t<\/section>\n\t\t\t\t\t\t\t\t\t<\/div>\n\t\t\t<\/div>\n\t\t\t\t\t<\/div>\n\t\t","protected":false},"excerpt":{"rendered":"<p>MA STIAMO IMPAZZENDO SULLE IMMIGRAZIONI ? Intanto: 1- non arrivano uccelli di passo (pur sempre<\/p>\n","protected":false},"author":6,"featured_media":1402,"comment_status":"closed","ping_status":"open","sticky":false,"template":"","format":"standard","meta":{"spay_email":""},"categories":[41],"tags":[28],"yoast_head":"<!-- This site is optimized with the Yoast SEO plugin v19.4 - https:\/\/yoast.com\/wordpress\/plugins\/seo\/ -->\n<title>MA STIAMO IMPAZZENDO SULLE IMMIGRAZIONI? - ZoomIN Magazine<\/title>\n<meta name=\"robots\" content=\"index, follow, max-snippet:-1, max-image-preview:large, max-video-preview:-1\" \/>\n<link rel=\"canonical\" href=\"https:\/\/www.zoom--in.it\/index.php\/2018\/11\/19\/ma-stiamo-impazzendo-sulle-immigrazioni\/\" \/>\n<meta property=\"og:locale\" content=\"it_IT\" \/>\n<meta property=\"og:type\" content=\"article\" \/>\n<meta property=\"og:title\" content=\"MA STIAMO IMPAZZENDO SULLE IMMIGRAZIONI? - ZoomIN Magazine\" \/>\n<meta property=\"og:description\" content=\"MA STIAMO IMPAZZENDO SULLE IMMIGRAZIONI ? Intanto: 1- non arrivano uccelli di passo (pur sempre\" \/>\n<meta property=\"og:url\" content=\"https:\/\/www.zoom--in.it\/index.php\/2018\/11\/19\/ma-stiamo-impazzendo-sulle-immigrazioni\/\" \/>\n<meta property=\"og:site_name\" content=\"ZoomIN Magazine\" \/>\n<meta property=\"article:published_time\" content=\"2018-11-19T15:41:43+00:00\" \/>\n<meta property=\"article:modified_time\" content=\"2019-03-29T15:43:16+00:00\" \/>\n<meta property=\"og:image\" content=\"https:\/\/i0.wp.com\/www.zoom--in.it\/wp-content\/uploads\/2018\/11\/3fd9ad01776dc86af50d55b0db821240-2687-k8th-u10901390802278sii-1024x576@lastampait.jpg?fit=1000%2C563&ssl=1\" \/>\n\t<meta property=\"og:image:width\" content=\"1000\" \/>\n\t<meta property=\"og:image:height\" content=\"563\" \/>\n\t<meta property=\"og:image:type\" content=\"image\/jpeg\" \/>\n<meta name=\"author\" content=\"Raffaella Costi\" \/>\n<meta name=\"twitter:card\" content=\"summary_large_image\" \/>\n<meta name=\"twitter:label1\" content=\"Scritto da\" \/>\n\t<meta name=\"twitter:data1\" content=\"Raffaella Costi\" \/>\n\t<meta name=\"twitter:label2\" content=\"Tempo di lettura stimato\" \/>\n\t<meta name=\"twitter:data2\" content=\"3 minuti\" \/>\n<script type=\"application\/ld+json\" class=\"yoast-schema-graph\">{\"@context\":\"https:\/\/schema.org\",\"@graph\":[{\"@type\":\"Organization\",\"@id\":\"https:\/\/www.zoom--in.it\/#organization\",\"name\":\"ZoomIN Magazine\",\"url\":\"https:\/\/www.zoom--in.it\/\",\"sameAs\":[],\"logo\":{\"@type\":\"ImageObject\",\"inLanguage\":\"it-IT\",\"@id\":\"https:\/\/www.zoom--in.it\/#\/schema\/logo\/image\/\",\"url\":\"https:\/\/i0.wp.com\/www.zoom--in.it\/wp-content\/uploads\/2018\/11\/cropped-final.png?fit=568%2C237&ssl=1\",\"contentUrl\":\"https:\/\/i0.wp.com\/www.zoom--in.it\/wp-content\/uploads\/2018\/11\/cropped-final.png?fit=568%2C237&ssl=1\",\"width\":568,\"height\":237,\"caption\":\"ZoomIN Magazine\"},\"image\":{\"@id\":\"https:\/\/www.zoom--in.it\/#\/schema\/logo\/image\/\"}},{\"@type\":\"WebSite\",\"@id\":\"https:\/\/www.zoom--in.it\/#website\",\"url\":\"https:\/\/www.zoom--in.it\/\",\"name\":\"ZoomIN Magazine\",\"description\":\"Magazine Online libero e senza pubblicit\u00e0, pieno di rubriche e curiosit\u00e0\",\"publisher\":{\"@id\":\"https:\/\/www.zoom--in.it\/#organization\"},\"potentialAction\":[{\"@type\":\"SearchAction\",\"target\":{\"@type\":\"EntryPoint\",\"urlTemplate\":\"https:\/\/www.zoom--in.it\/?s={search_term_string}\"},\"query-input\":\"required name=search_term_string\"}],\"inLanguage\":\"it-IT\"},{\"@type\":\"WebPage\",\"@id\":\"https:\/\/www.zoom--in.it\/index.php\/2018\/11\/19\/ma-stiamo-impazzendo-sulle-immigrazioni\/\",\"url\":\"https:\/\/www.zoom--in.it\/index.php\/2018\/11\/19\/ma-stiamo-impazzendo-sulle-immigrazioni\/\",\"name\":\"MA STIAMO IMPAZZENDO SULLE IMMIGRAZIONI? - ZoomIN Magazine\",\"isPartOf\":{\"@id\":\"https:\/\/www.zoom--in.it\/#website\"},\"datePublished\":\"2018-11-19T15:41:43+00:00\",\"dateModified\":\"2019-03-29T15:43:16+00:00\",\"breadcrumb\":{\"@id\":\"https:\/\/www.zoom--in.it\/index.php\/2018\/11\/19\/ma-stiamo-impazzendo-sulle-immigrazioni\/#breadcrumb\"},\"inLanguage\":\"it-IT\",\"potentialAction\":[{\"@type\":\"ReadAction\",\"target\":[\"https:\/\/www.zoom--in.it\/index.php\/2018\/11\/19\/ma-stiamo-impazzendo-sulle-immigrazioni\/\"]}]},{\"@type\":\"BreadcrumbList\",\"@id\":\"https:\/\/www.zoom--in.it\/index.php\/2018\/11\/19\/ma-stiamo-impazzendo-sulle-immigrazioni\/#breadcrumb\",\"itemListElement\":[{\"@type\":\"ListItem\",\"position\":1,\"name\":\"Home\",\"item\":\"https:\/\/www.zoom--in.it\/\"},{\"@type\":\"ListItem\",\"position\":2,\"name\":\"MA STIAMO IMPAZZENDO SULLE IMMIGRAZIONI?\"}]},{\"@type\":\"Article\",\"@id\":\"https:\/\/www.zoom--in.it\/index.php\/2018\/11\/19\/ma-stiamo-impazzendo-sulle-immigrazioni\/#article\",\"isPartOf\":{\"@id\":\"https:\/\/www.zoom--in.it\/index.php\/2018\/11\/19\/ma-stiamo-impazzendo-sulle-immigrazioni\/\"},\"author\":{\"name\":\"Raffaella Costi\",\"@id\":\"https:\/\/www.zoom--in.it\/#\/schema\/person\/0c6738fd502a9bd7d37b3cf097bd58d8\"},\"headline\":\"MA STIAMO IMPAZZENDO SULLE IMMIGRAZIONI?\",\"datePublished\":\"2018-11-19T15:41:43+00:00\",\"dateModified\":\"2019-03-29T15:43:16+00:00\",\"mainEntityOfPage\":{\"@id\":\"https:\/\/www.zoom--in.it\/index.php\/2018\/11\/19\/ma-stiamo-impazzendo-sulle-immigrazioni\/\"},\"wordCount\":564,\"publisher\":{\"@id\":\"https:\/\/www.zoom--in.it\/#organization\"},\"keywords\":[\"Fate silenzio ipocriti\"],\"articleSection\":[\"MIGRANTI OGGI\"],\"inLanguage\":\"it-IT\"},{\"@type\":\"Person\",\"@id\":\"https:\/\/www.zoom--in.it\/#\/schema\/person\/0c6738fd502a9bd7d37b3cf097bd58d8\",\"name\":\"Raffaella Costi\",\"url\":\"https:\/\/www.zoom--in.it\/index.php\/author\/raffaella-costi\/\"}]}<\/script>\n<!-- \/ Yoast SEO plugin. -->","yoast_head_json":{"title":"MA STIAMO IMPAZZENDO SULLE IMMIGRAZIONI? - ZoomIN Magazine","robots":{"index":"index","follow":"follow","max-snippet":"max-snippet:-1","max-image-preview":"max-image-preview:large","max-video-preview":"max-video-preview:-1"},"canonical":"https:\/\/www.zoom--in.it\/index.php\/2018\/11\/19\/ma-stiamo-impazzendo-sulle-immigrazioni\/","og_locale":"it_IT","og_type":"article","og_title":"MA STIAMO IMPAZZENDO SULLE IMMIGRAZIONI? - ZoomIN Magazine","og_description":"MA STIAMO IMPAZZENDO SULLE IMMIGRAZIONI ? Intanto: 1- non arrivano uccelli di passo (pur sempre","og_url":"https:\/\/www.zoom--in.it\/index.php\/2018\/11\/19\/ma-stiamo-impazzendo-sulle-immigrazioni\/","og_site_name":"ZoomIN Magazine","article_published_time":"2018-11-19T15:41:43+00:00","article_modified_time":"2019-03-29T15:43:16+00:00","og_image":[{"width":1000,"height":563,"url":"https:\/\/i0.wp.com\/www.zoom--in.it\/wp-content\/uploads\/2018\/11\/3fd9ad01776dc86af50d55b0db821240-2687-k8th-u10901390802278sii-1024x576@lastampait.jpg?fit=1000%2C563&ssl=1","type":"image\/jpeg"}],"author":"Raffaella Costi","twitter_card":"summary_large_image","twitter_misc":{"Scritto da":"Raffaella Costi","Tempo di lettura stimato":"3 minuti"},"schema":{"@context":"https:\/\/schema.org","@graph":[{"@type":"Organization","@id":"https:\/\/www.zoom--in.it\/#organization","name":"ZoomIN Magazine","url":"https:\/\/www.zoom--in.it\/","sameAs":[],"logo":{"@type":"ImageObject","inLanguage":"it-IT","@id":"https:\/\/www.zoom--in.it\/#\/schema\/logo\/image\/","url":"https:\/\/i0.wp.com\/www.zoom--in.it\/wp-content\/uploads\/2018\/11\/cropped-final.png?fit=568%2C237&ssl=1","contentUrl":"https:\/\/i0.wp.com\/www.zoom--in.it\/wp-content\/uploads\/2018\/11\/cropped-final.png?fit=568%2C237&ssl=1","width":568,"height":237,"caption":"ZoomIN Magazine"},"image":{"@id":"https:\/\/www.zoom--in.it\/#\/schema\/logo\/image\/"}},{"@type":"WebSite","@id":"https:\/\/www.zoom--in.it\/#website","url":"https:\/\/www.zoom--in.it\/","name":"ZoomIN Magazine","description":"Magazine Online libero e senza pubblicit\u00e0, pieno di rubriche e curiosit\u00e0","publisher":{"@id":"https:\/\/www.zoom--in.it\/#organization"},"potentialAction":[{"@type":"SearchAction","target":{"@type":"EntryPoint","urlTemplate":"https:\/\/www.zoom--in.it\/?s={search_term_string}"},"query-input":"required name=search_term_string"}],"inLanguage":"it-IT"},{"@type":"WebPage","@id":"https:\/\/www.zoom--in.it\/index.php\/2018\/11\/19\/ma-stiamo-impazzendo-sulle-immigrazioni\/","url":"https:\/\/www.zoom--in.it\/index.php\/2018\/11\/19\/ma-stiamo-impazzendo-sulle-immigrazioni\/","name":"MA STIAMO IMPAZZENDO SULLE IMMIGRAZIONI? - ZoomIN Magazine","isPartOf":{"@id":"https:\/\/www.zoom--in.it\/#website"},"datePublished":"2018-11-19T15:41:43+00:00","dateModified":"2019-03-29T15:43:16+00:00","breadcrumb":{"@id":"https:\/\/www.zoom--in.it\/index.php\/2018\/11\/19\/ma-stiamo-impazzendo-sulle-immigrazioni\/#breadcrumb"},"inLanguage":"it-IT","potentialAction":[{"@type":"ReadAction","target":["https:\/\/www.zoom--in.it\/index.php\/2018\/11\/19\/ma-stiamo-impazzendo-sulle-immigrazioni\/"]}]},{"@type":"BreadcrumbList","@id":"https:\/\/www.zoom--in.it\/index.php\/2018\/11\/19\/ma-stiamo-impazzendo-sulle-immigrazioni\/#breadcrumb","itemListElement":[{"@type":"ListItem","position":1,"name":"Home","item":"https:\/\/www.zoom--in.it\/"},{"@type":"ListItem","position":2,"name":"MA STIAMO IMPAZZENDO SULLE IMMIGRAZIONI?"}]},{"@type":"Article","@id":"https:\/\/www.zoom--in.it\/index.php\/2018\/11\/19\/ma-stiamo-impazzendo-sulle-immigrazioni\/#article","isPartOf":{"@id":"https:\/\/www.zoom--in.it\/index.php\/2018\/11\/19\/ma-stiamo-impazzendo-sulle-immigrazioni\/"},"author":{"name":"Raffaella Costi","@id":"https:\/\/www.zoom--in.it\/#\/schema\/person\/0c6738fd502a9bd7d37b3cf097bd58d8"},"headline":"MA STIAMO IMPAZZENDO SULLE IMMIGRAZIONI?","datePublished":"2018-11-19T15:41:43+00:00","dateModified":"2019-03-29T15:43:16+00:00","mainEntityOfPage":{"@id":"https:\/\/www.zoom--in.it\/index.php\/2018\/11\/19\/ma-stiamo-impazzendo-sulle-immigrazioni\/"},"wordCount":564,"publisher":{"@id":"https:\/\/www.zoom--in.it\/#organization"},"keywords":["Fate silenzio ipocriti"],"articleSection":["MIGRANTI OGGI"],"inLanguage":"it-IT"},{"@type":"Person","@id":"https:\/\/www.zoom--in.it\/#\/schema\/person\/0c6738fd502a9bd7d37b3cf097bd58d8","name":"Raffaella Costi","url":"https:\/\/www.zoom--in.it\/index.php\/author\/raffaella-costi\/"}]}},"jetpack_featured_media_url":"https:\/\/i0.wp.com\/www.zoom--in.it\/wp-content\/uploads\/2018\/11\/3fd9ad01776dc86af50d55b0db821240-2687-k8th-u10901390802278sii-1024x576@lastampait.jpg?fit=1000%2C563&ssl=1","jetpack_sharing_enabled":true,"jetpack_shortlink":"https:\/\/wp.me\/p9Zlh8-mB","_links":{"self":[{"href":"https:\/\/www.zoom--in.it\/index.php\/wp-json\/wp\/v2\/posts\/1401"}],"collection":[{"href":"https:\/\/www.zoom--in.it\/index.php\/wp-json\/wp\/v2\/posts"}],"about":[{"href":"https:\/\/www.zoom--in.it\/index.php\/wp-json\/wp\/v2\/types\/post"}],"author":[{"embeddable":true,"href":"https:\/\/www.zoom--in.it\/index.php\/wp-json\/wp\/v2\/users\/6"}],"replies":[{"embeddable":true,"href":"https:\/\/www.zoom--in.it\/index.php\/wp-json\/wp\/v2\/comments?post=1401"}],"version-history":[{"count":8,"href":"https:\/\/www.zoom--in.it\/index.php\/wp-json\/wp\/v2\/posts\/1401\/revisions"}],"predecessor-version":[{"id":3183,"href":"https:\/\/www.zoom--in.it\/index.php\/wp-json\/wp\/v2\/posts\/1401\/revisions\/3183"}],"wp:featuredmedia":[{"embeddable":true,"href":"https:\/\/www.zoom--in.it\/index.php\/wp-json\/wp\/v2\/media\/1402"}],"wp:attachment":[{"href":"https:\/\/www.zoom--in.it\/index.php\/wp-json\/wp\/v2\/media?parent=1401"}],"wp:term":[{"taxonomy":"category","embeddable":true,"href":"https:\/\/www.zoom--in.it\/index.php\/wp-json\/wp\/v2\/categories?post=1401"},{"taxonomy":"post_tag","embeddable":true,"href":"https:\/\/www.zoom--in.it\/index.php\/wp-json\/wp\/v2\/tags?post=1401"}],"curies":[{"name":"wp","href":"https:\/\/api.w.org\/{rel}","templated":true}]}}