{"id":3780,"date":"2019-01-06T20:09:19","date_gmt":"2019-01-06T20:09:19","guid":{"rendered":"https:\/\/www.zoom--in.it\/?p=3780"},"modified":"2019-01-11T23:14:41","modified_gmt":"2019-01-11T23:14:41","slug":"lulu-il-cane-guida-che-ha-salvato-la-vita-del-piccolo-carlo","status":"publish","type":"post","link":"https:\/\/www.zoom--in.it\/index.php\/2019\/01\/06\/lulu-il-cane-guida-che-ha-salvato-la-vita-del-piccolo-carlo\/","title":{"rendered":"Lul\u00f9, il cane guida che ha salvato la vita del piccolo Carlo"},"content":{"rendered":"\t\t<div data-elementor-type=\"wp-post\" data-elementor-id=\"3780\" class=\"elementor elementor-3780 elementor-bc-flex-widget\">\n\t\t\t\t\t\t<div class=\"elementor-inner\">\n\t\t\t\t<div class=\"elementor-section-wrap\">\n\t\t\t\t\t\t\t\t\t<section class=\"elementor-section elementor-top-section elementor-element elementor-element-bf0fc91 elementor-section-boxed elementor-section-height-default elementor-section-height-default\" data-id=\"bf0fc91\" data-element_type=\"section\">\n\t\t\t\t\t\t<div class=\"elementor-container elementor-column-gap-default\">\n\t\t\t\t\t\t\t<div class=\"elementor-row\">\n\t\t\t\t\t<div class=\"elementor-column elementor-col-100 elementor-top-column elementor-element elementor-element-c598212\" data-id=\"c598212\" data-element_type=\"column\">\n\t\t\t<div class=\"elementor-column-wrap elementor-element-populated\">\n\t\t\t\t\t\t\t<div class=\"elementor-widget-wrap\">\n\t\t\t\t\t\t<div class=\"elementor-element elementor-element-6d41fc2 elementor-widget elementor-widget-heading\" data-id=\"6d41fc2\" data-element_type=\"widget\" data-widget_type=\"heading.default\">\n\t\t\t\t<div class=\"elementor-widget-container\">\n\t\t\t<h2 class=\"elementor-heading-title elementor-size-default\">Lul\u00f9, il cane-guida che ha salvato la vita del piccolo Carlo<\/h2>\t\t<\/div>\n\t\t\t\t<\/div>\n\t\t\t\t\t\t<\/div>\n\t\t\t\t\t<\/div>\n\t\t<\/div>\n\t\t\t\t\t\t\t\t<\/div>\n\t\t\t\t\t<\/div>\n\t\t<\/section>\n\t\t\t\t<section class=\"elementor-section elementor-top-section elementor-element elementor-element-c4366e9 elementor-section-boxed elementor-section-height-default elementor-section-height-default\" data-id=\"c4366e9\" data-element_type=\"section\">\n\t\t\t\t\t\t<div class=\"elementor-container elementor-column-gap-default\">\n\t\t\t\t\t\t\t<div class=\"elementor-row\">\n\t\t\t\t\t<div class=\"elementor-column elementor-col-100 elementor-top-column elementor-element elementor-element-93ad93d\" data-id=\"93ad93d\" data-element_type=\"column\">\n\t\t\t<div class=\"elementor-column-wrap elementor-element-populated\">\n\t\t\t\t\t\t\t<div class=\"elementor-widget-wrap\">\n\t\t\t\t\t\t<div class=\"elementor-element elementor-element-97f69d8 elementor-widget elementor-widget-html\" data-id=\"97f69d8\" data-element_type=\"widget\" data-widget_type=\"html.default\">\n\t\t\t\t<div class=\"elementor-widget-container\">\n\t\t\t<iframe loading=\"lazy\" src=\"https:\/\/www.facebook.com\/plugins\/video.php?href=https%3A%2F%2Fwww.facebook.com%2Ffanpage.it%2Fvideos%2F2393042144050779%2F&show_text=1&width=476\" width=\"476\" height=\"1112\" style=\"border:none;overflow:hidden\" scrolling=\"no\" frameborder=\"0\" allowTransparency=\"true\" allow=\"encrypted-media\" allowFullScreen=\"true\"><\/iframe>\t\t<\/div>\n\t\t\t\t<\/div>\n\t\t\t\t\t\t<\/div>\n\t\t\t\t\t<\/div>\n\t\t<\/div>\n\t\t\t\t\t\t\t\t<\/div>\n\t\t\t\t\t<\/div>\n\t\t<\/section>\n\t\t\t\t<section class=\"elementor-section elementor-top-section elementor-element elementor-element-a8e1a4f elementor-section-boxed elementor-section-height-default elementor-section-height-default\" data-id=\"a8e1a4f\" data-element_type=\"section\">\n\t\t\t\t\t\t<div class=\"elementor-container elementor-column-gap-default\">\n\t\t\t\t\t\t\t<div class=\"elementor-row\">\n\t\t\t\t\t<div class=\"elementor-column elementor-col-100 elementor-top-column elementor-element elementor-element-3c5361a\" data-id=\"3c5361a\" data-element_type=\"column\">\n\t\t\t<div class=\"elementor-column-wrap elementor-element-populated\">\n\t\t\t\t\t\t\t<div class=\"elementor-widget-wrap\">\n\t\t\t\t\t\t<div class=\"elementor-element elementor-element-a84c8e7 elementor-widget elementor-widget-text-editor\" data-id=\"a84c8e7\" data-element_type=\"widget\" data-widget_type=\"text-editor.default\">\n\t\t\t\t<div class=\"elementor-widget-container\">\n\t\t\t\t\t\t\t\t<div class=\"elementor-text-editor elementor-clearfix\">\n\t\t\t\t<p>Si chiama sindrome di Charge, ma non prende il nome del suo scopritore, come altre malattie rare (Usher, Norrie, di Rett) bens\u00ec dalle iniziali inglesi delle principali problematiche che provoca:<\/p><p><span style=\"color: #000080;\"><strong>C =\u00a0<\/strong><u>Coloboma<\/u><\/span><br \/>E\u2019 un\u2019anomalia congenita consistente in un difetto di struttura oculare. Pu\u00f2 dare origine a una serie di difetti della visione, come il campo visivo ristretto, intolleranza per la luce viva e, a volte, un rischio di ulteriori complicanze oculari come il distacco della retina.<br \/><span style=\"color: #000080;\"><strong>H =<\/strong>\u00a0<u>Heart defects (difetti cardiaci)<\/u><\/span><br \/>La sindrome CHARGE \u00e8 correlata a una molteplicit\u00e0 di difetti cardiaci diversi, alcuni dei quali richiedono interventi chirurgici.<br \/><span style=\"color: #000080;\"><strong>A =<\/strong>\u00a0<u>Atresia of the Choanae (atresia delle coane<\/u><u>)<\/u><\/span><br \/>Uno o entrambe le cavit\u00e0 nasali possono essere ostruite, oppure presentarsi insolitamente strette. Il difetto \u00e8 correggibile chirurgicamente, ma spesso sono necessari pi\u00f9 interventi.<br \/><span style=\"color: #000080;\"><strong>R =<\/strong>\u00a0<u>Retardation of growth and developmental delay (ritardo della crescita e dello sviluppo)<\/u><\/span><br \/>Nella Sindrome di CHARGE i problemi legati all&#8217;ormone della crescita sono piuttosto rari. Sembra infatti che il ritardo nella crescita sia dovuto essenzialmente alle difficolt\u00e0 di alimentazione e, in seguito, all&#8217;assenza della pubert\u00e0. Le persone con CHARGE possono presentare vari livelli di disabilit\u00e0 e il ritardo dello sviluppo sembra derivare dai deficit sensoriali e dai problemi cronici di salute e di equilibrio.<br \/><span style=\"color: #000080;\"><strong>G =<\/strong>\u00a0<u>Genital anomalies (malformazioni dei genitali)<\/u><\/span><br \/>Le malformazioni colpiscono i genitali esterni. I problemi pi\u00f9 comuni consistono nella mancata discesa dei testicoli (<em>testicoli ritenuti<\/em>) o nelle dimensioni ridotte del pene. Alcune bambine hanno le labbra della vulva piccole.<br \/><span style=\"color: #000080;\"><strong>E =<\/strong>\u00a0<u>Ear anomalies (malformazioni dell&#8217;orecchio)<\/u><\/span><br \/>L&#8217;orecchio esterno, medio e interno pu\u00f2 essere oggetto di alcune problematiche; tra le pi\u00f9 comuni si segnalano la fusione degli ossicini nell&#8217;orecchio medio, la formazione cronica di liquido nell&#8217;orecchio medio, il canale auricolare stretto o assente e malformazioni dell&#8217;orecchio esterno.<br \/>Tuttavia non tutte queste caratteristiche sono presenti contemporaneamente in ogni persona affetta dalla patologia, n\u00e9 sono sempre gravi. \u00a0<br \/><br \/>(Tratto da &#8220;Il Filo d&#8217;Oro)<\/p>\t\t\t\t\t<\/div>\n\t\t\t\t\t\t<\/div>\n\t\t\t\t<\/div>\n\t\t\t\t\t\t<\/div>\n\t\t\t\t\t<\/div>\n\t\t<\/div>\n\t\t\t\t\t\t\t\t<\/div>\n\t\t\t\t\t<\/div>\n\t\t<\/section>\n\t\t\t\t<section class=\"elementor-section elementor-top-section elementor-element elementor-element-e47d518 elementor-section-boxed elementor-section-height-default elementor-section-height-default\" data-id=\"e47d518\" data-element_type=\"section\">\n\t\t\t\t\t\t<div class=\"elementor-container elementor-column-gap-default\">\n\t\t\t\t\t\t\t<div class=\"elementor-row\">\n\t\t\t\t\t<div class=\"elementor-column elementor-col-100 elementor-top-column elementor-element elementor-element-b3a8e60\" data-id=\"b3a8e60\" data-element_type=\"column\">\n\t\t\t<div class=\"elementor-column-wrap elementor-element-populated\">\n\t\t\t\t\t\t\t<div class=\"elementor-widget-wrap\">\n\t\t\t\t\t\t<div class=\"elementor-element elementor-element-c0e0372 elementor-widget elementor-widget-image\" data-id=\"c0e0372\" data-element_type=\"widget\" data-widget_type=\"image.default\">\n\t\t\t\t<div class=\"elementor-widget-container\">\n\t\t\t\t\t\t\t\t<div class=\"elementor-image\">\n\t\t\t\t\t\t\t\t\t\t\t\t<img width=\"640\" height=\"360\" src=\"https:\/\/i0.wp.com\/www.zoom--in.it\/wp-content\/uploads\/2019\/01\/maxresdefault.jpg?fit=640%2C360&amp;ssl=1\" class=\"attachment-large size-large\" alt=\"\" loading=\"lazy\" data-attachment-id=\"3800\" data-permalink=\"https:\/\/www.zoom--in.it\/index.php\/2019\/01\/06\/lulu-il-cane-guida-che-ha-salvato-la-vita-del-piccolo-carlo\/maxresdefault-4\/\" data-orig-file=\"https:\/\/i0.wp.com\/www.zoom--in.it\/wp-content\/uploads\/2019\/01\/maxresdefault.jpg?fit=1280%2C720&amp;ssl=1\" data-orig-size=\"1280,720\" data-comments-opened=\"0\" data-image-meta=\"{&quot;aperture&quot;:&quot;0&quot;,&quot;credit&quot;:&quot;&quot;,&quot;camera&quot;:&quot;&quot;,&quot;caption&quot;:&quot;&quot;,&quot;created_timestamp&quot;:&quot;0&quot;,&quot;copyright&quot;:&quot;&quot;,&quot;focal_length&quot;:&quot;0&quot;,&quot;iso&quot;:&quot;0&quot;,&quot;shutter_speed&quot;:&quot;0&quot;,&quot;title&quot;:&quot;&quot;,&quot;orientation&quot;:&quot;0&quot;}\" data-image-title=\"maxresdefault\" data-image-description=\"\" data-image-caption=\"\" data-medium-file=\"https:\/\/i0.wp.com\/www.zoom--in.it\/wp-content\/uploads\/2019\/01\/maxresdefault.jpg?fit=300%2C169&amp;ssl=1\" data-large-file=\"https:\/\/i0.wp.com\/www.zoom--in.it\/wp-content\/uploads\/2019\/01\/maxresdefault.jpg?fit=640%2C360&amp;ssl=1\" \/>\t\t\t\t\t\t\t\t\t\t\t\t\t\t<\/div>\n\t\t\t\t\t\t<\/div>\n\t\t\t\t<\/div>\n\t\t\t\t\t\t<\/div>\n\t\t\t\t\t<\/div>\n\t\t<\/div>\n\t\t\t\t\t\t\t\t<\/div>\n\t\t\t\t\t<\/div>\n\t\t<\/section>\n\t\t\t\t<section class=\"elementor-section elementor-top-section elementor-element elementor-element-d99ab17 elementor-section-boxed elementor-section-height-default elementor-section-height-default\" data-id=\"d99ab17\" data-element_type=\"section\">\n\t\t\t\t\t\t<div class=\"elementor-container elementor-column-gap-default\">\n\t\t\t\t\t\t\t<div class=\"elementor-row\">\n\t\t\t\t\t<div class=\"elementor-column elementor-col-100 elementor-top-column elementor-element elementor-element-79ff44e\" data-id=\"79ff44e\" data-element_type=\"column\">\n\t\t\t<div class=\"elementor-column-wrap elementor-element-populated\">\n\t\t\t\t\t\t\t<div class=\"elementor-widget-wrap\">\n\t\t\t\t\t\t<div class=\"elementor-element elementor-element-d37286a elementor-widget elementor-widget-text-editor\" data-id=\"d37286a\" data-element_type=\"widget\" data-widget_type=\"text-editor.default\">\n\t\t\t\t<div class=\"elementor-widget-container\">\n\t\t\t\t\t\t\t\t<div class=\"elementor-text-editor elementor-clearfix\">\n\t\t\t\t<p style=\"text-align: center;\">Manuel, affetto da autismo e dalla sindrome di CHARGE<\/p>\t\t\t\t\t<\/div>\n\t\t\t\t\t\t<\/div>\n\t\t\t\t<\/div>\n\t\t\t\t\t\t<\/div>\n\t\t\t\t\t<\/div>\n\t\t<\/div>\n\t\t\t\t\t\t\t\t<\/div>\n\t\t\t\t\t<\/div>\n\t\t<\/section>\n\t\t\t\t<section class=\"elementor-section elementor-top-section elementor-element elementor-element-4703d97 elementor-section-boxed elementor-section-height-default elementor-section-height-default\" data-id=\"4703d97\" data-element_type=\"section\">\n\t\t\t\t\t\t<div class=\"elementor-container elementor-column-gap-default\">\n\t\t\t\t\t\t\t<div class=\"elementor-row\">\n\t\t\t\t\t<div class=\"elementor-column elementor-col-100 elementor-top-column elementor-element elementor-element-4a14194\" data-id=\"4a14194\" data-element_type=\"column\">\n\t\t\t<div class=\"elementor-column-wrap elementor-element-populated\">\n\t\t\t\t\t\t\t<div class=\"elementor-widget-wrap\">\n\t\t\t\t\t\t<div class=\"elementor-element elementor-element-66d06ed elementor-widget elementor-widget-text-editor\" data-id=\"66d06ed\" data-element_type=\"widget\" data-widget_type=\"text-editor.default\">\n\t\t\t\t<div class=\"elementor-widget-container\">\n\t\t\t\t\t\t\t\t<div class=\"elementor-text-editor elementor-clearfix\">\n\t\t\t\t<p style=\"text-align: right;\"><strong>Fanpage e Il Filo d&#8217;Oro<\/strong><\/p>\t\t\t\t\t<\/div>\n\t\t\t\t\t\t<\/div>\n\t\t\t\t<\/div>\n\t\t\t\t\t\t<\/div>\n\t\t\t\t\t<\/div>\n\t\t<\/div>\n\t\t\t\t\t\t\t\t<\/div>\n\t\t\t\t\t<\/div>\n\t\t<\/section>\n\t\t\t\t\t\t\t\t\t<\/div>\n\t\t\t<\/div>\n\t\t\t\t\t<\/div>\n\t\t","protected":false},"excerpt":{"rendered":"<p>Lul\u00f9, il cane-guida che ha salvato la vita del piccolo Carlo Si chiama sindrome di<\/p>\n","protected":false},"author":42,"featured_media":3787,"comment_status":"closed","ping_status":"open","sticky":false,"template":"","format":"standard","meta":{"spay_email":""},"categories":[10],"tags":[],"yoast_head":"<!-- This site is optimized with the Yoast SEO plugin v19.4 - https:\/\/yoast.com\/wordpress\/plugins\/seo\/ -->\n<title>Lul\u00f9, il cane guida che ha salvato la vita del piccolo Carlo - ZoomIN Magazine<\/title>\n<meta name=\"robots\" content=\"index, follow, max-snippet:-1, max-image-preview:large, max-video-preview:-1\" \/>\n<link rel=\"canonical\" href=\"https:\/\/www.zoom--in.it\/index.php\/2019\/01\/06\/lulu-il-cane-guida-che-ha-salvato-la-vita-del-piccolo-carlo\/\" \/>\n<meta property=\"og:locale\" content=\"it_IT\" \/>\n<meta property=\"og:type\" content=\"article\" \/>\n<meta property=\"og:title\" content=\"Lul\u00f9, il cane guida che ha salvato la vita del piccolo Carlo - ZoomIN Magazine\" \/>\n<meta property=\"og:description\" content=\"Lul\u00f9, il cane-guida che ha salvato la vita del piccolo Carlo Si chiama sindrome di\" \/>\n<meta property=\"og:url\" content=\"https:\/\/www.zoom--in.it\/index.php\/2019\/01\/06\/lulu-il-cane-guida-che-ha-salvato-la-vita-del-piccolo-carlo\/\" \/>\n<meta property=\"og:site_name\" content=\"ZoomIN Magazine\" \/>\n<meta property=\"article:published_time\" content=\"2019-01-06T20:09:19+00:00\" \/>\n<meta property=\"article:modified_time\" content=\"2019-01-11T23:14:41+00:00\" \/>\n<meta property=\"og:image\" content=\"https:\/\/i0.wp.com\/www.zoom--in.it\/wp-content\/uploads\/2019\/01\/b325bdfe-5a80-11e8-b12b-25e5d4b9f267_carlo04-kpp-U1110945414666hDE-1024x576@LaStampa.it_.jpg?fit=1024%2C576&ssl=1\" \/>\n\t<meta property=\"og:image:width\" content=\"1024\" \/>\n\t<meta property=\"og:image:height\" content=\"576\" \/>\n\t<meta property=\"og:image:type\" content=\"image\/jpeg\" \/>\n<meta name=\"author\" content=\"Fanpage\" \/>\n<meta name=\"twitter:card\" content=\"summary_large_image\" \/>\n<meta name=\"twitter:label1\" content=\"Scritto da\" \/>\n\t<meta name=\"twitter:data1\" content=\"Fanpage\" \/>\n\t<meta name=\"twitter:label2\" content=\"Tempo di lettura stimato\" \/>\n\t<meta name=\"twitter:data2\" content=\"2 minuti\" \/>\n<script type=\"application\/ld+json\" class=\"yoast-schema-graph\">{\"@context\":\"https:\/\/schema.org\",\"@graph\":[{\"@type\":\"Organization\",\"@id\":\"https:\/\/www.zoom--in.it\/#organization\",\"name\":\"ZoomIN Magazine\",\"url\":\"https:\/\/www.zoom--in.it\/\",\"sameAs\":[],\"logo\":{\"@type\":\"ImageObject\",\"inLanguage\":\"it-IT\",\"@id\":\"https:\/\/www.zoom--in.it\/#\/schema\/logo\/image\/\",\"url\":\"https:\/\/i0.wp.com\/www.zoom--in.it\/wp-content\/uploads\/2018\/11\/cropped-final.png?fit=568%2C237&ssl=1\",\"contentUrl\":\"https:\/\/i0.wp.com\/www.zoom--in.it\/wp-content\/uploads\/2018\/11\/cropped-final.png?fit=568%2C237&ssl=1\",\"width\":568,\"height\":237,\"caption\":\"ZoomIN Magazine\"},\"image\":{\"@id\":\"https:\/\/www.zoom--in.it\/#\/schema\/logo\/image\/\"}},{\"@type\":\"WebSite\",\"@id\":\"https:\/\/www.zoom--in.it\/#website\",\"url\":\"https:\/\/www.zoom--in.it\/\",\"name\":\"ZoomIN Magazine\",\"description\":\"Magazine Online libero e senza pubblicit\u00e0, pieno di rubriche e curiosit\u00e0\",\"publisher\":{\"@id\":\"https:\/\/www.zoom--in.it\/#organization\"},\"potentialAction\":[{\"@type\":\"SearchAction\",\"target\":{\"@type\":\"EntryPoint\",\"urlTemplate\":\"https:\/\/www.zoom--in.it\/?s={search_term_string}\"},\"query-input\":\"required name=search_term_string\"}],\"inLanguage\":\"it-IT\"},{\"@type\":\"WebPage\",\"@id\":\"https:\/\/www.zoom--in.it\/index.php\/2019\/01\/06\/lulu-il-cane-guida-che-ha-salvato-la-vita-del-piccolo-carlo\/\",\"url\":\"https:\/\/www.zoom--in.it\/index.php\/2019\/01\/06\/lulu-il-cane-guida-che-ha-salvato-la-vita-del-piccolo-carlo\/\",\"name\":\"Lul\u00f9, il cane guida che ha salvato la vita del piccolo Carlo - ZoomIN Magazine\",\"isPartOf\":{\"@id\":\"https:\/\/www.zoom--in.it\/#website\"},\"datePublished\":\"2019-01-06T20:09:19+00:00\",\"dateModified\":\"2019-01-11T23:14:41+00:00\",\"breadcrumb\":{\"@id\":\"https:\/\/www.zoom--in.it\/index.php\/2019\/01\/06\/lulu-il-cane-guida-che-ha-salvato-la-vita-del-piccolo-carlo\/#breadcrumb\"},\"inLanguage\":\"it-IT\",\"potentialAction\":[{\"@type\":\"ReadAction\",\"target\":[\"https:\/\/www.zoom--in.it\/index.php\/2019\/01\/06\/lulu-il-cane-guida-che-ha-salvato-la-vita-del-piccolo-carlo\/\"]}]},{\"@type\":\"BreadcrumbList\",\"@id\":\"https:\/\/www.zoom--in.it\/index.php\/2019\/01\/06\/lulu-il-cane-guida-che-ha-salvato-la-vita-del-piccolo-carlo\/#breadcrumb\",\"itemListElement\":[{\"@type\":\"ListItem\",\"position\":1,\"name\":\"Home\",\"item\":\"https:\/\/www.zoom--in.it\/\"},{\"@type\":\"ListItem\",\"position\":2,\"name\":\"Lul\u00f9, il cane guida che ha salvato la vita del piccolo Carlo\"}]},{\"@type\":\"Article\",\"@id\":\"https:\/\/www.zoom--in.it\/index.php\/2019\/01\/06\/lulu-il-cane-guida-che-ha-salvato-la-vita-del-piccolo-carlo\/#article\",\"isPartOf\":{\"@id\":\"https:\/\/www.zoom--in.it\/index.php\/2019\/01\/06\/lulu-il-cane-guida-che-ha-salvato-la-vita-del-piccolo-carlo\/\"},\"author\":{\"name\":\"Fanpage\",\"@id\":\"https:\/\/www.zoom--in.it\/#\/schema\/person\/c4a2143f02ef2ec0451f2a6d371045e1\"},\"headline\":\"Lul\u00f9, il cane guida che ha salvato la vita del piccolo Carlo\",\"datePublished\":\"2019-01-06T20:09:19+00:00\",\"dateModified\":\"2019-01-11T23:14:41+00:00\",\"mainEntityOfPage\":{\"@id\":\"https:\/\/www.zoom--in.it\/index.php\/2019\/01\/06\/lulu-il-cane-guida-che-ha-salvato-la-vita-del-piccolo-carlo\/\"},\"wordCount\":346,\"publisher\":{\"@id\":\"https:\/\/www.zoom--in.it\/#organization\"},\"articleSection\":[\"Animali\"],\"inLanguage\":\"it-IT\"},{\"@type\":\"Person\",\"@id\":\"https:\/\/www.zoom--in.it\/#\/schema\/person\/c4a2143f02ef2ec0451f2a6d371045e1\",\"name\":\"Fanpage\",\"url\":\"https:\/\/www.zoom--in.it\/index.php\/author\/fanpage\/\"}]}<\/script>\n<!-- \/ Yoast SEO plugin. -->","yoast_head_json":{"title":"Lul\u00f9, il cane guida che ha salvato la vita del piccolo Carlo - ZoomIN Magazine","robots":{"index":"index","follow":"follow","max-snippet":"max-snippet:-1","max-image-preview":"max-image-preview:large","max-video-preview":"max-video-preview:-1"},"canonical":"https:\/\/www.zoom--in.it\/index.php\/2019\/01\/06\/lulu-il-cane-guida-che-ha-salvato-la-vita-del-piccolo-carlo\/","og_locale":"it_IT","og_type":"article","og_title":"Lul\u00f9, il cane guida che ha salvato la vita del piccolo Carlo - ZoomIN Magazine","og_description":"Lul\u00f9, il cane-guida che ha salvato la vita del piccolo Carlo Si chiama sindrome di","og_url":"https:\/\/www.zoom--in.it\/index.php\/2019\/01\/06\/lulu-il-cane-guida-che-ha-salvato-la-vita-del-piccolo-carlo\/","og_site_name":"ZoomIN Magazine","article_published_time":"2019-01-06T20:09:19+00:00","article_modified_time":"2019-01-11T23:14:41+00:00","og_image":[{"width":1024,"height":576,"url":"https:\/\/i0.wp.com\/www.zoom--in.it\/wp-content\/uploads\/2019\/01\/b325bdfe-5a80-11e8-b12b-25e5d4b9f267_carlo04-kpp-U1110945414666hDE-1024x576@LaStampa.it_.jpg?fit=1024%2C576&ssl=1","type":"image\/jpeg"}],"author":"Fanpage","twitter_card":"summary_large_image","twitter_misc":{"Scritto da":"Fanpage","Tempo di lettura stimato":"2 minuti"},"schema":{"@context":"https:\/\/schema.org","@graph":[{"@type":"Organization","@id":"https:\/\/www.zoom--in.it\/#organization","name":"ZoomIN Magazine","url":"https:\/\/www.zoom--in.it\/","sameAs":[],"logo":{"@type":"ImageObject","inLanguage":"it-IT","@id":"https:\/\/www.zoom--in.it\/#\/schema\/logo\/image\/","url":"https:\/\/i0.wp.com\/www.zoom--in.it\/wp-content\/uploads\/2018\/11\/cropped-final.png?fit=568%2C237&ssl=1","contentUrl":"https:\/\/i0.wp.com\/www.zoom--in.it\/wp-content\/uploads\/2018\/11\/cropped-final.png?fit=568%2C237&ssl=1","width":568,"height":237,"caption":"ZoomIN Magazine"},"image":{"@id":"https:\/\/www.zoom--in.it\/#\/schema\/logo\/image\/"}},{"@type":"WebSite","@id":"https:\/\/www.zoom--in.it\/#website","url":"https:\/\/www.zoom--in.it\/","name":"ZoomIN Magazine","description":"Magazine Online libero e senza pubblicit\u00e0, pieno di rubriche e curiosit\u00e0","publisher":{"@id":"https:\/\/www.zoom--in.it\/#organization"},"potentialAction":[{"@type":"SearchAction","target":{"@type":"EntryPoint","urlTemplate":"https:\/\/www.zoom--in.it\/?s={search_term_string}"},"query-input":"required name=search_term_string"}],"inLanguage":"it-IT"},{"@type":"WebPage","@id":"https:\/\/www.zoom--in.it\/index.php\/2019\/01\/06\/lulu-il-cane-guida-che-ha-salvato-la-vita-del-piccolo-carlo\/","url":"https:\/\/www.zoom--in.it\/index.php\/2019\/01\/06\/lulu-il-cane-guida-che-ha-salvato-la-vita-del-piccolo-carlo\/","name":"Lul\u00f9, il cane guida che ha salvato la vita del piccolo Carlo - ZoomIN Magazine","isPartOf":{"@id":"https:\/\/www.zoom--in.it\/#website"},"datePublished":"2019-01-06T20:09:19+00:00","dateModified":"2019-01-11T23:14:41+00:00","breadcrumb":{"@id":"https:\/\/www.zoom--in.it\/index.php\/2019\/01\/06\/lulu-il-cane-guida-che-ha-salvato-la-vita-del-piccolo-carlo\/#breadcrumb"},"inLanguage":"it-IT","potentialAction":[{"@type":"ReadAction","target":["https:\/\/www.zoom--in.it\/index.php\/2019\/01\/06\/lulu-il-cane-guida-che-ha-salvato-la-vita-del-piccolo-carlo\/"]}]},{"@type":"BreadcrumbList","@id":"https:\/\/www.zoom--in.it\/index.php\/2019\/01\/06\/lulu-il-cane-guida-che-ha-salvato-la-vita-del-piccolo-carlo\/#breadcrumb","itemListElement":[{"@type":"ListItem","position":1,"name":"Home","item":"https:\/\/www.zoom--in.it\/"},{"@type":"ListItem","position":2,"name":"Lul\u00f9, il cane guida che ha salvato la vita del piccolo Carlo"}]},{"@type":"Article","@id":"https:\/\/www.zoom--in.it\/index.php\/2019\/01\/06\/lulu-il-cane-guida-che-ha-salvato-la-vita-del-piccolo-carlo\/#article","isPartOf":{"@id":"https:\/\/www.zoom--in.it\/index.php\/2019\/01\/06\/lulu-il-cane-guida-che-ha-salvato-la-vita-del-piccolo-carlo\/"},"author":{"name":"Fanpage","@id":"https:\/\/www.zoom--in.it\/#\/schema\/person\/c4a2143f02ef2ec0451f2a6d371045e1"},"headline":"Lul\u00f9, il cane guida che ha salvato la vita del piccolo Carlo","datePublished":"2019-01-06T20:09:19+00:00","dateModified":"2019-01-11T23:14:41+00:00","mainEntityOfPage":{"@id":"https:\/\/www.zoom--in.it\/index.php\/2019\/01\/06\/lulu-il-cane-guida-che-ha-salvato-la-vita-del-piccolo-carlo\/"},"wordCount":346,"publisher":{"@id":"https:\/\/www.zoom--in.it\/#organization"},"articleSection":["Animali"],"inLanguage":"it-IT"},{"@type":"Person","@id":"https:\/\/www.zoom--in.it\/#\/schema\/person\/c4a2143f02ef2ec0451f2a6d371045e1","name":"Fanpage","url":"https:\/\/www.zoom--in.it\/index.php\/author\/fanpage\/"}]}},"jetpack_featured_media_url":"https:\/\/i0.wp.com\/www.zoom--in.it\/wp-content\/uploads\/2019\/01\/b325bdfe-5a80-11e8-b12b-25e5d4b9f267_carlo04-kpp-U1110945414666hDE-1024x576@LaStampa.it_.jpg?fit=1024%2C576&ssl=1","jetpack_sharing_enabled":true,"jetpack_shortlink":"https:\/\/wp.me\/p9Zlh8-YY","_links":{"self":[{"href":"https:\/\/www.zoom--in.it\/index.php\/wp-json\/wp\/v2\/posts\/3780"}],"collection":[{"href":"https:\/\/www.zoom--in.it\/index.php\/wp-json\/wp\/v2\/posts"}],"about":[{"href":"https:\/\/www.zoom--in.it\/index.php\/wp-json\/wp\/v2\/types\/post"}],"author":[{"embeddable":true,"href":"https:\/\/www.zoom--in.it\/index.php\/wp-json\/wp\/v2\/users\/42"}],"replies":[{"embeddable":true,"href":"https:\/\/www.zoom--in.it\/index.php\/wp-json\/wp\/v2\/comments?post=3780"}],"version-history":[{"count":17,"href":"https:\/\/www.zoom--in.it\/index.php\/wp-json\/wp\/v2\/posts\/3780\/revisions"}],"predecessor-version":[{"id":3926,"href":"https:\/\/www.zoom--in.it\/index.php\/wp-json\/wp\/v2\/posts\/3780\/revisions\/3926"}],"wp:featuredmedia":[{"embeddable":true,"href":"https:\/\/www.zoom--in.it\/index.php\/wp-json\/wp\/v2\/media\/3787"}],"wp:attachment":[{"href":"https:\/\/www.zoom--in.it\/index.php\/wp-json\/wp\/v2\/media?parent=3780"}],"wp:term":[{"taxonomy":"category","embeddable":true,"href":"https:\/\/www.zoom--in.it\/index.php\/wp-json\/wp\/v2\/categories?post=3780"},{"taxonomy":"post_tag","embeddable":true,"href":"https:\/\/www.zoom--in.it\/index.php\/wp-json\/wp\/v2\/tags?post=3780"}],"curies":[{"name":"wp","href":"https:\/\/api.w.org\/{rel}","templated":true}]}}