{"id":3822,"date":"2019-01-09T12:49:09","date_gmt":"2019-01-09T12:49:09","guid":{"rendered":"https:\/\/www.zoom--in.it\/?p=3822"},"modified":"2019-01-11T16:20:06","modified_gmt":"2019-01-11T16:20:06","slug":"la-piccola-bicicletta-rossa-di-kurosawa","status":"publish","type":"post","link":"https:\/\/www.zoom--in.it\/index.php\/2019\/01\/09\/la-piccola-bicicletta-rossa-di-kurosawa\/","title":{"rendered":"La Piccola Bicicletta Rossa di Kurosawa."},"content":{"rendered":"\t\t<div data-elementor-type=\"wp-post\" data-elementor-id=\"3822\" class=\"elementor elementor-3822 elementor-bc-flex-widget\">\n\t\t\t\t\t\t<div class=\"elementor-inner\">\n\t\t\t\t<div class=\"elementor-section-wrap\">\n\t\t\t\t\t\t\t\t\t<section class=\"elementor-section elementor-top-section elementor-element elementor-element-71a24e1 elementor-section-boxed elementor-section-height-default elementor-section-height-default\" data-id=\"71a24e1\" data-element_type=\"section\">\n\t\t\t\t\t\t<div class=\"elementor-container elementor-column-gap-default\">\n\t\t\t\t\t\t\t<div class=\"elementor-row\">\n\t\t\t\t\t<div class=\"elementor-column elementor-col-100 elementor-top-column elementor-element elementor-element-8f4c430\" data-id=\"8f4c430\" data-element_type=\"column\">\n\t\t\t<div class=\"elementor-column-wrap elementor-element-populated\">\n\t\t\t\t\t\t\t<div class=\"elementor-widget-wrap\">\n\t\t\t\t\t\t<div class=\"elementor-element elementor-element-0fda03e elementor-widget elementor-widget-heading\" data-id=\"0fda03e\" data-element_type=\"widget\" data-widget_type=\"heading.default\">\n\t\t\t\t<div class=\"elementor-widget-container\">\n\t\t\t<h2 class=\"elementor-heading-title elementor-size-default\">La Piccola Bicicletta Rossa di Kurosawa.<\/h2>\t\t<\/div>\n\t\t\t\t<\/div>\n\t\t\t\t\t\t<\/div>\n\t\t\t\t\t<\/div>\n\t\t<\/div>\n\t\t\t\t\t\t\t\t<\/div>\n\t\t\t\t\t<\/div>\n\t\t<\/section>\n\t\t\t\t<section class=\"elementor-section elementor-top-section elementor-element elementor-element-14f3f33 elementor-section-boxed elementor-section-height-default elementor-section-height-default\" data-id=\"14f3f33\" data-element_type=\"section\">\n\t\t\t\t\t\t<div class=\"elementor-container elementor-column-gap-default\">\n\t\t\t\t\t\t\t<div class=\"elementor-row\">\n\t\t\t\t\t<div class=\"elementor-column elementor-col-100 elementor-top-column elementor-element elementor-element-edc0e4f\" data-id=\"edc0e4f\" data-element_type=\"column\">\n\t\t\t<div class=\"elementor-column-wrap elementor-element-populated\">\n\t\t\t\t\t\t\t<div class=\"elementor-widget-wrap\">\n\t\t\t\t\t\t<div class=\"elementor-element elementor-element-8fe4c4e elementor-widget elementor-widget-text-editor\" data-id=\"8fe4c4e\" data-element_type=\"widget\" data-widget_type=\"text-editor.default\">\n\t\t\t\t<div class=\"elementor-widget-container\">\n\t\t\t\t\t\t\t\t<div class=\"elementor-text-editor elementor-clearfix\">\n\t\t\t\t<p><span style=\"font-weight: 400;\">La mia prima bicicletta era rossa, rigorosamente rossa. Aveva i pedali a scatto fisso, perci\u00f2, in discesa, \u00a0dovevo allargare le piccole gambe e -rallentando- aspettare di poter rimettere i piedi sui pedali, riprendendo il controllo del mezzo. <\/span><span style=\"font-weight: 400;\"><br \/><\/span><span style=\"font-weight: 400;\">Le discese attorno casa non mancavano. Non abitavo pi\u00f9 n\u00e9 in Alto Adige, n\u00e9 a Legnago, bens\u00ec a Macerata. A soli 4 anni, gi\u00e0 avevo cambiato tre regioni. E la mia famiglia stava per spostarsi verso Bologna. Guglielmo giocava con me, pi\u00f9 degli altri miei fratelli, bench\u00e9 fosse molto pi\u00f9 grande di me. Prima di partire dalle Marche, con degli stratagemmi mi insegn\u00f2 ad andare sulla mia piccola bicicletta fiammante. Era una bicicletta acquistata in Veneto. <\/span><\/p><p><span style=\"font-weight: 400;\">Macerata: molte salite e discese. Bologna: tanta pianura, tanti portici.<\/span><span style=\"font-weight: 400;\"><br \/><\/span><span style=\"font-weight: 400;\">La rossa biciclettina<\/span><span style=\"font-weight: 400;\"> venne presto venduta: ormai troppo piccola per il bimbo cresciuto. Mi dispiacque, silenziosamente: stava con me da pi\u00f9 di due anni e aveva fatto il trasloco con noi, daLegnago a Macerata, poi a Bologna. E -morbidamente- mia madre rese non grave la separazione. Pensavo di tenerla per sempre: anzi, nella mia mente non c\u2019era neanche lo spazio per il pensiero dell\u2019allontanarmi dalla mia rossa amica. Neppure l\u2019ombra di ci\u00f2. \u00a0Fu comunque una buona lezione di <\/span><i><span style=\"font-weight: 400;\">non-attaccamento,<\/span><\/i><span style=\"font-weight: 400;\"> in una collana in cui avevano -di gi\u00e0- trovato posto altri oggetti e anche diverse persone: un parente, un amico, una ragazza molto pi\u00f9 grande di me, che avevo scelto unilateralmente come fidanzata. Ballavamo insieme: io in braccio a lei. Una grande tenerezza da parte sua per me, che avevo diciotto \u00a0anni meno di lei! <\/span><span style=\"font-weight: 400;\"><br \/><\/span><span style=\"font-weight: 400;\">Partire da Macerata fu come uscire da una nuvola, i cui contorni sanno di sogno. Andare a Bologna, signific\u00f2 altra dimensione, stranamente solare e luminosa, considerando la nebbia che per anni ci avvolse, ma non subito ci accolse.<\/span><span style=\"font-weight: 400;\"><br \/><\/span><\/p>\t\t\t\t\t<\/div>\n\t\t\t\t\t\t<\/div>\n\t\t\t\t<\/div>\n\t\t\t\t<div class=\"elementor-element elementor-element-52ac157 elementor-widget elementor-widget-image\" data-id=\"52ac157\" data-element_type=\"widget\" data-widget_type=\"image.default\">\n\t\t\t\t<div class=\"elementor-widget-container\">\n\t\t\t\t\t\t\t\t<div class=\"elementor-image\">\n\t\t\t\t\t\t\t\t\t\t\t\t<img width=\"640\" height=\"424\" src=\"https:\/\/i0.wp.com\/www.zoom--in.it\/wp-content\/uploads\/2019\/01\/Bici-Rossa-copia.png?fit=640%2C424&amp;ssl=1\" class=\"attachment-large size-large\" alt=\"\" loading=\"lazy\" data-attachment-id=\"3824\" data-permalink=\"https:\/\/www.zoom--in.it\/index.php\/2019\/01\/09\/la-piccola-bicicletta-rossa-di-kurosawa\/bici-rossa-copia\/\" data-orig-file=\"https:\/\/i0.wp.com\/www.zoom--in.it\/wp-content\/uploads\/2019\/01\/Bici-Rossa-copia.png?fit=924%2C612&amp;ssl=1\" data-orig-size=\"924,612\" data-comments-opened=\"0\" data-image-meta=\"{&quot;aperture&quot;:&quot;0&quot;,&quot;credit&quot;:&quot;&quot;,&quot;camera&quot;:&quot;&quot;,&quot;caption&quot;:&quot;&quot;,&quot;created_timestamp&quot;:&quot;0&quot;,&quot;copyright&quot;:&quot;&quot;,&quot;focal_length&quot;:&quot;0&quot;,&quot;iso&quot;:&quot;0&quot;,&quot;shutter_speed&quot;:&quot;0&quot;,&quot;title&quot;:&quot;&quot;,&quot;orientation&quot;:&quot;0&quot;}\" data-image-title=\"Bici Rossa copia\" data-image-description=\"\" data-image-caption=\"\" data-medium-file=\"https:\/\/i0.wp.com\/www.zoom--in.it\/wp-content\/uploads\/2019\/01\/Bici-Rossa-copia.png?fit=300%2C199&amp;ssl=1\" data-large-file=\"https:\/\/i0.wp.com\/www.zoom--in.it\/wp-content\/uploads\/2019\/01\/Bici-Rossa-copia.png?fit=640%2C424&amp;ssl=1\" \/>\t\t\t\t\t\t\t\t\t\t\t\t\t\t<\/div>\n\t\t\t\t\t\t<\/div>\n\t\t\t\t<\/div>\n\t\t\t\t\t\t<\/div>\n\t\t\t\t\t<\/div>\n\t\t<\/div>\n\t\t\t\t\t\t\t\t<\/div>\n\t\t\t\t\t<\/div>\n\t\t<\/section>\n\t\t\t\t<section class=\"elementor-section elementor-top-section elementor-element elementor-element-c0c845f elementor-section-boxed elementor-section-height-default elementor-section-height-default\" data-id=\"c0c845f\" data-element_type=\"section\">\n\t\t\t\t\t\t<div class=\"elementor-container elementor-column-gap-default\">\n\t\t\t\t\t\t\t<div class=\"elementor-row\">\n\t\t\t\t\t<div class=\"elementor-column elementor-col-100 elementor-top-column elementor-element elementor-element-01a4a5f\" data-id=\"01a4a5f\" data-element_type=\"column\">\n\t\t\t<div class=\"elementor-column-wrap elementor-element-populated\">\n\t\t\t\t\t\t\t<div class=\"elementor-widget-wrap\">\n\t\t\t\t\t\t<div class=\"elementor-element elementor-element-d773ea2 elementor-widget elementor-widget-text-editor\" data-id=\"d773ea2\" data-element_type=\"widget\" data-widget_type=\"text-editor.default\">\n\t\t\t\t<div class=\"elementor-widget-container\">\n\t\t\t\t\t\t\t\t<div class=\"elementor-text-editor elementor-clearfix\">\n\t\t\t\t<p><span style=\"font-weight: 400;\">Andai a venderla assieme a mia madre, in via Mazzini, vicino alla chiesa degli Alemanni. Ricordo che -in qualche modo- la salutai. Chiss\u00e0 se un altro bimbo (o pi\u00f9 d\u2019uno) ha saputo viverla come essere radiante, capace di complicit\u00e0 e conquiste comuni al corpicino e all\u2019anima del bimbetto fruitore? Per riaverne un\u2019altra, dovetti aspettare una decina d\u2019anni, ereditando dall\u2019altro mio fratello Antonio, una ambita <\/span><span style=\"font-weight: 400;\">due ruote da corsa: gialla.<\/span><span style=\"font-weight: 400;\"> In mezzo a tutti quegli anni, ricordo la vecchia, pesante bicicletta della nonna \u00a0e dei cugini del Veneto: grandi pedalate, da solo o con amici, alle pendici del monte Grappa. Mi sentivo scalatore. E la bicicletta era un amato mezzo di spostamento.<\/span><\/p>\t\t\t\t\t<\/div>\n\t\t\t\t\t\t<\/div>\n\t\t\t\t<\/div>\n\t\t\t\t<div class=\"elementor-element elementor-element-b426a6a elementor-widget elementor-widget-image\" data-id=\"b426a6a\" data-element_type=\"widget\" data-widget_type=\"image.default\">\n\t\t\t\t<div class=\"elementor-widget-container\">\n\t\t\t\t\t\t\t\t<div class=\"elementor-image\">\n\t\t\t\t\t\t\t\t\t\t\t\t<img width=\"640\" height=\"451\" src=\"https:\/\/i0.wp.com\/www.zoom--in.it\/wp-content\/uploads\/2019\/01\/Bartali-lavoro-restauro-finito.jpg?fit=640%2C451&amp;ssl=1\" class=\"attachment-large size-large\" alt=\"\" loading=\"lazy\" data-attachment-id=\"3825\" data-permalink=\"https:\/\/www.zoom--in.it\/index.php\/2019\/01\/09\/la-piccola-bicicletta-rossa-di-kurosawa\/bartali-lavoro-restauro-finito\/\" data-orig-file=\"https:\/\/i0.wp.com\/www.zoom--in.it\/wp-content\/uploads\/2019\/01\/Bartali-lavoro-restauro-finito.jpg?fit=1558%2C1098&amp;ssl=1\" data-orig-size=\"1558,1098\" data-comments-opened=\"0\" data-image-meta=\"{&quot;aperture&quot;:&quot;0&quot;,&quot;credit&quot;:&quot;&quot;,&quot;camera&quot;:&quot;&quot;,&quot;caption&quot;:&quot;&quot;,&quot;created_timestamp&quot;:&quot;0&quot;,&quot;copyright&quot;:&quot;&quot;,&quot;focal_length&quot;:&quot;0&quot;,&quot;iso&quot;:&quot;0&quot;,&quot;shutter_speed&quot;:&quot;0&quot;,&quot;title&quot;:&quot;&quot;,&quot;orientation&quot;:&quot;0&quot;}\" data-image-title=\"Bartali-lavoro-restauro-finito\" data-image-description=\"\" data-image-caption=\"\" data-medium-file=\"https:\/\/i0.wp.com\/www.zoom--in.it\/wp-content\/uploads\/2019\/01\/Bartali-lavoro-restauro-finito.jpg?fit=300%2C211&amp;ssl=1\" data-large-file=\"https:\/\/i0.wp.com\/www.zoom--in.it\/wp-content\/uploads\/2019\/01\/Bartali-lavoro-restauro-finito.jpg?fit=640%2C451&amp;ssl=1\" \/>\t\t\t\t\t\t\t\t\t\t\t\t\t\t<\/div>\n\t\t\t\t\t\t<\/div>\n\t\t\t\t<\/div>\n\t\t\t\t\t\t<\/div>\n\t\t\t\t\t<\/div>\n\t\t<\/div>\n\t\t\t\t\t\t\t\t<\/div>\n\t\t\t\t\t<\/div>\n\t\t<\/section>\n\t\t\t\t<section class=\"elementor-section elementor-top-section elementor-element elementor-element-f0236a3 elementor-section-boxed elementor-section-height-default elementor-section-height-default\" data-id=\"f0236a3\" data-element_type=\"section\">\n\t\t\t\t\t\t<div class=\"elementor-container elementor-column-gap-default\">\n\t\t\t\t\t\t\t<div class=\"elementor-row\">\n\t\t\t\t\t<div class=\"elementor-column elementor-col-100 elementor-top-column elementor-element elementor-element-86d2857\" data-id=\"86d2857\" data-element_type=\"column\">\n\t\t\t<div class=\"elementor-column-wrap elementor-element-populated\">\n\t\t\t\t\t\t\t<div class=\"elementor-widget-wrap\">\n\t\t\t\t\t\t<div class=\"elementor-element elementor-element-a2b1e3a elementor-widget elementor-widget-text-editor\" data-id=\"a2b1e3a\" data-element_type=\"widget\" data-widget_type=\"text-editor.default\">\n\t\t\t\t<div class=\"elementor-widget-container\">\n\t\t\t\t\t\t\t\t<div class=\"elementor-text-editor elementor-clearfix\">\n\t\t\t\t<p><span style=\"font-weight: 400;\">Oggi, a Bologna, la bicicletta \u00e8 di moda. E\u2019 molto utilizzata e diffusa.<\/span><span style=\"font-weight: 400;\"><br \/><\/span><span style=\"font-weight: 400;\">Io, invece, da vari decenni non ho pi\u00f9 una bicicletta e cammino a piedi, avendo litigato con l\u2019automobile, gi\u00e0 da molti anni. Non mi piace litigare con le persone: preferisco gli oggetti, le catene, le manette, le abitudini, gli addormentamenti.<\/span><\/p><p style=\"text-align: left;\"><span style=\"font-weight: 400;\">Ho da poco scoperto che anche Guido Catalano, incontrato una sola volta a Napoli, assieme a Freak Anthony e Alessandra Mostacci dopo una loro performance alla FNAC, era solito circolare in bicicletta per le vie di Torino. <em>Era<\/em> solito, poich\u00e9 un giorno venne derubato, come accade a molti.<\/span><span style=\"font-weight: 400;\"><br \/><\/span><span style=\"font-weight: 400;\"><br \/><\/span> <span style=\"font-weight: 400;\">Accade a Torino, come a Bologna e Verona, ma certamente anche altrove. E\u2019 capitato anche a me (che bimbo pi\u00f9 non sono), in modo particolare, davvero particolare. Infatti, l\u2019avevo prestata ad una mia amica e collaboratrice, dotata di una caratteristica che ritenevo potesse essere svanita nel tempo: capiva tutto a modo suo. Anche quella volta, deve aver capito che gliela regalavo. Fatto sta che l\u2019ha abbandonata nel cortile di un\u2019amica, con cui successivamente litig\u00f2. Non vide pi\u00f9 l\u2019amica, n\u00e9 io la bicicletta. Dopo qualche tempo, spar\u00ec anche lei, che intanto aveva capito altri fischi per altri fiaschi, che poi accalappiava e faceva ruotare sui sentieri dei suoi neuroni. Faceva sempre i suoi sogni, <\/span><span style=\"font-weight: 400;\">come Kurosawa. Ben altra faccenda, per\u00f2&#8230;.<\/span><\/p><p>\u00a0<\/p><p style=\"text-align: right;\"><span style=\"font-weight: 400;\"><strong>Alois Walden Grassani<\/strong><\/span><\/p>\t\t\t\t\t<\/div>\n\t\t\t\t\t\t<\/div>\n\t\t\t\t<\/div>\n\t\t\t\t\t\t<\/div>\n\t\t\t\t\t<\/div>\n\t\t<\/div>\n\t\t\t\t\t\t\t\t<\/div>\n\t\t\t\t\t<\/div>\n\t\t<\/section>\n\t\t\t\t\t\t\t\t\t<\/div>\n\t\t\t<\/div>\n\t\t\t\t\t<\/div>\n\t\t","protected":false},"excerpt":{"rendered":"<p>La Piccola Bicicletta Rossa di Kurosawa. La mia prima bicicletta era rossa, rigorosamente rossa. Aveva<\/p>\n","protected":false},"author":7,"featured_media":3826,"comment_status":"closed","ping_status":"open","sticky":false,"template":"","format":"standard","meta":{"spay_email":""},"categories":[12],"tags":[],"yoast_head":"<!-- This site is optimized with the Yoast SEO plugin v19.4 - https:\/\/yoast.com\/wordpress\/plugins\/seo\/ -->\n<title>La Piccola Bicicletta Rossa di Kurosawa. - ZoomIN Magazine<\/title>\n<meta name=\"robots\" content=\"index, follow, max-snippet:-1, max-image-preview:large, max-video-preview:-1\" \/>\n<link rel=\"canonical\" href=\"https:\/\/www.zoom--in.it\/index.php\/2019\/01\/09\/la-piccola-bicicletta-rossa-di-kurosawa\/\" \/>\n<meta property=\"og:locale\" content=\"it_IT\" \/>\n<meta property=\"og:type\" content=\"article\" \/>\n<meta property=\"og:title\" content=\"La Piccola Bicicletta Rossa di Kurosawa. - ZoomIN Magazine\" \/>\n<meta property=\"og:description\" content=\"La Piccola Bicicletta Rossa di Kurosawa. La mia prima bicicletta era rossa, rigorosamente rossa. Aveva\" \/>\n<meta property=\"og:url\" content=\"https:\/\/www.zoom--in.it\/index.php\/2019\/01\/09\/la-piccola-bicicletta-rossa-di-kurosawa\/\" \/>\n<meta property=\"og:site_name\" content=\"ZoomIN Magazine\" \/>\n<meta property=\"article:published_time\" content=\"2019-01-09T12:49:09+00:00\" \/>\n<meta property=\"article:modified_time\" content=\"2019-01-11T16:20:06+00:00\" \/>\n<meta property=\"og:image\" content=\"https:\/\/i0.wp.com\/www.zoom--in.it\/wp-content\/uploads\/2019\/01\/DREAMS-020-1000121311Dreams-020.jpg?fit=3424%2C2171&ssl=1\" \/>\n\t<meta property=\"og:image:width\" content=\"3424\" \/>\n\t<meta property=\"og:image:height\" content=\"2171\" \/>\n\t<meta property=\"og:image:type\" content=\"image\/jpeg\" \/>\n<meta name=\"author\" content=\"Alois Walden Grassani\" \/>\n<meta name=\"twitter:card\" content=\"summary_large_image\" \/>\n<meta name=\"twitter:label1\" content=\"Scritto da\" \/>\n\t<meta name=\"twitter:data1\" content=\"Alois Walden Grassani\" \/>\n\t<meta name=\"twitter:label2\" content=\"Tempo di lettura stimato\" \/>\n\t<meta name=\"twitter:data2\" content=\"3 minuti\" \/>\n<script type=\"application\/ld+json\" class=\"yoast-schema-graph\">{\"@context\":\"https:\/\/schema.org\",\"@graph\":[{\"@type\":\"Organization\",\"@id\":\"https:\/\/www.zoom--in.it\/#organization\",\"name\":\"ZoomIN Magazine\",\"url\":\"https:\/\/www.zoom--in.it\/\",\"sameAs\":[],\"logo\":{\"@type\":\"ImageObject\",\"inLanguage\":\"it-IT\",\"@id\":\"https:\/\/www.zoom--in.it\/#\/schema\/logo\/image\/\",\"url\":\"https:\/\/i0.wp.com\/www.zoom--in.it\/wp-content\/uploads\/2018\/11\/cropped-final.png?fit=568%2C237&ssl=1\",\"contentUrl\":\"https:\/\/i0.wp.com\/www.zoom--in.it\/wp-content\/uploads\/2018\/11\/cropped-final.png?fit=568%2C237&ssl=1\",\"width\":568,\"height\":237,\"caption\":\"ZoomIN Magazine\"},\"image\":{\"@id\":\"https:\/\/www.zoom--in.it\/#\/schema\/logo\/image\/\"}},{\"@type\":\"WebSite\",\"@id\":\"https:\/\/www.zoom--in.it\/#website\",\"url\":\"https:\/\/www.zoom--in.it\/\",\"name\":\"ZoomIN Magazine\",\"description\":\"Magazine Online libero e senza pubblicit\u00e0, pieno di rubriche e curiosit\u00e0\",\"publisher\":{\"@id\":\"https:\/\/www.zoom--in.it\/#organization\"},\"potentialAction\":[{\"@type\":\"SearchAction\",\"target\":{\"@type\":\"EntryPoint\",\"urlTemplate\":\"https:\/\/www.zoom--in.it\/?s={search_term_string}\"},\"query-input\":\"required name=search_term_string\"}],\"inLanguage\":\"it-IT\"},{\"@type\":\"WebPage\",\"@id\":\"https:\/\/www.zoom--in.it\/index.php\/2019\/01\/09\/la-piccola-bicicletta-rossa-di-kurosawa\/\",\"url\":\"https:\/\/www.zoom--in.it\/index.php\/2019\/01\/09\/la-piccola-bicicletta-rossa-di-kurosawa\/\",\"name\":\"La Piccola Bicicletta Rossa di Kurosawa. - ZoomIN Magazine\",\"isPartOf\":{\"@id\":\"https:\/\/www.zoom--in.it\/#website\"},\"datePublished\":\"2019-01-09T12:49:09+00:00\",\"dateModified\":\"2019-01-11T16:20:06+00:00\",\"breadcrumb\":{\"@id\":\"https:\/\/www.zoom--in.it\/index.php\/2019\/01\/09\/la-piccola-bicicletta-rossa-di-kurosawa\/#breadcrumb\"},\"inLanguage\":\"it-IT\",\"potentialAction\":[{\"@type\":\"ReadAction\",\"target\":[\"https:\/\/www.zoom--in.it\/index.php\/2019\/01\/09\/la-piccola-bicicletta-rossa-di-kurosawa\/\"]}]},{\"@type\":\"BreadcrumbList\",\"@id\":\"https:\/\/www.zoom--in.it\/index.php\/2019\/01\/09\/la-piccola-bicicletta-rossa-di-kurosawa\/#breadcrumb\",\"itemListElement\":[{\"@type\":\"ListItem\",\"position\":1,\"name\":\"Home\",\"item\":\"https:\/\/www.zoom--in.it\/\"},{\"@type\":\"ListItem\",\"position\":2,\"name\":\"La Piccola Bicicletta Rossa di Kurosawa.\"}]},{\"@type\":\"Article\",\"@id\":\"https:\/\/www.zoom--in.it\/index.php\/2019\/01\/09\/la-piccola-bicicletta-rossa-di-kurosawa\/#article\",\"isPartOf\":{\"@id\":\"https:\/\/www.zoom--in.it\/index.php\/2019\/01\/09\/la-piccola-bicicletta-rossa-di-kurosawa\/\"},\"author\":{\"name\":\"Alois Walden Grassani\",\"@id\":\"https:\/\/www.zoom--in.it\/#\/schema\/person\/973e057cf4bcf1ebda47470a14798b39\"},\"headline\":\"La Piccola Bicicletta Rossa di Kurosawa.\",\"datePublished\":\"2019-01-09T12:49:09+00:00\",\"dateModified\":\"2019-01-11T16:20:06+00:00\",\"mainEntityOfPage\":{\"@id\":\"https:\/\/www.zoom--in.it\/index.php\/2019\/01\/09\/la-piccola-bicicletta-rossa-di-kurosawa\/\"},\"wordCount\":653,\"publisher\":{\"@id\":\"https:\/\/www.zoom--in.it\/#organization\"},\"articleSection\":[\"Cultura\"],\"inLanguage\":\"it-IT\"},{\"@type\":\"Person\",\"@id\":\"https:\/\/www.zoom--in.it\/#\/schema\/person\/973e057cf4bcf1ebda47470a14798b39\",\"name\":\"Alois Walden Grassani\",\"url\":\"https:\/\/www.zoom--in.it\/index.php\/author\/alois-walden-grassani\/\"}]}<\/script>\n<!-- \/ Yoast SEO plugin. -->","yoast_head_json":{"title":"La Piccola Bicicletta Rossa di Kurosawa. - ZoomIN Magazine","robots":{"index":"index","follow":"follow","max-snippet":"max-snippet:-1","max-image-preview":"max-image-preview:large","max-video-preview":"max-video-preview:-1"},"canonical":"https:\/\/www.zoom--in.it\/index.php\/2019\/01\/09\/la-piccola-bicicletta-rossa-di-kurosawa\/","og_locale":"it_IT","og_type":"article","og_title":"La Piccola Bicicletta Rossa di Kurosawa. - ZoomIN Magazine","og_description":"La Piccola Bicicletta Rossa di Kurosawa. La mia prima bicicletta era rossa, rigorosamente rossa. Aveva","og_url":"https:\/\/www.zoom--in.it\/index.php\/2019\/01\/09\/la-piccola-bicicletta-rossa-di-kurosawa\/","og_site_name":"ZoomIN Magazine","article_published_time":"2019-01-09T12:49:09+00:00","article_modified_time":"2019-01-11T16:20:06+00:00","og_image":[{"width":3424,"height":2171,"url":"https:\/\/i0.wp.com\/www.zoom--in.it\/wp-content\/uploads\/2019\/01\/DREAMS-020-1000121311Dreams-020.jpg?fit=3424%2C2171&ssl=1","type":"image\/jpeg"}],"author":"Alois Walden Grassani","twitter_card":"summary_large_image","twitter_misc":{"Scritto da":"Alois Walden Grassani","Tempo di lettura stimato":"3 minuti"},"schema":{"@context":"https:\/\/schema.org","@graph":[{"@type":"Organization","@id":"https:\/\/www.zoom--in.it\/#organization","name":"ZoomIN Magazine","url":"https:\/\/www.zoom--in.it\/","sameAs":[],"logo":{"@type":"ImageObject","inLanguage":"it-IT","@id":"https:\/\/www.zoom--in.it\/#\/schema\/logo\/image\/","url":"https:\/\/i0.wp.com\/www.zoom--in.it\/wp-content\/uploads\/2018\/11\/cropped-final.png?fit=568%2C237&ssl=1","contentUrl":"https:\/\/i0.wp.com\/www.zoom--in.it\/wp-content\/uploads\/2018\/11\/cropped-final.png?fit=568%2C237&ssl=1","width":568,"height":237,"caption":"ZoomIN Magazine"},"image":{"@id":"https:\/\/www.zoom--in.it\/#\/schema\/logo\/image\/"}},{"@type":"WebSite","@id":"https:\/\/www.zoom--in.it\/#website","url":"https:\/\/www.zoom--in.it\/","name":"ZoomIN Magazine","description":"Magazine Online libero e senza pubblicit\u00e0, pieno di rubriche e curiosit\u00e0","publisher":{"@id":"https:\/\/www.zoom--in.it\/#organization"},"potentialAction":[{"@type":"SearchAction","target":{"@type":"EntryPoint","urlTemplate":"https:\/\/www.zoom--in.it\/?s={search_term_string}"},"query-input":"required name=search_term_string"}],"inLanguage":"it-IT"},{"@type":"WebPage","@id":"https:\/\/www.zoom--in.it\/index.php\/2019\/01\/09\/la-piccola-bicicletta-rossa-di-kurosawa\/","url":"https:\/\/www.zoom--in.it\/index.php\/2019\/01\/09\/la-piccola-bicicletta-rossa-di-kurosawa\/","name":"La Piccola Bicicletta Rossa di Kurosawa. - ZoomIN Magazine","isPartOf":{"@id":"https:\/\/www.zoom--in.it\/#website"},"datePublished":"2019-01-09T12:49:09+00:00","dateModified":"2019-01-11T16:20:06+00:00","breadcrumb":{"@id":"https:\/\/www.zoom--in.it\/index.php\/2019\/01\/09\/la-piccola-bicicletta-rossa-di-kurosawa\/#breadcrumb"},"inLanguage":"it-IT","potentialAction":[{"@type":"ReadAction","target":["https:\/\/www.zoom--in.it\/index.php\/2019\/01\/09\/la-piccola-bicicletta-rossa-di-kurosawa\/"]}]},{"@type":"BreadcrumbList","@id":"https:\/\/www.zoom--in.it\/index.php\/2019\/01\/09\/la-piccola-bicicletta-rossa-di-kurosawa\/#breadcrumb","itemListElement":[{"@type":"ListItem","position":1,"name":"Home","item":"https:\/\/www.zoom--in.it\/"},{"@type":"ListItem","position":2,"name":"La Piccola Bicicletta Rossa di Kurosawa."}]},{"@type":"Article","@id":"https:\/\/www.zoom--in.it\/index.php\/2019\/01\/09\/la-piccola-bicicletta-rossa-di-kurosawa\/#article","isPartOf":{"@id":"https:\/\/www.zoom--in.it\/index.php\/2019\/01\/09\/la-piccola-bicicletta-rossa-di-kurosawa\/"},"author":{"name":"Alois Walden Grassani","@id":"https:\/\/www.zoom--in.it\/#\/schema\/person\/973e057cf4bcf1ebda47470a14798b39"},"headline":"La Piccola Bicicletta Rossa di Kurosawa.","datePublished":"2019-01-09T12:49:09+00:00","dateModified":"2019-01-11T16:20:06+00:00","mainEntityOfPage":{"@id":"https:\/\/www.zoom--in.it\/index.php\/2019\/01\/09\/la-piccola-bicicletta-rossa-di-kurosawa\/"},"wordCount":653,"publisher":{"@id":"https:\/\/www.zoom--in.it\/#organization"},"articleSection":["Cultura"],"inLanguage":"it-IT"},{"@type":"Person","@id":"https:\/\/www.zoom--in.it\/#\/schema\/person\/973e057cf4bcf1ebda47470a14798b39","name":"Alois Walden Grassani","url":"https:\/\/www.zoom--in.it\/index.php\/author\/alois-walden-grassani\/"}]}},"jetpack_featured_media_url":"https:\/\/i0.wp.com\/www.zoom--in.it\/wp-content\/uploads\/2019\/01\/DREAMS-020-1000121311Dreams-020.jpg?fit=3424%2C2171&ssl=1","jetpack_sharing_enabled":true,"jetpack_shortlink":"https:\/\/wp.me\/p9Zlh8-ZE","_links":{"self":[{"href":"https:\/\/www.zoom--in.it\/index.php\/wp-json\/wp\/v2\/posts\/3822"}],"collection":[{"href":"https:\/\/www.zoom--in.it\/index.php\/wp-json\/wp\/v2\/posts"}],"about":[{"href":"https:\/\/www.zoom--in.it\/index.php\/wp-json\/wp\/v2\/types\/post"}],"author":[{"embeddable":true,"href":"https:\/\/www.zoom--in.it\/index.php\/wp-json\/wp\/v2\/users\/7"}],"replies":[{"embeddable":true,"href":"https:\/\/www.zoom--in.it\/index.php\/wp-json\/wp\/v2\/comments?post=3822"}],"version-history":[{"count":6,"href":"https:\/\/www.zoom--in.it\/index.php\/wp-json\/wp\/v2\/posts\/3822\/revisions"}],"predecessor-version":[{"id":3832,"href":"https:\/\/www.zoom--in.it\/index.php\/wp-json\/wp\/v2\/posts\/3822\/revisions\/3832"}],"wp:featuredmedia":[{"embeddable":true,"href":"https:\/\/www.zoom--in.it\/index.php\/wp-json\/wp\/v2\/media\/3826"}],"wp:attachment":[{"href":"https:\/\/www.zoom--in.it\/index.php\/wp-json\/wp\/v2\/media?parent=3822"}],"wp:term":[{"taxonomy":"category","embeddable":true,"href":"https:\/\/www.zoom--in.it\/index.php\/wp-json\/wp\/v2\/categories?post=3822"},{"taxonomy":"post_tag","embeddable":true,"href":"https:\/\/www.zoom--in.it\/index.php\/wp-json\/wp\/v2\/tags?post=3822"}],"curies":[{"name":"wp","href":"https:\/\/api.w.org\/{rel}","templated":true}]}}