{"id":4028,"date":"2019-01-19T15:57:08","date_gmt":"2019-01-19T15:57:08","guid":{"rendered":"https:\/\/www.zoom--in.it\/?p=4028"},"modified":"2019-01-19T16:10:15","modified_gmt":"2019-01-19T16:10:15","slug":"uccisi-perche-gay","status":"publish","type":"post","link":"https:\/\/www.zoom--in.it\/index.php\/2019\/01\/19\/uccisi-perche-gay\/","title":{"rendered":"Uccisi perch\u00e9 gay"},"content":{"rendered":"\t\t<div data-elementor-type=\"wp-post\" data-elementor-id=\"4028\" class=\"elementor elementor-4028 elementor-bc-flex-widget\">\n\t\t\t\t\t\t<div class=\"elementor-inner\">\n\t\t\t\t<div class=\"elementor-section-wrap\">\n\t\t\t\t\t\t\t\t\t<section class=\"elementor-section elementor-top-section elementor-element elementor-element-012acfa elementor-section-boxed elementor-section-height-default elementor-section-height-default\" data-id=\"012acfa\" data-element_type=\"section\">\n\t\t\t\t\t\t<div class=\"elementor-container elementor-column-gap-default\">\n\t\t\t\t\t\t\t<div class=\"elementor-row\">\n\t\t\t\t\t<div class=\"elementor-column elementor-col-100 elementor-top-column elementor-element elementor-element-c71726a\" data-id=\"c71726a\" data-element_type=\"column\">\n\t\t\t<div class=\"elementor-column-wrap elementor-element-populated\">\n\t\t\t\t\t\t\t<div class=\"elementor-widget-wrap\">\n\t\t\t\t\t\t<div class=\"elementor-element elementor-element-4a99151 elementor-widget elementor-widget-heading\" data-id=\"4a99151\" data-element_type=\"widget\" data-widget_type=\"heading.default\">\n\t\t\t\t<div class=\"elementor-widget-container\">\n\t\t\t<h2 class=\"elementor-heading-title elementor-size-default\">Uccisi perch\u00e9 gay<\/h2>\t\t<\/div>\n\t\t\t\t<\/div>\n\t\t\t\t\t\t<\/div>\n\t\t\t\t\t<\/div>\n\t\t<\/div>\n\t\t\t\t\t\t\t\t<\/div>\n\t\t\t\t\t<\/div>\n\t\t<\/section>\n\t\t\t\t<section class=\"elementor-section elementor-top-section elementor-element elementor-element-0a4a31b elementor-section-boxed elementor-section-height-default elementor-section-height-default\" data-id=\"0a4a31b\" data-element_type=\"section\">\n\t\t\t\t\t\t<div class=\"elementor-container elementor-column-gap-default\">\n\t\t\t\t\t\t\t<div class=\"elementor-row\">\n\t\t\t\t\t<div class=\"elementor-column elementor-col-100 elementor-top-column elementor-element elementor-element-ecc14af\" data-id=\"ecc14af\" data-element_type=\"column\">\n\t\t\t<div class=\"elementor-column-wrap elementor-element-populated\">\n\t\t\t\t\t\t\t<div class=\"elementor-widget-wrap\">\n\t\t\t\t\t\t<div class=\"elementor-element elementor-element-c365d24 elementor-widget elementor-widget-text-editor\" data-id=\"c365d24\" data-element_type=\"widget\" data-widget_type=\"text-editor.default\">\n\t\t\t\t<div class=\"elementor-widget-container\">\n\t\t\t\t\t\t\t\t<div class=\"elementor-text-editor elementor-clearfix\">\n\t\t\t\t<p>In Cecenia \u00e8 in corso una\u00a0<strong><a href=\"https:\/\/www.amnesty.it\/appelli\/fermiamo-la-violenza-la-comunita-lgbti-cecenia\/?asset_code=38202&amp;utm_source=DEM&amp;utm_medium=DEM&amp;utm_campaign=DEM5040\" target=\"_blank\" rel=\"noopener\" data-saferedirecturl=\"https:\/\/www.google.com\/url?q=https:\/\/www.amnesty.it\/appelli\/fermiamo-la-violenza-la-comunita-lgbti-cecenia\/?asset_code%3D38202%26utm_source%3DDEM%26utm_medium%3DDEM%26utm_campaign%3DDEM5040&amp;source=gmail&amp;ust=1547997116377000&amp;usg=AFQjCNGq3ViL1kt5NEIx2r_f-S47hjQ9PA\">nuova ondata di attacchi<\/a><\/strong>\u00a0contro persone &#8220;sospettate&#8221; di essere\u00a0<strong>lesbiche<\/strong>\u00a0o\u00a0<strong>gay<\/strong>.<\/p><p>Secondo notizie verificate dalla\u00a0<em>Rete Lgbti della Russia<\/em>, a partire dal 28 dicembre 2018, nella citt\u00e0 di Argun le autorit\u00e0 cecene hanno\u00a0<strong>arrestato almeno 40 persone<\/strong>, le hanno portate in un edificio governativo e le hanno\u00a0<strong>sottoposte a maltrattamenti e torture<\/strong>.<\/p><p><strong>Almeno due persone sarebbero state torturate fino alla morte<\/strong>.<\/p><p>Ferma ora la persecuzione in Cecenia.<\/p>\t\t\t\t\t<\/div>\n\t\t\t\t\t\t<\/div>\n\t\t\t\t<\/div>\n\t\t\t\t\t\t<\/div>\n\t\t\t\t\t<\/div>\n\t\t<\/div>\n\t\t\t\t\t\t\t\t<\/div>\n\t\t\t\t\t<\/div>\n\t\t<\/section>\n\t\t\t\t<section class=\"elementor-section elementor-top-section elementor-element elementor-element-3d757d8 elementor-section-boxed elementor-section-height-default elementor-section-height-default\" data-id=\"3d757d8\" data-element_type=\"section\">\n\t\t\t\t\t\t<div class=\"elementor-container elementor-column-gap-default\">\n\t\t\t\t\t\t\t<div class=\"elementor-row\">\n\t\t\t\t\t<div class=\"elementor-column elementor-col-100 elementor-top-column elementor-element elementor-element-8771361\" data-id=\"8771361\" data-element_type=\"column\">\n\t\t\t<div class=\"elementor-column-wrap elementor-element-populated\">\n\t\t\t\t\t\t\t<div class=\"elementor-widget-wrap\">\n\t\t\t\t\t\t<div class=\"elementor-element elementor-element-fd4ca08 elementor-button-success elementor-align-center elementor-widget elementor-widget-button\" data-id=\"fd4ca08\" data-element_type=\"widget\" data-widget_type=\"button.default\">\n\t\t\t\t<div class=\"elementor-widget-container\">\n\t\t\t\t\t<div class=\"elementor-button-wrapper\">\n\t\t\t<a href=\"https:\/\/www.amnesty.it\/appelli\/fermiamo-la-violenza-la-comunita-lgbti-cecenia\/?asset_code=38202&#038;utm_source=DEM&#038;utm_medium=DEM&#038;utm_campaign=DEM5040\" class=\"elementor-button-link elementor-button elementor-size-sm\" role=\"button\">\n\t\t\t\t\t\t<span class=\"elementor-button-content-wrapper\">\n\t\t\t\t\t\t<span class=\"elementor-button-text\">FIRMA ORA<\/span>\n\t\t<\/span>\n\t\t\t\t\t<\/a>\n\t\t<\/div>\n\t\t\t\t<\/div>\n\t\t\t\t<\/div>\n\t\t\t\t\t\t<\/div>\n\t\t\t\t\t<\/div>\n\t\t<\/div>\n\t\t\t\t\t\t\t\t<\/div>\n\t\t\t\t\t<\/div>\n\t\t<\/section>\n\t\t\t\t<section class=\"elementor-section elementor-top-section elementor-element elementor-element-1fee318 elementor-section-boxed elementor-section-height-default elementor-section-height-default\" data-id=\"1fee318\" data-element_type=\"section\">\n\t\t\t\t\t\t<div class=\"elementor-container elementor-column-gap-default\">\n\t\t\t\t\t\t\t<div class=\"elementor-row\">\n\t\t\t\t\t<div class=\"elementor-column elementor-col-100 elementor-top-column elementor-element elementor-element-ab84a7a\" data-id=\"ab84a7a\" data-element_type=\"column\">\n\t\t\t<div class=\"elementor-column-wrap elementor-element-populated\">\n\t\t\t\t\t\t\t<div class=\"elementor-widget-wrap\">\n\t\t\t\t\t\t<div class=\"elementor-element elementor-element-c21ecee elementor-widget elementor-widget-text-editor\" data-id=\"c21ecee\" data-element_type=\"widget\" data-widget_type=\"text-editor.default\">\n\t\t\t\t<div class=\"elementor-widget-container\">\n\t\t\t\t\t\t\t\t<div class=\"elementor-text-editor elementor-clearfix\">\n\t\t\t\t<p style=\"text-align: right;\"><strong>Amnesty International Italia<\/strong><\/p>\t\t\t\t\t<\/div>\n\t\t\t\t\t\t<\/div>\n\t\t\t\t<\/div>\n\t\t\t\t\t\t<\/div>\n\t\t\t\t\t<\/div>\n\t\t<\/div>\n\t\t\t\t\t\t\t\t<\/div>\n\t\t\t\t\t<\/div>\n\t\t<\/section>\n\t\t\t\t\t\t\t\t\t<\/div>\n\t\t\t<\/div>\n\t\t\t\t\t<\/div>\n\t\t","protected":false},"excerpt":{"rendered":"<p>Uccisi perch\u00e9 gay In Cecenia \u00e8 in corso una\u00a0nuova ondata di attacchi\u00a0contro persone &#8220;sospettate&#8221; di<\/p>\n","protected":false},"author":9,"featured_media":4030,"comment_status":"closed","ping_status":"open","sticky":false,"template":"","format":"standard","meta":{"spay_email":""},"categories":[16],"tags":[],"yoast_head":"<!-- This site is optimized with the Yoast SEO plugin v19.4 - https:\/\/yoast.com\/wordpress\/plugins\/seo\/ -->\n<title>Uccisi perch\u00e9 gay - ZoomIN Magazine<\/title>\n<meta name=\"robots\" content=\"index, follow, max-snippet:-1, max-image-preview:large, max-video-preview:-1\" \/>\n<link rel=\"canonical\" href=\"https:\/\/www.zoom--in.it\/index.php\/2019\/01\/19\/uccisi-perche-gay\/\" \/>\n<meta property=\"og:locale\" content=\"it_IT\" \/>\n<meta property=\"og:type\" content=\"article\" \/>\n<meta property=\"og:title\" content=\"Uccisi perch\u00e9 gay - ZoomIN Magazine\" \/>\n<meta property=\"og:description\" content=\"Uccisi perch\u00e9 gay In Cecenia \u00e8 in corso una\u00a0nuova ondata di attacchi\u00a0contro persone &#8220;sospettate&#8221; di\" \/>\n<meta property=\"og:url\" content=\"https:\/\/www.zoom--in.it\/index.php\/2019\/01\/19\/uccisi-perche-gay\/\" \/>\n<meta property=\"og:site_name\" content=\"ZoomIN Magazine\" \/>\n<meta property=\"article:published_time\" content=\"2019-01-19T15:57:08+00:00\" \/>\n<meta property=\"article:modified_time\" content=\"2019-01-19T16:10:15+00:00\" \/>\n<meta property=\"og:image\" content=\"https:\/\/i0.wp.com\/www.zoom--in.it\/wp-content\/uploads\/2019\/01\/unnamed.jpg?fit=600%2C400&ssl=1\" \/>\n\t<meta property=\"og:image:width\" content=\"600\" \/>\n\t<meta property=\"og:image:height\" content=\"400\" \/>\n\t<meta property=\"og:image:type\" content=\"image\/jpeg\" \/>\n<meta name=\"author\" content=\"Amnesty International Italia\" \/>\n<meta name=\"twitter:card\" content=\"summary_large_image\" \/>\n<meta name=\"twitter:label1\" content=\"Scritto da\" \/>\n\t<meta name=\"twitter:data1\" content=\"Amnesty International Italia\" \/>\n<script type=\"application\/ld+json\" class=\"yoast-schema-graph\">{\"@context\":\"https:\/\/schema.org\",\"@graph\":[{\"@type\":\"Organization\",\"@id\":\"https:\/\/www.zoom--in.it\/#organization\",\"name\":\"ZoomIN Magazine\",\"url\":\"https:\/\/www.zoom--in.it\/\",\"sameAs\":[],\"logo\":{\"@type\":\"ImageObject\",\"inLanguage\":\"it-IT\",\"@id\":\"https:\/\/www.zoom--in.it\/#\/schema\/logo\/image\/\",\"url\":\"https:\/\/i0.wp.com\/www.zoom--in.it\/wp-content\/uploads\/2018\/11\/cropped-final.png?fit=568%2C237&ssl=1\",\"contentUrl\":\"https:\/\/i0.wp.com\/www.zoom--in.it\/wp-content\/uploads\/2018\/11\/cropped-final.png?fit=568%2C237&ssl=1\",\"width\":568,\"height\":237,\"caption\":\"ZoomIN Magazine\"},\"image\":{\"@id\":\"https:\/\/www.zoom--in.it\/#\/schema\/logo\/image\/\"}},{\"@type\":\"WebSite\",\"@id\":\"https:\/\/www.zoom--in.it\/#website\",\"url\":\"https:\/\/www.zoom--in.it\/\",\"name\":\"ZoomIN Magazine\",\"description\":\"Magazine Online libero e senza pubblicit\u00e0, pieno di rubriche e curiosit\u00e0\",\"publisher\":{\"@id\":\"https:\/\/www.zoom--in.it\/#organization\"},\"potentialAction\":[{\"@type\":\"SearchAction\",\"target\":{\"@type\":\"EntryPoint\",\"urlTemplate\":\"https:\/\/www.zoom--in.it\/?s={search_term_string}\"},\"query-input\":\"required name=search_term_string\"}],\"inLanguage\":\"it-IT\"},{\"@type\":\"WebPage\",\"@id\":\"https:\/\/www.zoom--in.it\/index.php\/2019\/01\/19\/uccisi-perche-gay\/\",\"url\":\"https:\/\/www.zoom--in.it\/index.php\/2019\/01\/19\/uccisi-perche-gay\/\",\"name\":\"Uccisi perch\u00e9 gay - ZoomIN Magazine\",\"isPartOf\":{\"@id\":\"https:\/\/www.zoom--in.it\/#website\"},\"datePublished\":\"2019-01-19T15:57:08+00:00\",\"dateModified\":\"2019-01-19T16:10:15+00:00\",\"breadcrumb\":{\"@id\":\"https:\/\/www.zoom--in.it\/index.php\/2019\/01\/19\/uccisi-perche-gay\/#breadcrumb\"},\"inLanguage\":\"it-IT\",\"potentialAction\":[{\"@type\":\"ReadAction\",\"target\":[\"https:\/\/www.zoom--in.it\/index.php\/2019\/01\/19\/uccisi-perche-gay\/\"]}]},{\"@type\":\"BreadcrumbList\",\"@id\":\"https:\/\/www.zoom--in.it\/index.php\/2019\/01\/19\/uccisi-perche-gay\/#breadcrumb\",\"itemListElement\":[{\"@type\":\"ListItem\",\"position\":1,\"name\":\"Home\",\"item\":\"https:\/\/www.zoom--in.it\/\"},{\"@type\":\"ListItem\",\"position\":2,\"name\":\"Uccisi perch\u00e9 gay\"}]},{\"@type\":\"Article\",\"@id\":\"https:\/\/www.zoom--in.it\/index.php\/2019\/01\/19\/uccisi-perche-gay\/#article\",\"isPartOf\":{\"@id\":\"https:\/\/www.zoom--in.it\/index.php\/2019\/01\/19\/uccisi-perche-gay\/\"},\"author\":{\"name\":\"Amnesty International Italia\",\"@id\":\"https:\/\/www.zoom--in.it\/#\/schema\/person\/62e192b096cc9c375b4df690b7f425bd\"},\"headline\":\"Uccisi perch\u00e9 gay\",\"datePublished\":\"2019-01-19T15:57:08+00:00\",\"dateModified\":\"2019-01-19T16:10:15+00:00\",\"mainEntityOfPage\":{\"@id\":\"https:\/\/www.zoom--in.it\/index.php\/2019\/01\/19\/uccisi-perche-gay\/\"},\"wordCount\":81,\"publisher\":{\"@id\":\"https:\/\/www.zoom--in.it\/#organization\"},\"articleSection\":[\"Petizioni\"],\"inLanguage\":\"it-IT\"},{\"@type\":\"Person\",\"@id\":\"https:\/\/www.zoom--in.it\/#\/schema\/person\/62e192b096cc9c375b4df690b7f425bd\",\"name\":\"Amnesty International Italia\",\"url\":\"https:\/\/www.zoom--in.it\/index.php\/author\/amnesty-international-italia\/\"}]}<\/script>\n<!-- \/ Yoast SEO plugin. -->","yoast_head_json":{"title":"Uccisi perch\u00e9 gay - ZoomIN Magazine","robots":{"index":"index","follow":"follow","max-snippet":"max-snippet:-1","max-image-preview":"max-image-preview:large","max-video-preview":"max-video-preview:-1"},"canonical":"https:\/\/www.zoom--in.it\/index.php\/2019\/01\/19\/uccisi-perche-gay\/","og_locale":"it_IT","og_type":"article","og_title":"Uccisi perch\u00e9 gay - ZoomIN Magazine","og_description":"Uccisi perch\u00e9 gay In Cecenia \u00e8 in corso una\u00a0nuova ondata di attacchi\u00a0contro persone &#8220;sospettate&#8221; di","og_url":"https:\/\/www.zoom--in.it\/index.php\/2019\/01\/19\/uccisi-perche-gay\/","og_site_name":"ZoomIN Magazine","article_published_time":"2019-01-19T15:57:08+00:00","article_modified_time":"2019-01-19T16:10:15+00:00","og_image":[{"width":600,"height":400,"url":"https:\/\/i0.wp.com\/www.zoom--in.it\/wp-content\/uploads\/2019\/01\/unnamed.jpg?fit=600%2C400&ssl=1","type":"image\/jpeg"}],"author":"Amnesty International Italia","twitter_card":"summary_large_image","twitter_misc":{"Scritto da":"Amnesty International Italia"},"schema":{"@context":"https:\/\/schema.org","@graph":[{"@type":"Organization","@id":"https:\/\/www.zoom--in.it\/#organization","name":"ZoomIN Magazine","url":"https:\/\/www.zoom--in.it\/","sameAs":[],"logo":{"@type":"ImageObject","inLanguage":"it-IT","@id":"https:\/\/www.zoom--in.it\/#\/schema\/logo\/image\/","url":"https:\/\/i0.wp.com\/www.zoom--in.it\/wp-content\/uploads\/2018\/11\/cropped-final.png?fit=568%2C237&ssl=1","contentUrl":"https:\/\/i0.wp.com\/www.zoom--in.it\/wp-content\/uploads\/2018\/11\/cropped-final.png?fit=568%2C237&ssl=1","width":568,"height":237,"caption":"ZoomIN Magazine"},"image":{"@id":"https:\/\/www.zoom--in.it\/#\/schema\/logo\/image\/"}},{"@type":"WebSite","@id":"https:\/\/www.zoom--in.it\/#website","url":"https:\/\/www.zoom--in.it\/","name":"ZoomIN Magazine","description":"Magazine Online libero e senza pubblicit\u00e0, pieno di rubriche e curiosit\u00e0","publisher":{"@id":"https:\/\/www.zoom--in.it\/#organization"},"potentialAction":[{"@type":"SearchAction","target":{"@type":"EntryPoint","urlTemplate":"https:\/\/www.zoom--in.it\/?s={search_term_string}"},"query-input":"required name=search_term_string"}],"inLanguage":"it-IT"},{"@type":"WebPage","@id":"https:\/\/www.zoom--in.it\/index.php\/2019\/01\/19\/uccisi-perche-gay\/","url":"https:\/\/www.zoom--in.it\/index.php\/2019\/01\/19\/uccisi-perche-gay\/","name":"Uccisi perch\u00e9 gay - ZoomIN Magazine","isPartOf":{"@id":"https:\/\/www.zoom--in.it\/#website"},"datePublished":"2019-01-19T15:57:08+00:00","dateModified":"2019-01-19T16:10:15+00:00","breadcrumb":{"@id":"https:\/\/www.zoom--in.it\/index.php\/2019\/01\/19\/uccisi-perche-gay\/#breadcrumb"},"inLanguage":"it-IT","potentialAction":[{"@type":"ReadAction","target":["https:\/\/www.zoom--in.it\/index.php\/2019\/01\/19\/uccisi-perche-gay\/"]}]},{"@type":"BreadcrumbList","@id":"https:\/\/www.zoom--in.it\/index.php\/2019\/01\/19\/uccisi-perche-gay\/#breadcrumb","itemListElement":[{"@type":"ListItem","position":1,"name":"Home","item":"https:\/\/www.zoom--in.it\/"},{"@type":"ListItem","position":2,"name":"Uccisi perch\u00e9 gay"}]},{"@type":"Article","@id":"https:\/\/www.zoom--in.it\/index.php\/2019\/01\/19\/uccisi-perche-gay\/#article","isPartOf":{"@id":"https:\/\/www.zoom--in.it\/index.php\/2019\/01\/19\/uccisi-perche-gay\/"},"author":{"name":"Amnesty International Italia","@id":"https:\/\/www.zoom--in.it\/#\/schema\/person\/62e192b096cc9c375b4df690b7f425bd"},"headline":"Uccisi perch\u00e9 gay","datePublished":"2019-01-19T15:57:08+00:00","dateModified":"2019-01-19T16:10:15+00:00","mainEntityOfPage":{"@id":"https:\/\/www.zoom--in.it\/index.php\/2019\/01\/19\/uccisi-perche-gay\/"},"wordCount":81,"publisher":{"@id":"https:\/\/www.zoom--in.it\/#organization"},"articleSection":["Petizioni"],"inLanguage":"it-IT"},{"@type":"Person","@id":"https:\/\/www.zoom--in.it\/#\/schema\/person\/62e192b096cc9c375b4df690b7f425bd","name":"Amnesty International Italia","url":"https:\/\/www.zoom--in.it\/index.php\/author\/amnesty-international-italia\/"}]}},"jetpack_featured_media_url":"https:\/\/i0.wp.com\/www.zoom--in.it\/wp-content\/uploads\/2019\/01\/unnamed.jpg?fit=600%2C400&ssl=1","jetpack_sharing_enabled":true,"jetpack_shortlink":"https:\/\/wp.me\/p9Zlh8-12Y","_links":{"self":[{"href":"https:\/\/www.zoom--in.it\/index.php\/wp-json\/wp\/v2\/posts\/4028"}],"collection":[{"href":"https:\/\/www.zoom--in.it\/index.php\/wp-json\/wp\/v2\/posts"}],"about":[{"href":"https:\/\/www.zoom--in.it\/index.php\/wp-json\/wp\/v2\/types\/post"}],"author":[{"embeddable":true,"href":"https:\/\/www.zoom--in.it\/index.php\/wp-json\/wp\/v2\/users\/9"}],"replies":[{"embeddable":true,"href":"https:\/\/www.zoom--in.it\/index.php\/wp-json\/wp\/v2\/comments?post=4028"}],"version-history":[{"count":5,"href":"https:\/\/www.zoom--in.it\/index.php\/wp-json\/wp\/v2\/posts\/4028\/revisions"}],"predecessor-version":[{"id":4041,"href":"https:\/\/www.zoom--in.it\/index.php\/wp-json\/wp\/v2\/posts\/4028\/revisions\/4041"}],"wp:featuredmedia":[{"embeddable":true,"href":"https:\/\/www.zoom--in.it\/index.php\/wp-json\/wp\/v2\/media\/4030"}],"wp:attachment":[{"href":"https:\/\/www.zoom--in.it\/index.php\/wp-json\/wp\/v2\/media?parent=4028"}],"wp:term":[{"taxonomy":"category","embeddable":true,"href":"https:\/\/www.zoom--in.it\/index.php\/wp-json\/wp\/v2\/categories?post=4028"},{"taxonomy":"post_tag","embeddable":true,"href":"https:\/\/www.zoom--in.it\/index.php\/wp-json\/wp\/v2\/tags?post=4028"}],"curies":[{"name":"wp","href":"https:\/\/api.w.org\/{rel}","templated":true}]}}