{"id":4286,"date":"2019-02-04T13:02:19","date_gmt":"2019-02-04T13:02:19","guid":{"rendered":"https:\/\/www.zoom--in.it\/?p=4286"},"modified":"2019-02-04T13:08:13","modified_gmt":"2019-02-04T13:08:13","slug":"mi-e-scesa-la-catena","status":"publish","type":"post","link":"https:\/\/www.zoom--in.it\/index.php\/2019\/02\/04\/mi-e-scesa-la-catena\/","title":{"rendered":"MI \u00c8 SCESA LA CATENA"},"content":{"rendered":"\t\t<div data-elementor-type=\"wp-post\" data-elementor-id=\"4286\" class=\"elementor elementor-4286 elementor-bc-flex-widget\">\n\t\t\t\t\t\t<div class=\"elementor-inner\">\n\t\t\t\t<div class=\"elementor-section-wrap\">\n\t\t\t\t\t\t\t\t\t<section class=\"elementor-section elementor-top-section elementor-element elementor-element-5195637 elementor-section-boxed elementor-section-height-default elementor-section-height-default\" data-id=\"5195637\" data-element_type=\"section\">\n\t\t\t\t\t\t<div class=\"elementor-container elementor-column-gap-default\">\n\t\t\t\t\t\t\t<div class=\"elementor-row\">\n\t\t\t\t\t<div class=\"elementor-column elementor-col-100 elementor-top-column elementor-element elementor-element-f29ec06\" data-id=\"f29ec06\" data-element_type=\"column\">\n\t\t\t<div class=\"elementor-column-wrap elementor-element-populated\">\n\t\t\t\t\t\t\t<div class=\"elementor-widget-wrap\">\n\t\t\t\t\t\t<div class=\"elementor-element elementor-element-da31a4f elementor-widget elementor-widget-heading\" data-id=\"da31a4f\" data-element_type=\"widget\" data-widget_type=\"heading.default\">\n\t\t\t\t<div class=\"elementor-widget-container\">\n\t\t\t<h2 class=\"elementor-heading-title elementor-size-default\">MI \u00c8 SCESA LA CATENA\n<\/h2>\t\t<\/div>\n\t\t\t\t<\/div>\n\t\t\t\t\t\t<\/div>\n\t\t\t\t\t<\/div>\n\t\t<\/div>\n\t\t\t\t\t\t\t\t<\/div>\n\t\t\t\t\t<\/div>\n\t\t<\/section>\n\t\t\t\t<section class=\"elementor-section elementor-top-section elementor-element elementor-element-1c75cfe elementor-section-boxed elementor-section-height-default elementor-section-height-default\" data-id=\"1c75cfe\" data-element_type=\"section\">\n\t\t\t\t\t\t<div class=\"elementor-container elementor-column-gap-default\">\n\t\t\t\t\t\t\t<div class=\"elementor-row\">\n\t\t\t\t\t<div class=\"elementor-column elementor-col-100 elementor-top-column elementor-element elementor-element-f7b947b\" data-id=\"f7b947b\" data-element_type=\"column\">\n\t\t\t<div class=\"elementor-column-wrap elementor-element-populated\">\n\t\t\t\t\t\t\t<div class=\"elementor-widget-wrap\">\n\t\t\t\t\t\t<div class=\"elementor-element elementor-element-7637353 elementor-widget elementor-widget-text-editor\" data-id=\"7637353\" data-element_type=\"widget\" data-widget_type=\"text-editor.default\">\n\t\t\t\t<div class=\"elementor-widget-container\">\n\t\t\t\t\t\t\t\t<div class=\"elementor-text-editor elementor-clearfix\">\n\t\t\t\t<p style=\"font-weight: 400;\">Curiosamente, l\u2019espressione \u00e8 tipica del mondo ciclistico. Altrettanto curiosamente, fa parte del gergo bolognese, meno (molto meno) in altre regioni -o zone- italiane. Questo, sino al 1990\/91, periodo in cui tale espressione viene riportata da una canzone di Dalla \u201c<strong><em>Denis dentro il buio del locale \/ cap\u00ec che gli era scesa la catena \/ e che era meglio vomitare \/ o uscire fuori al freddo della sera<\/em><\/strong>\u201d.\u00a0<\/p><p style=\"font-weight: 400;\">\u00a0<\/p>\t\t\t\t\t<\/div>\n\t\t\t\t\t\t<\/div>\n\t\t\t\t<\/div>\n\t\t\t\t<div class=\"elementor-element elementor-element-2df52bc elementor-widget elementor-widget-image\" data-id=\"2df52bc\" data-element_type=\"widget\" data-widget_type=\"image.default\">\n\t\t\t\t<div class=\"elementor-widget-container\">\n\t\t\t\t\t\t\t\t<div class=\"elementor-image\">\n\t\t\t\t\t\t\t\t\t\t\t\t<img width=\"355\" height=\"520\" src=\"https:\/\/i0.wp.com\/www.zoom--in.it\/wp-content\/uploads\/2019\/02\/155049102-b1610e3e-73ce-4224-8129-b23858a5d881.jpg?fit=355%2C520&amp;ssl=1\" class=\"attachment-large size-large\" alt=\"\" loading=\"lazy\" data-attachment-id=\"4288\" data-permalink=\"https:\/\/www.zoom--in.it\/index.php\/2019\/02\/04\/mi-e-scesa-la-catena\/155049102-b1610e3e-73ce-4224-8129-b23858a5d881\/\" data-orig-file=\"https:\/\/i0.wp.com\/www.zoom--in.it\/wp-content\/uploads\/2019\/02\/155049102-b1610e3e-73ce-4224-8129-b23858a5d881.jpg?fit=355%2C520&amp;ssl=1\" data-orig-size=\"355,520\" data-comments-opened=\"0\" data-image-meta=\"{&quot;aperture&quot;:&quot;0&quot;,&quot;credit&quot;:&quot;&quot;,&quot;camera&quot;:&quot;&quot;,&quot;caption&quot;:&quot;&quot;,&quot;created_timestamp&quot;:&quot;0&quot;,&quot;copyright&quot;:&quot;&quot;,&quot;focal_length&quot;:&quot;0&quot;,&quot;iso&quot;:&quot;0&quot;,&quot;shutter_speed&quot;:&quot;0&quot;,&quot;title&quot;:&quot;&quot;,&quot;orientation&quot;:&quot;0&quot;}\" data-image-title=\"155049102-b1610e3e-73ce-4224-8129-b23858a5d881\" data-image-description=\"\" data-image-caption=\"\" data-medium-file=\"https:\/\/i0.wp.com\/www.zoom--in.it\/wp-content\/uploads\/2019\/02\/155049102-b1610e3e-73ce-4224-8129-b23858a5d881.jpg?fit=205%2C300&amp;ssl=1\" data-large-file=\"https:\/\/i0.wp.com\/www.zoom--in.it\/wp-content\/uploads\/2019\/02\/155049102-b1610e3e-73ce-4224-8129-b23858a5d881.jpg?fit=355%2C520&amp;ssl=1\" \/>\t\t\t\t\t\t\t\t\t\t\t\t\t\t<\/div>\n\t\t\t\t\t\t<\/div>\n\t\t\t\t<\/div>\n\t\t\t\t\t\t<\/div>\n\t\t\t\t\t<\/div>\n\t\t<\/div>\n\t\t\t\t\t\t\t\t<\/div>\n\t\t\t\t\t<\/div>\n\t\t<\/section>\n\t\t\t\t<section class=\"elementor-section elementor-top-section elementor-element elementor-element-9352869 elementor-section-boxed elementor-section-height-default elementor-section-height-default\" data-id=\"9352869\" data-element_type=\"section\">\n\t\t\t\t\t\t<div class=\"elementor-container elementor-column-gap-default\">\n\t\t\t\t\t\t\t<div class=\"elementor-row\">\n\t\t\t\t\t<div class=\"elementor-column elementor-col-100 elementor-top-column elementor-element elementor-element-a8736fd\" data-id=\"a8736fd\" data-element_type=\"column\">\n\t\t\t<div class=\"elementor-column-wrap elementor-element-populated\">\n\t\t\t\t\t\t\t<div class=\"elementor-widget-wrap\">\n\t\t\t\t\t\t<div class=\"elementor-element elementor-element-7382fa9 elementor-widget elementor-widget-text-editor\" data-id=\"7382fa9\" data-element_type=\"widget\" data-widget_type=\"text-editor.default\">\n\t\t\t\t<div class=\"elementor-widget-container\">\n\t\t\t\t\t\t\t\t<div class=\"elementor-text-editor elementor-clearfix\">\n\t\t\t\t<p>La catena del ciclista viene ben ricordata da tutti coloro che ne hanno fatto esperienza. E la metafora \u00e8 evidente: la catena esce dalla sua corretta locazione e il ciclista \u00e8 costretto a fermarsi, se non \u00e8 riuscito -senza scendere di sella- a farla rientrare in sede, grazie ad un gioco di gambe, pedali,\u00a0<em>rapporti regolati col cambio.\u00a0\u00a0<\/em>Cos\u00ec, pu\u00f2 accadere nel quotidiano, quando, scesa la catena, ci si trova bloccati, disorientati, sbandati. Pi\u00f9 ampia ancora \u00e8 poi diventata la traslazione al senso di perdere il controllo, l\u2019energia, forse anche a causa dell\u2019apporto di droghe, certamente nell\u2019esasperazione sino a dirsi \u201cnon ne posso pi\u00f9\u201d.<\/p>\t\t\t\t\t<\/div>\n\t\t\t\t\t\t<\/div>\n\t\t\t\t<\/div>\n\t\t\t\t\t\t<\/div>\n\t\t\t\t\t<\/div>\n\t\t<\/div>\n\t\t\t\t\t\t\t\t<\/div>\n\t\t\t\t\t<\/div>\n\t\t<\/section>\n\t\t\t\t\t\t\t\t\t<\/div>\n\t\t\t<\/div>\n\t\t\t\t\t<\/div>\n\t\t","protected":false},"excerpt":{"rendered":"<p>MI \u00c8 SCESA LA CATENA Curiosamente, l\u2019espressione \u00e8 tipica del mondo ciclistico. Altrettanto curiosamente, fa<\/p>\n","protected":false},"author":1,"featured_media":4291,"comment_status":"closed","ping_status":"open","sticky":false,"template":"","format":"standard","meta":{"spay_email":""},"categories":[22],"tags":[],"yoast_head":"<!-- This site is optimized with the Yoast SEO plugin v19.4 - https:\/\/yoast.com\/wordpress\/plugins\/seo\/ -->\n<title>MI \u00c8 SCESA LA CATENA - ZoomIN Magazine<\/title>\n<meta name=\"robots\" content=\"index, follow, max-snippet:-1, max-image-preview:large, max-video-preview:-1\" \/>\n<link rel=\"canonical\" href=\"https:\/\/www.zoom--in.it\/index.php\/2019\/02\/04\/mi-e-scesa-la-catena\/\" \/>\n<meta property=\"og:locale\" content=\"it_IT\" \/>\n<meta property=\"og:type\" content=\"article\" \/>\n<meta property=\"og:title\" content=\"MI \u00c8 SCESA LA CATENA - ZoomIN Magazine\" \/>\n<meta property=\"og:description\" content=\"MI \u00c8 SCESA LA CATENA Curiosamente, l\u2019espressione \u00e8 tipica del mondo ciclistico. Altrettanto curiosamente, fa\" \/>\n<meta property=\"og:url\" content=\"https:\/\/www.zoom--in.it\/index.php\/2019\/02\/04\/mi-e-scesa-la-catena\/\" \/>\n<meta property=\"og:site_name\" content=\"ZoomIN Magazine\" \/>\n<meta property=\"article:published_time\" content=\"2019-02-04T13:02:19+00:00\" \/>\n<meta property=\"article:modified_time\" content=\"2019-02-04T13:08:13+00:00\" \/>\n<meta property=\"og:image\" content=\"https:\/\/i0.wp.com\/www.zoom--in.it\/wp-content\/uploads\/2019\/02\/Chain-off-630x419.jpg?fit=630%2C419&ssl=1\" \/>\n\t<meta property=\"og:image:width\" content=\"630\" \/>\n\t<meta property=\"og:image:height\" content=\"419\" \/>\n\t<meta property=\"og:image:type\" content=\"image\/jpeg\" \/>\n<meta name=\"author\" content=\"Redazione\" \/>\n<meta name=\"twitter:card\" content=\"summary_large_image\" \/>\n<meta name=\"twitter:label1\" content=\"Scritto da\" \/>\n\t<meta name=\"twitter:data1\" content=\"Redazione\" \/>\n\t<meta name=\"twitter:label2\" content=\"Tempo di lettura stimato\" \/>\n\t<meta name=\"twitter:data2\" content=\"1 minuto\" \/>\n<script type=\"application\/ld+json\" class=\"yoast-schema-graph\">{\"@context\":\"https:\/\/schema.org\",\"@graph\":[{\"@type\":\"Organization\",\"@id\":\"https:\/\/www.zoom--in.it\/#organization\",\"name\":\"ZoomIN Magazine\",\"url\":\"https:\/\/www.zoom--in.it\/\",\"sameAs\":[],\"logo\":{\"@type\":\"ImageObject\",\"inLanguage\":\"it-IT\",\"@id\":\"https:\/\/www.zoom--in.it\/#\/schema\/logo\/image\/\",\"url\":\"https:\/\/i0.wp.com\/www.zoom--in.it\/wp-content\/uploads\/2018\/11\/cropped-final.png?fit=568%2C237&ssl=1\",\"contentUrl\":\"https:\/\/i0.wp.com\/www.zoom--in.it\/wp-content\/uploads\/2018\/11\/cropped-final.png?fit=568%2C237&ssl=1\",\"width\":568,\"height\":237,\"caption\":\"ZoomIN Magazine\"},\"image\":{\"@id\":\"https:\/\/www.zoom--in.it\/#\/schema\/logo\/image\/\"}},{\"@type\":\"WebSite\",\"@id\":\"https:\/\/www.zoom--in.it\/#website\",\"url\":\"https:\/\/www.zoom--in.it\/\",\"name\":\"ZoomIN Magazine\",\"description\":\"Magazine Online libero e senza pubblicit\u00e0, pieno di rubriche e curiosit\u00e0\",\"publisher\":{\"@id\":\"https:\/\/www.zoom--in.it\/#organization\"},\"potentialAction\":[{\"@type\":\"SearchAction\",\"target\":{\"@type\":\"EntryPoint\",\"urlTemplate\":\"https:\/\/www.zoom--in.it\/?s={search_term_string}\"},\"query-input\":\"required name=search_term_string\"}],\"inLanguage\":\"it-IT\"},{\"@type\":\"WebPage\",\"@id\":\"https:\/\/www.zoom--in.it\/index.php\/2019\/02\/04\/mi-e-scesa-la-catena\/\",\"url\":\"https:\/\/www.zoom--in.it\/index.php\/2019\/02\/04\/mi-e-scesa-la-catena\/\",\"name\":\"MI \u00c8 SCESA LA CATENA - ZoomIN Magazine\",\"isPartOf\":{\"@id\":\"https:\/\/www.zoom--in.it\/#website\"},\"datePublished\":\"2019-02-04T13:02:19+00:00\",\"dateModified\":\"2019-02-04T13:08:13+00:00\",\"breadcrumb\":{\"@id\":\"https:\/\/www.zoom--in.it\/index.php\/2019\/02\/04\/mi-e-scesa-la-catena\/#breadcrumb\"},\"inLanguage\":\"it-IT\",\"potentialAction\":[{\"@type\":\"ReadAction\",\"target\":[\"https:\/\/www.zoom--in.it\/index.php\/2019\/02\/04\/mi-e-scesa-la-catena\/\"]}]},{\"@type\":\"BreadcrumbList\",\"@id\":\"https:\/\/www.zoom--in.it\/index.php\/2019\/02\/04\/mi-e-scesa-la-catena\/#breadcrumb\",\"itemListElement\":[{\"@type\":\"ListItem\",\"position\":1,\"name\":\"Home\",\"item\":\"https:\/\/www.zoom--in.it\/\"},{\"@type\":\"ListItem\",\"position\":2,\"name\":\"MI \u00c8 SCESA LA CATENA\"}]},{\"@type\":\"Article\",\"@id\":\"https:\/\/www.zoom--in.it\/index.php\/2019\/02\/04\/mi-e-scesa-la-catena\/#article\",\"isPartOf\":{\"@id\":\"https:\/\/www.zoom--in.it\/index.php\/2019\/02\/04\/mi-e-scesa-la-catena\/\"},\"author\":{\"name\":\"Redazione\",\"@id\":\"https:\/\/www.zoom--in.it\/#\/schema\/person\/95a8fc2bd1cf71e9d305e2e6527c2c05\"},\"headline\":\"MI \u00c8 SCESA LA CATENA\",\"datePublished\":\"2019-02-04T13:02:19+00:00\",\"dateModified\":\"2019-02-04T13:08:13+00:00\",\"mainEntityOfPage\":{\"@id\":\"https:\/\/www.zoom--in.it\/index.php\/2019\/02\/04\/mi-e-scesa-la-catena\/\"},\"wordCount\":174,\"publisher\":{\"@id\":\"https:\/\/www.zoom--in.it\/#organization\"},\"articleSection\":[\"parole\"],\"inLanguage\":\"it-IT\"},{\"@type\":\"Person\",\"@id\":\"https:\/\/www.zoom--in.it\/#\/schema\/person\/95a8fc2bd1cf71e9d305e2e6527c2c05\",\"name\":\"Redazione\",\"url\":\"https:\/\/www.zoom--in.it\/index.php\/author\/zenalois_o704dnqj\/\"}]}<\/script>\n<!-- \/ Yoast SEO plugin. -->","yoast_head_json":{"title":"MI \u00c8 SCESA LA CATENA - ZoomIN Magazine","robots":{"index":"index","follow":"follow","max-snippet":"max-snippet:-1","max-image-preview":"max-image-preview:large","max-video-preview":"max-video-preview:-1"},"canonical":"https:\/\/www.zoom--in.it\/index.php\/2019\/02\/04\/mi-e-scesa-la-catena\/","og_locale":"it_IT","og_type":"article","og_title":"MI \u00c8 SCESA LA CATENA - ZoomIN Magazine","og_description":"MI \u00c8 SCESA LA CATENA Curiosamente, l\u2019espressione \u00e8 tipica del mondo ciclistico. Altrettanto curiosamente, fa","og_url":"https:\/\/www.zoom--in.it\/index.php\/2019\/02\/04\/mi-e-scesa-la-catena\/","og_site_name":"ZoomIN Magazine","article_published_time":"2019-02-04T13:02:19+00:00","article_modified_time":"2019-02-04T13:08:13+00:00","og_image":[{"width":630,"height":419,"url":"https:\/\/i0.wp.com\/www.zoom--in.it\/wp-content\/uploads\/2019\/02\/Chain-off-630x419.jpg?fit=630%2C419&ssl=1","type":"image\/jpeg"}],"author":"Redazione","twitter_card":"summary_large_image","twitter_misc":{"Scritto da":"Redazione","Tempo di lettura stimato":"1 minuto"},"schema":{"@context":"https:\/\/schema.org","@graph":[{"@type":"Organization","@id":"https:\/\/www.zoom--in.it\/#organization","name":"ZoomIN Magazine","url":"https:\/\/www.zoom--in.it\/","sameAs":[],"logo":{"@type":"ImageObject","inLanguage":"it-IT","@id":"https:\/\/www.zoom--in.it\/#\/schema\/logo\/image\/","url":"https:\/\/i0.wp.com\/www.zoom--in.it\/wp-content\/uploads\/2018\/11\/cropped-final.png?fit=568%2C237&ssl=1","contentUrl":"https:\/\/i0.wp.com\/www.zoom--in.it\/wp-content\/uploads\/2018\/11\/cropped-final.png?fit=568%2C237&ssl=1","width":568,"height":237,"caption":"ZoomIN Magazine"},"image":{"@id":"https:\/\/www.zoom--in.it\/#\/schema\/logo\/image\/"}},{"@type":"WebSite","@id":"https:\/\/www.zoom--in.it\/#website","url":"https:\/\/www.zoom--in.it\/","name":"ZoomIN Magazine","description":"Magazine Online libero e senza pubblicit\u00e0, pieno di rubriche e curiosit\u00e0","publisher":{"@id":"https:\/\/www.zoom--in.it\/#organization"},"potentialAction":[{"@type":"SearchAction","target":{"@type":"EntryPoint","urlTemplate":"https:\/\/www.zoom--in.it\/?s={search_term_string}"},"query-input":"required name=search_term_string"}],"inLanguage":"it-IT"},{"@type":"WebPage","@id":"https:\/\/www.zoom--in.it\/index.php\/2019\/02\/04\/mi-e-scesa-la-catena\/","url":"https:\/\/www.zoom--in.it\/index.php\/2019\/02\/04\/mi-e-scesa-la-catena\/","name":"MI \u00c8 SCESA LA CATENA - ZoomIN Magazine","isPartOf":{"@id":"https:\/\/www.zoom--in.it\/#website"},"datePublished":"2019-02-04T13:02:19+00:00","dateModified":"2019-02-04T13:08:13+00:00","breadcrumb":{"@id":"https:\/\/www.zoom--in.it\/index.php\/2019\/02\/04\/mi-e-scesa-la-catena\/#breadcrumb"},"inLanguage":"it-IT","potentialAction":[{"@type":"ReadAction","target":["https:\/\/www.zoom--in.it\/index.php\/2019\/02\/04\/mi-e-scesa-la-catena\/"]}]},{"@type":"BreadcrumbList","@id":"https:\/\/www.zoom--in.it\/index.php\/2019\/02\/04\/mi-e-scesa-la-catena\/#breadcrumb","itemListElement":[{"@type":"ListItem","position":1,"name":"Home","item":"https:\/\/www.zoom--in.it\/"},{"@type":"ListItem","position":2,"name":"MI \u00c8 SCESA LA CATENA"}]},{"@type":"Article","@id":"https:\/\/www.zoom--in.it\/index.php\/2019\/02\/04\/mi-e-scesa-la-catena\/#article","isPartOf":{"@id":"https:\/\/www.zoom--in.it\/index.php\/2019\/02\/04\/mi-e-scesa-la-catena\/"},"author":{"name":"Redazione","@id":"https:\/\/www.zoom--in.it\/#\/schema\/person\/95a8fc2bd1cf71e9d305e2e6527c2c05"},"headline":"MI \u00c8 SCESA LA CATENA","datePublished":"2019-02-04T13:02:19+00:00","dateModified":"2019-02-04T13:08:13+00:00","mainEntityOfPage":{"@id":"https:\/\/www.zoom--in.it\/index.php\/2019\/02\/04\/mi-e-scesa-la-catena\/"},"wordCount":174,"publisher":{"@id":"https:\/\/www.zoom--in.it\/#organization"},"articleSection":["parole"],"inLanguage":"it-IT"},{"@type":"Person","@id":"https:\/\/www.zoom--in.it\/#\/schema\/person\/95a8fc2bd1cf71e9d305e2e6527c2c05","name":"Redazione","url":"https:\/\/www.zoom--in.it\/index.php\/author\/zenalois_o704dnqj\/"}]}},"jetpack_featured_media_url":"https:\/\/i0.wp.com\/www.zoom--in.it\/wp-content\/uploads\/2019\/02\/Chain-off-630x419.jpg?fit=630%2C419&ssl=1","jetpack_sharing_enabled":true,"jetpack_shortlink":"https:\/\/wp.me\/p9Zlh8-178","_links":{"self":[{"href":"https:\/\/www.zoom--in.it\/index.php\/wp-json\/wp\/v2\/posts\/4286"}],"collection":[{"href":"https:\/\/www.zoom--in.it\/index.php\/wp-json\/wp\/v2\/posts"}],"about":[{"href":"https:\/\/www.zoom--in.it\/index.php\/wp-json\/wp\/v2\/types\/post"}],"author":[{"embeddable":true,"href":"https:\/\/www.zoom--in.it\/index.php\/wp-json\/wp\/v2\/users\/1"}],"replies":[{"embeddable":true,"href":"https:\/\/www.zoom--in.it\/index.php\/wp-json\/wp\/v2\/comments?post=4286"}],"version-history":[{"count":3,"href":"https:\/\/www.zoom--in.it\/index.php\/wp-json\/wp\/v2\/posts\/4286\/revisions"}],"predecessor-version":[{"id":4290,"href":"https:\/\/www.zoom--in.it\/index.php\/wp-json\/wp\/v2\/posts\/4286\/revisions\/4290"}],"wp:featuredmedia":[{"embeddable":true,"href":"https:\/\/www.zoom--in.it\/index.php\/wp-json\/wp\/v2\/media\/4291"}],"wp:attachment":[{"href":"https:\/\/www.zoom--in.it\/index.php\/wp-json\/wp\/v2\/media?parent=4286"}],"wp:term":[{"taxonomy":"category","embeddable":true,"href":"https:\/\/www.zoom--in.it\/index.php\/wp-json\/wp\/v2\/categories?post=4286"},{"taxonomy":"post_tag","embeddable":true,"href":"https:\/\/www.zoom--in.it\/index.php\/wp-json\/wp\/v2\/tags?post=4286"}],"curies":[{"name":"wp","href":"https:\/\/api.w.org\/{rel}","templated":true}]}}