{"id":4305,"date":"2019-02-05T16:02:16","date_gmt":"2019-02-05T16:02:16","guid":{"rendered":"https:\/\/www.zoom--in.it\/?p=4305"},"modified":"2019-02-06T15:27:47","modified_gmt":"2019-02-06T15:27:47","slug":"la-nave-dellonesta-nel-mar-del-guazzabuglio","status":"publish","type":"post","link":"https:\/\/www.zoom--in.it\/index.php\/2019\/02\/05\/la-nave-dellonesta-nel-mar-del-guazzabuglio\/","title":{"rendered":"La Nave dell\u2019Onest\u00e0  nel Mar del Guazzabuglio"},"content":{"rendered":"\t\t<div data-elementor-type=\"wp-post\" data-elementor-id=\"4305\" class=\"elementor elementor-4305 elementor-bc-flex-widget\">\n\t\t\t\t\t\t<div class=\"elementor-inner\">\n\t\t\t\t<div class=\"elementor-section-wrap\">\n\t\t\t\t\t\t\t\t\t<section class=\"elementor-section elementor-top-section elementor-element elementor-element-e856b9a elementor-section-boxed elementor-section-height-default elementor-section-height-default\" data-id=\"e856b9a\" data-element_type=\"section\">\n\t\t\t\t\t\t<div class=\"elementor-container elementor-column-gap-default\">\n\t\t\t\t\t\t\t<div class=\"elementor-row\">\n\t\t\t\t\t<div class=\"elementor-column elementor-col-100 elementor-top-column elementor-element elementor-element-04414dd\" data-id=\"04414dd\" data-element_type=\"column\">\n\t\t\t<div class=\"elementor-column-wrap elementor-element-populated\">\n\t\t\t\t\t\t\t<div class=\"elementor-widget-wrap\">\n\t\t\t\t\t\t<div class=\"elementor-element elementor-element-971adef elementor-widget elementor-widget-heading\" data-id=\"971adef\" data-element_type=\"widget\" data-widget_type=\"heading.default\">\n\t\t\t\t<div class=\"elementor-widget-container\">\n\t\t\t<h2 class=\"elementor-heading-title elementor-size-default\">La Nave dell\u2019Onest\u00e0 \n<br>nel Mar del Guazzabuglio<\/h2>\t\t<\/div>\n\t\t\t\t<\/div>\n\t\t\t\t\t\t<\/div>\n\t\t\t\t\t<\/div>\n\t\t<\/div>\n\t\t\t\t\t\t\t\t<\/div>\n\t\t\t\t\t<\/div>\n\t\t<\/section>\n\t\t\t\t<section class=\"elementor-section elementor-top-section elementor-element elementor-element-3ab66ad elementor-section-boxed elementor-section-height-default elementor-section-height-default\" data-id=\"3ab66ad\" data-element_type=\"section\">\n\t\t\t\t\t\t<div class=\"elementor-container elementor-column-gap-default\">\n\t\t\t\t\t\t\t<div class=\"elementor-row\">\n\t\t\t\t\t<div class=\"elementor-column elementor-col-100 elementor-top-column elementor-element elementor-element-4d54816\" data-id=\"4d54816\" data-element_type=\"column\">\n\t\t\t<div class=\"elementor-column-wrap elementor-element-populated\">\n\t\t\t\t\t\t\t<div class=\"elementor-widget-wrap\">\n\t\t\t\t\t\t<div class=\"elementor-element elementor-element-247d1ca elementor-widget elementor-widget-text-editor\" data-id=\"247d1ca\" data-element_type=\"widget\" data-widget_type=\"text-editor.default\">\n\t\t\t\t<div class=\"elementor-widget-container\">\n\t\t\t\t\t\t\t\t<div class=\"elementor-text-editor elementor-clearfix\">\n\t\t\t\t<p><span style=\"font-weight: 400;\">Dopo giorni di tentennamenti, il governo italiano ha dato un segno di vita, pronunciandosi sulla crisi economica, politica e sociale, per consentire al<em>\u00a0\u00ab<\/em><\/span><i><span style=\"font-weight: 400;\">popolo venezuelano di giungere nei tempi pi\u00f9 rapidi a nuove elezioni presidenziali libere e trasparenti<\/span><\/i><span style=\"font-weight: 400;\">\u00bb, spiegando anche che \u00ab<\/span><i><span style=\"font-weight: 400;\">va inoltre garantita la sicurezza dei cittadini, astenendosi da ogni forma di violenza<\/span><\/i><span style=\"font-weight: 400;\">\u00bb.<\/span><\/p><p><span style=\"font-weight: 400;\">Da un lato, tale dichiarazione sembra frutto di un compromesso fra Lega e Movimento 5 Stelle. Dall\u2019altro, bisogna riconoscere che la mancanza di chiarezza parte proprio dal territorio venezuelano: difficile \u00e8 muoversi e giudicare su una scena in cui tutti, da Trump a Putin, da Guaid\u00f2 a Maduro esprimono posizioni che sono come sipari utilizzati per nascondere scenari e realt\u00e0 di interessi economici e di parte: nessuno escluso. Si era espresso invece con pi\u00f9 chiarezza (ma sempre diplomatico, con la leggerezza di una Carla Fracci n.d.R.) il presidente della Repubblica Sergio Mattarella, presente all\u2019inaugurazione di un centro di accoglienza per migranti:\u00a0\u00ab<\/span><i><span style=\"font-weight: 400;\">non vi pu\u00f2 essere n\u00e9 incertezza n\u00e9 esitazione: la scelta tra volont\u00e0 popolare e richiesta di autentica democrazia da un lato; dall\u2019altro la violenza della forza e le sofferenze della popolazione civile<\/span><\/i><span style=\"font-weight: 400;\">\u00bb.<\/span><\/p><p><span style=\"font-weight: 400;\">Comprensibile che il presidente Mattarella -per sua indole, formazione giuridica, tendenzialmente diplomatico- si muova con cautela tra le cristallerie della politica. \u00a0Tuttavia, nel tempo presente (con tutte le sue caratteristiche tecnologiche, che spingono alla chiarezza formale e sociale) a politici e giornalisti, comunicatori e socio-politologi va richiesta una pi\u00f9 alta soglia di obiettivit\u00e0 e \u00a0coraggio. Quando ci\u00f2 non riesca ad essere realizzato, allora il lettore, il cittadino, l\u2019elettore DEVE richiedere -in assoluto- Onest\u00e0: Onest\u00e0 nelle dichiarazioni, nell\u2019attuazione della politica, nella comunicazione giornalistica.<\/span><span style=\"font-weight: 400;\"><br \/><\/span><span style=\"font-weight: 400;\">Nel caso specifico del Venezuela, vanno ricordati e riferiti alcuni punti. Proveremo a riassumerli con chiarezza.<\/span><\/p><p><span style=\"font-weight: 400;\"><br \/><\/span><b>Il primo<\/b><span style=\"font-weight: 400;\">: Maduro \u00e8 un protagonista della vita politica Venezuelana, essendo stato sindacalista e ministro gi\u00e0 nel tempo di Chavez. Questi -a fine 2011- lo ha designato suo successore. Dal 2013 -con la morte di Chavez- Maduro governa il Venezuela , eletto con due punti di vantaggio su <\/span><b><i>Henrique Capriles Radonski<\/i><\/b><span style=\"font-weight: 400;\"> di <\/span><\/p>\t\t\t\t\t<\/div>\n\t\t\t\t\t\t<\/div>\n\t\t\t\t<\/div>\n\t\t\t\t\t\t<\/div>\n\t\t\t\t\t<\/div>\n\t\t<\/div>\n\t\t\t\t\t\t\t\t<\/div>\n\t\t\t\t\t<\/div>\n\t\t<\/section>\n\t\t\t\t<section class=\"elementor-section elementor-top-section elementor-element elementor-element-bc5b6ad elementor-section-boxed elementor-section-height-default elementor-section-height-default\" data-id=\"bc5b6ad\" data-element_type=\"section\">\n\t\t\t\t\t\t<div class=\"elementor-container elementor-column-gap-default\">\n\t\t\t\t\t\t\t<div class=\"elementor-row\">\n\t\t\t\t\t<div class=\"elementor-column elementor-col-100 elementor-top-column elementor-element elementor-element-960ab3b\" data-id=\"960ab3b\" data-element_type=\"column\">\n\t\t\t<div class=\"elementor-column-wrap elementor-element-populated\">\n\t\t\t\t\t\t\t<div class=\"elementor-widget-wrap\">\n\t\t\t\t\t\t<div class=\"elementor-element elementor-element-999e636 elementor-widget elementor-widget-image\" data-id=\"999e636\" data-element_type=\"widget\" data-widget_type=\"image.default\">\n\t\t\t\t<div class=\"elementor-widget-container\">\n\t\t\t\t\t\t\t\t<div class=\"elementor-image\">\n\t\t\t\t\t\t\t\t\t\t\t\t<img width=\"303\" height=\"167\" src=\"https:\/\/i0.wp.com\/www.zoom--in.it\/wp-content\/uploads\/2019\/02\/Radonski.jpeg?fit=303%2C167&amp;ssl=1\" class=\"attachment-full size-full\" alt=\"\" loading=\"lazy\" data-attachment-id=\"4307\" data-permalink=\"https:\/\/www.zoom--in.it\/index.php\/2019\/02\/05\/la-nave-dellonesta-nel-mar-del-guazzabuglio\/radonski\/\" data-orig-file=\"https:\/\/i0.wp.com\/www.zoom--in.it\/wp-content\/uploads\/2019\/02\/Radonski.jpeg?fit=303%2C167&amp;ssl=1\" data-orig-size=\"303,167\" data-comments-opened=\"0\" data-image-meta=\"{&quot;aperture&quot;:&quot;0&quot;,&quot;credit&quot;:&quot;&quot;,&quot;camera&quot;:&quot;&quot;,&quot;caption&quot;:&quot;&quot;,&quot;created_timestamp&quot;:&quot;0&quot;,&quot;copyright&quot;:&quot;&quot;,&quot;focal_length&quot;:&quot;0&quot;,&quot;iso&quot;:&quot;0&quot;,&quot;shutter_speed&quot;:&quot;0&quot;,&quot;title&quot;:&quot;&quot;,&quot;orientation&quot;:&quot;0&quot;}\" data-image-title=\"Radonski\" data-image-description=\"\" data-image-caption=\"\" data-medium-file=\"https:\/\/i0.wp.com\/www.zoom--in.it\/wp-content\/uploads\/2019\/02\/Radonski.jpeg?fit=300%2C165&amp;ssl=1\" data-large-file=\"https:\/\/i0.wp.com\/www.zoom--in.it\/wp-content\/uploads\/2019\/02\/Radonski.jpeg?fit=303%2C167&amp;ssl=1\" \/>\t\t\t\t\t\t\t\t\t\t\t\t\t\t<\/div>\n\t\t\t\t\t\t<\/div>\n\t\t\t\t<\/div>\n\t\t\t\t\t\t<\/div>\n\t\t\t\t\t<\/div>\n\t\t<\/div>\n\t\t\t\t\t\t\t\t<\/div>\n\t\t\t\t\t<\/div>\n\t\t<\/section>\n\t\t\t\t<section class=\"elementor-section elementor-top-section elementor-element elementor-element-583c32d elementor-section-boxed elementor-section-height-default elementor-section-height-default\" data-id=\"583c32d\" data-element_type=\"section\">\n\t\t\t\t\t\t<div class=\"elementor-container elementor-column-gap-default\">\n\t\t\t\t\t\t\t<div class=\"elementor-row\">\n\t\t\t\t\t<div class=\"elementor-column elementor-col-100 elementor-top-column elementor-element elementor-element-b7bd19d\" data-id=\"b7bd19d\" data-element_type=\"column\">\n\t\t\t<div class=\"elementor-column-wrap elementor-element-populated\">\n\t\t\t\t\t\t\t<div class=\"elementor-widget-wrap\">\n\t\t\t\t\t\t<div class=\"elementor-element elementor-element-2c09058 elementor-widget elementor-widget-text-editor\" data-id=\"2c09058\" data-element_type=\"widget\" data-widget_type=\"text-editor.default\">\n\t\t\t\t<div class=\"elementor-widget-container\">\n\t\t\t\t\t\t\t\t<div class=\"elementor-text-editor elementor-clearfix\">\n\t\t\t\t<p><b><i>Prima la Giustizia<\/i><\/b><span style=\"font-weight: 400;\">, partito di centro-sinistra, che contesta le elezioni, il cui esito viene per\u00f2 ratificato dal Consiglio Nazionale Elettorale (CNE). Si ufficializza la vittoria di Nicol\u00e1s Maduro e la sua elezione alla Presidenza della Repubblica con il 50,78% dei voti contro il 48,95% dello sfidante. <\/span><span style=\"font-weight: 400;\"><br \/><\/span><span style=\"font-weight: 400;\">Va specificato che da pi\u00f9 parti vi sono state proteste per diverse irregolarit\u00e0 del procedimento elettorale, tra cui: A) mancanza di competenza da parte dell&#8217;Assemblea nazionale costituente nell&#8217;indire le elezioni. B) impedimento della partecipazione dei partiti politici d&#8217;opposizione (Prima la Giustizia, Azione Democratica e Volont\u00e0 Popolare) e la mancanza di tempo per le normali procedure organizzative elettorali.<\/span><\/p><p><span style=\"font-weight: 400;\">Per questo motivo, l&#8217;ONU, l&#8217;Unione europea, l&#8217;Organizzazione degli Stati americani, il Gruppo di Lima e alcuni Stati come l&#8217;Australia e gli Stati Uniti hanno respinto il processo elettorale. Altri paesi come Cina, Cuba, Iran, Corea del Nord, Russia, Siria, Turchia hanno invece riconosciuto il risultato elettorale.<\/span><\/p><p><span style=\"font-weight: 400;\">I principali candidati oppositori di Maduro hanno rifiutato i risultati, affermando che l&#8217;elezione ha presentato vizi di regolarit\u00e0. In un modo o nell\u2019altro, il tutto \u00e8 evidentemente rientrato, continuando a <\/span><i><span style=\"font-weight: 400;\">sobbollire<\/span><\/i><span style=\"font-weight: 400;\">, in attesa di inciampi ed eventi futuri, che non sono tardati. <\/span><span style=\"font-weight: 400;\"><br \/><\/span><span style=\"font-weight: 400;\"><br \/><\/span><span style=\"font-weight: 400;\">Nel 2018 si passer\u00e0 al secondo mandato presidenziale di Maduro<\/span><span style=\"font-weight: 400;\"><br \/><\/span><span style=\"font-weight: 400;\">Gi\u00e0 nel primo (2013-2018), erano emersi gravi problemi economici, derivanti -secondo gli oppositori- dalle politiche economiche di Ch\u00e1vez. \u00a0Si \u00e8 arrivati alla situazione estrema: <\/span><b>razionamenti e scarsit\u00e0 di generi di prima necessit\u00e0. <\/b><b><br \/><\/b><span style=\"font-weight: 400;\">Maduro ha intanto accusato i servizi segreti stranieri di fomentare un golpe contro di lui o di volerlo assassinare. In effetti, egli sar\u00e0 obiettivo di un attentato tramite drone, con 7 feriti e Maduro illeso.<\/span><\/p><p><span style=\"font-weight: 400;\">La situazione economica, accuse di corruzione e cattiva gestione del governo del paese, hanno portato a forti proteste popolari, gi\u00e0 nella seconda met\u00e0 del 2013, poi nel 2014: varie le vittime e i feriti. Il governo nega. <\/span><span style=\"font-weight: 400;\"><br \/><\/span><span style=\"font-weight: 400;\"><br \/><\/span><b>Il secondo punto<\/b><span style=\"font-weight: 400;\">: Maduro all\u2019interno del biennio 2013-2015, governa in due periodi, grazie ad una cosiddetta \u00abLegge Abilitante\u00bb, che d\u00e0 al Presidente il <\/span><b>potere di emanare leggi senza l\u2019approvazione del Parlamento.<\/b><\/p>\t\t\t\t\t<\/div>\n\t\t\t\t\t\t<\/div>\n\t\t\t\t<\/div>\n\t\t\t\t\t\t<\/div>\n\t\t\t\t\t<\/div>\n\t\t<\/div>\n\t\t\t\t\t\t\t\t<\/div>\n\t\t\t\t\t<\/div>\n\t\t<\/section>\n\t\t\t\t<section class=\"elementor-section elementor-top-section elementor-element elementor-element-0666315 elementor-section-boxed elementor-section-height-default elementor-section-height-default\" data-id=\"0666315\" data-element_type=\"section\">\n\t\t\t\t\t\t<div class=\"elementor-container elementor-column-gap-default\">\n\t\t\t\t\t\t\t<div class=\"elementor-row\">\n\t\t\t\t\t<div class=\"elementor-column elementor-col-100 elementor-top-column elementor-element elementor-element-42822f8\" data-id=\"42822f8\" data-element_type=\"column\">\n\t\t\t<div class=\"elementor-column-wrap elementor-element-populated\">\n\t\t\t\t\t\t\t<div class=\"elementor-widget-wrap\">\n\t\t\t\t\t\t<div class=\"elementor-element elementor-element-9cd769b elementor-widget elementor-widget-image\" data-id=\"9cd769b\" data-element_type=\"widget\" data-widget_type=\"image.default\">\n\t\t\t\t<div class=\"elementor-widget-container\">\n\t\t\t\t\t\t\t\t<div class=\"elementor-image\">\n\t\t\t\t\t\t\t\t\t\t\t\t<img width=\"640\" height=\"360\" src=\"https:\/\/i0.wp.com\/www.zoom--in.it\/wp-content\/uploads\/2019\/02\/Luisa-Ortega-1100x619.jpg?fit=640%2C360&amp;ssl=1\" class=\"attachment-large size-large\" alt=\"\" loading=\"lazy\" data-attachment-id=\"4308\" data-permalink=\"https:\/\/www.zoom--in.it\/index.php\/2019\/02\/05\/la-nave-dellonesta-nel-mar-del-guazzabuglio\/luisa-ortega-1100x619\/\" data-orig-file=\"https:\/\/i0.wp.com\/www.zoom--in.it\/wp-content\/uploads\/2019\/02\/Luisa-Ortega-1100x619.jpg?fit=1100%2C619&amp;ssl=1\" data-orig-size=\"1100,619\" data-comments-opened=\"0\" data-image-meta=\"{&quot;aperture&quot;:&quot;0&quot;,&quot;credit&quot;:&quot;&quot;,&quot;camera&quot;:&quot;&quot;,&quot;caption&quot;:&quot;&quot;,&quot;created_timestamp&quot;:&quot;0&quot;,&quot;copyright&quot;:&quot;&quot;,&quot;focal_length&quot;:&quot;0&quot;,&quot;iso&quot;:&quot;0&quot;,&quot;shutter_speed&quot;:&quot;0&quot;,&quot;title&quot;:&quot;&quot;,&quot;orientation&quot;:&quot;0&quot;}\" data-image-title=\"Luisa-Ortega-1100&#215;619\" data-image-description=\"\" data-image-caption=\"\" data-medium-file=\"https:\/\/i0.wp.com\/www.zoom--in.it\/wp-content\/uploads\/2019\/02\/Luisa-Ortega-1100x619.jpg?fit=300%2C169&amp;ssl=1\" data-large-file=\"https:\/\/i0.wp.com\/www.zoom--in.it\/wp-content\/uploads\/2019\/02\/Luisa-Ortega-1100x619.jpg?fit=640%2C360&amp;ssl=1\" \/>\t\t\t\t\t\t\t\t\t\t\t\t\t\t<\/div>\n\t\t\t\t\t\t<\/div>\n\t\t\t\t<\/div>\n\t\t\t\t\t\t<\/div>\n\t\t\t\t\t<\/div>\n\t\t<\/div>\n\t\t\t\t\t\t\t\t<\/div>\n\t\t\t\t\t<\/div>\n\t\t<\/section>\n\t\t\t\t<section class=\"elementor-section elementor-top-section elementor-element elementor-element-276e918 elementor-section-boxed elementor-section-height-default elementor-section-height-default\" data-id=\"276e918\" data-element_type=\"section\">\n\t\t\t\t\t\t<div class=\"elementor-container elementor-column-gap-default\">\n\t\t\t\t\t\t\t<div class=\"elementor-row\">\n\t\t\t\t\t<div class=\"elementor-column elementor-col-100 elementor-top-column elementor-element elementor-element-90b42bb\" data-id=\"90b42bb\" data-element_type=\"column\">\n\t\t\t<div class=\"elementor-column-wrap elementor-element-populated\">\n\t\t\t\t\t\t\t<div class=\"elementor-widget-wrap\">\n\t\t\t\t\t\t<div class=\"elementor-element elementor-element-6ccfffb elementor-widget elementor-widget-text-editor\" data-id=\"6ccfffb\" data-element_type=\"widget\" data-widget_type=\"text-editor.default\">\n\t\t\t\t<div class=\"elementor-widget-container\">\n\t\t\t\t\t\t\t\t<div class=\"elementor-text-editor elementor-clearfix\">\n\t\t\t\t<p><b>Il terzo punto: <\/b><span style=\"font-weight: 400;\">Nel 2017 la <\/span><b>procuratrice generale del Venezuela Luisa Ortega D\u00edaz<\/b><span style=\"font-weight: 400;\"> ha promosso davanti alla Corte Suprema un&#8217;azione nei suoi confronti, con <\/span><b><i>l&#8217;accusa di aver violato l&#8217;ordine costituzionale e sovvertito il sistema democratico<\/i><\/b><span style=\"font-weight: 400;\">. La procuratrice -in seguito alle accuse- \u00e8 stata rimossa dall&#8217;Assemblea Costituente, in cui Maduro ha la maggioranza. Sentendosi in pericolo di vita, Luisa Ortega D\u00edaz ha immediatamente abbandonato il Venezuela, trasferendosi in Colombia, a Bogot\u00e0.<\/span><\/p><p><span style=\"font-weight: 400;\">Nel 2017, assieme ad alcuni ministri del suo governo, Maduro \u00e8 stato inoltre <\/span><b>denunciato<\/b><span style=\"font-weight: 400;\"> dalla stessa Luisa Ortega D\u00edaz, alla Corte penale internazionale <\/span><b>per aver assassinato (negli anni 2015 &#8211; 2017) circa ottomila persone,<\/b><span style=\"font-weight: 400;\"> nonch\u00e9 attuato la <\/span><b>tortura,<\/b><span style=\"font-weight: 400;\"> la detenzione arbitraria, la violazione di domicilio e la sottoposizione di civili al giudizio di tribunali militari, per ragioni politiche.<\/span><\/p>\t\t\t\t\t<\/div>\n\t\t\t\t\t\t<\/div>\n\t\t\t\t<\/div>\n\t\t\t\t\t\t<\/div>\n\t\t\t\t\t<\/div>\n\t\t<\/div>\n\t\t\t\t\t\t\t\t<\/div>\n\t\t\t\t\t<\/div>\n\t\t<\/section>\n\t\t\t\t<section class=\"elementor-section elementor-top-section elementor-element elementor-element-b268a78 elementor-section-boxed elementor-section-height-default elementor-section-height-default\" data-id=\"b268a78\" data-element_type=\"section\">\n\t\t\t\t\t\t<div class=\"elementor-container elementor-column-gap-default\">\n\t\t\t\t\t\t\t<div class=\"elementor-row\">\n\t\t\t\t\t<div class=\"elementor-column elementor-col-100 elementor-top-column elementor-element elementor-element-8d37848\" data-id=\"8d37848\" data-element_type=\"column\">\n\t\t\t<div class=\"elementor-column-wrap elementor-element-populated\">\n\t\t\t\t\t\t\t<div class=\"elementor-widget-wrap\">\n\t\t\t\t\t\t<div class=\"elementor-element elementor-element-80ac4d7 elementor-widget elementor-widget-text-editor\" data-id=\"80ac4d7\" data-element_type=\"widget\" data-widget_type=\"text-editor.default\">\n\t\t\t\t<div class=\"elementor-widget-container\">\n\t\t\t\t\t\t\t\t<div class=\"elementor-text-editor elementor-clearfix\">\n\t\t\t\t<p><b>Di tutto questo, non si sente parlare da tv e giornali, almeno in Italia.<\/b><span style=\"font-weight: 400;\"> Vi sono giusto notizie in rete web. Ma di tutto questo, da tempo si sarebbe dovuto parlare, a partire dal dopo Chavez, per appurare verit\u00e0 e consolidate realt\u00e0.<\/span><span style=\"font-weight: 400;\"><br \/><\/span><span style=\"font-weight: 400;\">Certamente \u00e8 scorretto balzare sulla scena con la notizia che Guaid\u00f2 \u201c<\/span><i><span style=\"font-weight: 400;\">si \u00e8 autoproclamato<\/span><\/i><span style=\"font-weight: 400;\">\u201d presidente ad interim del Venezuela, senza spiegare il grado di credibilit\u00e0 sia di Maduro, sia di Guaid\u00f2, nonch\u00e9 gli eventi precedenti. E senza spiegare chiaramente che l\u2019Assemblea Nazionale (il Parlamento Venezuelano) l&#8217;Assemblea nazionale, l&#8217;organo democratico legittimo del Venezuela, appoggia e sostiene Guaid\u00f2, egli stesso espressione e frutto di tale Assemblea, i cui poteri devono essere ripristinati e rispettati nella legalit\u00e0 e nella democrazia, comprese le prerogative e la sicurezza dei suoi componenti.<\/span><span style=\"font-weight: 400;\"><br \/><\/span><\/p>\t\t\t\t\t<\/div>\n\t\t\t\t\t\t<\/div>\n\t\t\t\t<\/div>\n\t\t\t\t<div class=\"elementor-element elementor-element-e77eb87 elementor-widget elementor-widget-image\" data-id=\"e77eb87\" data-element_type=\"widget\" data-widget_type=\"image.default\">\n\t\t\t\t<div class=\"elementor-widget-container\">\n\t\t\t\t\t\t\t\t<div class=\"elementor-image\">\n\t\t\t\t\t\t\t\t\t\t\t\t<img width=\"640\" height=\"446\" src=\"https:\/\/i0.wp.com\/www.zoom--in.it\/wp-content\/uploads\/2019\/02\/venezuela-face-large.jpg?fit=640%2C446&amp;ssl=1\" class=\"attachment-large size-large\" alt=\"\" loading=\"lazy\" data-attachment-id=\"4310\" data-permalink=\"https:\/\/www.zoom--in.it\/index.php\/2019\/02\/05\/la-nave-dellonesta-nel-mar-del-guazzabuglio\/venezuela-face-large\/\" data-orig-file=\"https:\/\/i0.wp.com\/www.zoom--in.it\/wp-content\/uploads\/2019\/02\/venezuela-face-large.jpg?fit=1024%2C714&amp;ssl=1\" data-orig-size=\"1024,714\" data-comments-opened=\"0\" data-image-meta=\"{&quot;aperture&quot;:&quot;0&quot;,&quot;credit&quot;:&quot;&quot;,&quot;camera&quot;:&quot;&quot;,&quot;caption&quot;:&quot;&quot;,&quot;created_timestamp&quot;:&quot;0&quot;,&quot;copyright&quot;:&quot;&quot;,&quot;focal_length&quot;:&quot;0&quot;,&quot;iso&quot;:&quot;0&quot;,&quot;shutter_speed&quot;:&quot;0&quot;,&quot;title&quot;:&quot;&quot;,&quot;orientation&quot;:&quot;0&quot;}\" data-image-title=\"venezuela-face-large\" data-image-description=\"\" data-image-caption=\"\" data-medium-file=\"https:\/\/i0.wp.com\/www.zoom--in.it\/wp-content\/uploads\/2019\/02\/venezuela-face-large.jpg?fit=300%2C209&amp;ssl=1\" data-large-file=\"https:\/\/i0.wp.com\/www.zoom--in.it\/wp-content\/uploads\/2019\/02\/venezuela-face-large.jpg?fit=640%2C446&amp;ssl=1\" \/>\t\t\t\t\t\t\t\t\t\t\t\t\t\t<\/div>\n\t\t\t\t\t\t<\/div>\n\t\t\t\t<\/div>\n\t\t\t\t\t\t<\/div>\n\t\t\t\t\t<\/div>\n\t\t<\/div>\n\t\t\t\t\t\t\t\t<\/div>\n\t\t\t\t\t<\/div>\n\t\t<\/section>\n\t\t\t\t<section class=\"elementor-section elementor-top-section elementor-element elementor-element-932d139 elementor-section-boxed elementor-section-height-default elementor-section-height-default\" data-id=\"932d139\" data-element_type=\"section\">\n\t\t\t\t\t\t<div class=\"elementor-container elementor-column-gap-default\">\n\t\t\t\t\t\t\t<div class=\"elementor-row\">\n\t\t\t\t\t<div class=\"elementor-column elementor-col-100 elementor-top-column elementor-element elementor-element-20a01c9\" data-id=\"20a01c9\" data-element_type=\"column\">\n\t\t\t<div class=\"elementor-column-wrap elementor-element-populated\">\n\t\t\t\t\t\t\t<div class=\"elementor-widget-wrap\">\n\t\t\t\t\t\t<div class=\"elementor-element elementor-element-2aab213 elementor-widget elementor-widget-text-editor\" data-id=\"2aab213\" data-element_type=\"widget\" data-widget_type=\"text-editor.default\">\n\t\t\t\t<div class=\"elementor-widget-container\">\n\t\t\t\t\t\t\t\t<div class=\"elementor-text-editor elementor-clearfix\">\n\t\t\t\t<p style=\"text-align: right;\"><b>Alois Walden Grassani<\/b><\/p>\t\t\t\t\t<\/div>\n\t\t\t\t\t\t<\/div>\n\t\t\t\t<\/div>\n\t\t\t\t\t\t<\/div>\n\t\t\t\t\t<\/div>\n\t\t<\/div>\n\t\t\t\t\t\t\t\t<\/div>\n\t\t\t\t\t<\/div>\n\t\t<\/section>\n\t\t\t\t\t\t\t\t\t<\/div>\n\t\t\t<\/div>\n\t\t\t\t\t<\/div>\n\t\t","protected":false},"excerpt":{"rendered":"<p>La Nave dell\u2019Onest\u00e0 nel Mar del Guazzabuglio Dopo giorni di tentennamenti, il governo italiano ha<\/p>\n","protected":false},"author":7,"featured_media":4317,"comment_status":"closed","ping_status":"open","sticky":false,"template":"","format":"standard","meta":{"spay_email":""},"categories":[3],"tags":[],"yoast_head":"<!-- This site is optimized with the Yoast SEO plugin v19.4 - https:\/\/yoast.com\/wordpress\/plugins\/seo\/ -->\n<title>La Nave dell\u2019Onest\u00e0 nel Mar del Guazzabuglio - ZoomIN Magazine<\/title>\n<meta name=\"robots\" content=\"index, follow, max-snippet:-1, max-image-preview:large, max-video-preview:-1\" \/>\n<link rel=\"canonical\" href=\"https:\/\/www.zoom--in.it\/index.php\/2019\/02\/05\/la-nave-dellonesta-nel-mar-del-guazzabuglio\/\" \/>\n<meta property=\"og:locale\" content=\"it_IT\" \/>\n<meta property=\"og:type\" content=\"article\" \/>\n<meta property=\"og:title\" content=\"La Nave dell\u2019Onest\u00e0 nel Mar del Guazzabuglio - ZoomIN Magazine\" \/>\n<meta property=\"og:description\" content=\"La Nave dell\u2019Onest\u00e0 nel Mar del Guazzabuglio Dopo giorni di tentennamenti, il governo italiano ha\" \/>\n<meta property=\"og:url\" content=\"https:\/\/www.zoom--in.it\/index.php\/2019\/02\/05\/la-nave-dellonesta-nel-mar-del-guazzabuglio\/\" \/>\n<meta property=\"og:site_name\" content=\"ZoomIN Magazine\" \/>\n<meta property=\"article:published_time\" content=\"2019-02-05T16:02:16+00:00\" \/>\n<meta property=\"article:modified_time\" content=\"2019-02-06T15:27:47+00:00\" \/>\n<meta property=\"og:image\" content=\"https:\/\/i0.wp.com\/www.zoom--in.it\/wp-content\/uploads\/2019\/02\/DAWSON-2.jpg?fit=1514%2C1012&ssl=1\" \/>\n\t<meta property=\"og:image:width\" content=\"1514\" \/>\n\t<meta property=\"og:image:height\" content=\"1012\" \/>\n\t<meta property=\"og:image:type\" content=\"image\/jpeg\" \/>\n<meta name=\"author\" content=\"Alois Walden Grassani\" \/>\n<meta name=\"twitter:card\" content=\"summary_large_image\" \/>\n<meta name=\"twitter:label1\" content=\"Scritto da\" \/>\n\t<meta name=\"twitter:data1\" content=\"Alois Walden Grassani\" \/>\n\t<meta name=\"twitter:label2\" content=\"Tempo di lettura stimato\" \/>\n\t<meta name=\"twitter:data2\" content=\"5 minuti\" \/>\n<script type=\"application\/ld+json\" class=\"yoast-schema-graph\">{\"@context\":\"https:\/\/schema.org\",\"@graph\":[{\"@type\":\"Organization\",\"@id\":\"https:\/\/www.zoom--in.it\/#organization\",\"name\":\"ZoomIN Magazine\",\"url\":\"https:\/\/www.zoom--in.it\/\",\"sameAs\":[],\"logo\":{\"@type\":\"ImageObject\",\"inLanguage\":\"it-IT\",\"@id\":\"https:\/\/www.zoom--in.it\/#\/schema\/logo\/image\/\",\"url\":\"https:\/\/i0.wp.com\/www.zoom--in.it\/wp-content\/uploads\/2018\/11\/cropped-final.png?fit=568%2C237&ssl=1\",\"contentUrl\":\"https:\/\/i0.wp.com\/www.zoom--in.it\/wp-content\/uploads\/2018\/11\/cropped-final.png?fit=568%2C237&ssl=1\",\"width\":568,\"height\":237,\"caption\":\"ZoomIN Magazine\"},\"image\":{\"@id\":\"https:\/\/www.zoom--in.it\/#\/schema\/logo\/image\/\"}},{\"@type\":\"WebSite\",\"@id\":\"https:\/\/www.zoom--in.it\/#website\",\"url\":\"https:\/\/www.zoom--in.it\/\",\"name\":\"ZoomIN Magazine\",\"description\":\"Magazine Online libero e senza pubblicit\u00e0, pieno di rubriche e curiosit\u00e0\",\"publisher\":{\"@id\":\"https:\/\/www.zoom--in.it\/#organization\"},\"potentialAction\":[{\"@type\":\"SearchAction\",\"target\":{\"@type\":\"EntryPoint\",\"urlTemplate\":\"https:\/\/www.zoom--in.it\/?s={search_term_string}\"},\"query-input\":\"required name=search_term_string\"}],\"inLanguage\":\"it-IT\"},{\"@type\":\"WebPage\",\"@id\":\"https:\/\/www.zoom--in.it\/index.php\/2019\/02\/05\/la-nave-dellonesta-nel-mar-del-guazzabuglio\/\",\"url\":\"https:\/\/www.zoom--in.it\/index.php\/2019\/02\/05\/la-nave-dellonesta-nel-mar-del-guazzabuglio\/\",\"name\":\"La Nave dell\u2019Onest\u00e0 nel Mar del Guazzabuglio - ZoomIN Magazine\",\"isPartOf\":{\"@id\":\"https:\/\/www.zoom--in.it\/#website\"},\"datePublished\":\"2019-02-05T16:02:16+00:00\",\"dateModified\":\"2019-02-06T15:27:47+00:00\",\"breadcrumb\":{\"@id\":\"https:\/\/www.zoom--in.it\/index.php\/2019\/02\/05\/la-nave-dellonesta-nel-mar-del-guazzabuglio\/#breadcrumb\"},\"inLanguage\":\"it-IT\",\"potentialAction\":[{\"@type\":\"ReadAction\",\"target\":[\"https:\/\/www.zoom--in.it\/index.php\/2019\/02\/05\/la-nave-dellonesta-nel-mar-del-guazzabuglio\/\"]}]},{\"@type\":\"BreadcrumbList\",\"@id\":\"https:\/\/www.zoom--in.it\/index.php\/2019\/02\/05\/la-nave-dellonesta-nel-mar-del-guazzabuglio\/#breadcrumb\",\"itemListElement\":[{\"@type\":\"ListItem\",\"position\":1,\"name\":\"Home\",\"item\":\"https:\/\/www.zoom--in.it\/\"},{\"@type\":\"ListItem\",\"position\":2,\"name\":\"La Nave dell\u2019Onest\u00e0 nel Mar del Guazzabuglio\"}]},{\"@type\":\"Article\",\"@id\":\"https:\/\/www.zoom--in.it\/index.php\/2019\/02\/05\/la-nave-dellonesta-nel-mar-del-guazzabuglio\/#article\",\"isPartOf\":{\"@id\":\"https:\/\/www.zoom--in.it\/index.php\/2019\/02\/05\/la-nave-dellonesta-nel-mar-del-guazzabuglio\/\"},\"author\":{\"name\":\"Alois Walden Grassani\",\"@id\":\"https:\/\/www.zoom--in.it\/#\/schema\/person\/973e057cf4bcf1ebda47470a14798b39\"},\"headline\":\"La Nave dell\u2019Onest\u00e0 nel Mar del Guazzabuglio\",\"datePublished\":\"2019-02-05T16:02:16+00:00\",\"dateModified\":\"2019-02-06T15:27:47+00:00\",\"mainEntityOfPage\":{\"@id\":\"https:\/\/www.zoom--in.it\/index.php\/2019\/02\/05\/la-nave-dellonesta-nel-mar-del-guazzabuglio\/\"},\"wordCount\":942,\"publisher\":{\"@id\":\"https:\/\/www.zoom--in.it\/#organization\"},\"articleSection\":[\"Mondo\"],\"inLanguage\":\"it-IT\"},{\"@type\":\"Person\",\"@id\":\"https:\/\/www.zoom--in.it\/#\/schema\/person\/973e057cf4bcf1ebda47470a14798b39\",\"name\":\"Alois Walden Grassani\",\"url\":\"https:\/\/www.zoom--in.it\/index.php\/author\/alois-walden-grassani\/\"}]}<\/script>\n<!-- \/ Yoast SEO plugin. -->","yoast_head_json":{"title":"La Nave dell\u2019Onest\u00e0 nel Mar del Guazzabuglio - ZoomIN Magazine","robots":{"index":"index","follow":"follow","max-snippet":"max-snippet:-1","max-image-preview":"max-image-preview:large","max-video-preview":"max-video-preview:-1"},"canonical":"https:\/\/www.zoom--in.it\/index.php\/2019\/02\/05\/la-nave-dellonesta-nel-mar-del-guazzabuglio\/","og_locale":"it_IT","og_type":"article","og_title":"La Nave dell\u2019Onest\u00e0 nel Mar del Guazzabuglio - ZoomIN Magazine","og_description":"La Nave dell\u2019Onest\u00e0 nel Mar del Guazzabuglio Dopo giorni di tentennamenti, il governo italiano ha","og_url":"https:\/\/www.zoom--in.it\/index.php\/2019\/02\/05\/la-nave-dellonesta-nel-mar-del-guazzabuglio\/","og_site_name":"ZoomIN Magazine","article_published_time":"2019-02-05T16:02:16+00:00","article_modified_time":"2019-02-06T15:27:47+00:00","og_image":[{"width":1514,"height":1012,"url":"https:\/\/i0.wp.com\/www.zoom--in.it\/wp-content\/uploads\/2019\/02\/DAWSON-2.jpg?fit=1514%2C1012&ssl=1","type":"image\/jpeg"}],"author":"Alois Walden Grassani","twitter_card":"summary_large_image","twitter_misc":{"Scritto da":"Alois Walden Grassani","Tempo di lettura stimato":"5 minuti"},"schema":{"@context":"https:\/\/schema.org","@graph":[{"@type":"Organization","@id":"https:\/\/www.zoom--in.it\/#organization","name":"ZoomIN Magazine","url":"https:\/\/www.zoom--in.it\/","sameAs":[],"logo":{"@type":"ImageObject","inLanguage":"it-IT","@id":"https:\/\/www.zoom--in.it\/#\/schema\/logo\/image\/","url":"https:\/\/i0.wp.com\/www.zoom--in.it\/wp-content\/uploads\/2018\/11\/cropped-final.png?fit=568%2C237&ssl=1","contentUrl":"https:\/\/i0.wp.com\/www.zoom--in.it\/wp-content\/uploads\/2018\/11\/cropped-final.png?fit=568%2C237&ssl=1","width":568,"height":237,"caption":"ZoomIN Magazine"},"image":{"@id":"https:\/\/www.zoom--in.it\/#\/schema\/logo\/image\/"}},{"@type":"WebSite","@id":"https:\/\/www.zoom--in.it\/#website","url":"https:\/\/www.zoom--in.it\/","name":"ZoomIN Magazine","description":"Magazine Online libero e senza pubblicit\u00e0, pieno di rubriche e curiosit\u00e0","publisher":{"@id":"https:\/\/www.zoom--in.it\/#organization"},"potentialAction":[{"@type":"SearchAction","target":{"@type":"EntryPoint","urlTemplate":"https:\/\/www.zoom--in.it\/?s={search_term_string}"},"query-input":"required name=search_term_string"}],"inLanguage":"it-IT"},{"@type":"WebPage","@id":"https:\/\/www.zoom--in.it\/index.php\/2019\/02\/05\/la-nave-dellonesta-nel-mar-del-guazzabuglio\/","url":"https:\/\/www.zoom--in.it\/index.php\/2019\/02\/05\/la-nave-dellonesta-nel-mar-del-guazzabuglio\/","name":"La Nave dell\u2019Onest\u00e0 nel Mar del Guazzabuglio - ZoomIN Magazine","isPartOf":{"@id":"https:\/\/www.zoom--in.it\/#website"},"datePublished":"2019-02-05T16:02:16+00:00","dateModified":"2019-02-06T15:27:47+00:00","breadcrumb":{"@id":"https:\/\/www.zoom--in.it\/index.php\/2019\/02\/05\/la-nave-dellonesta-nel-mar-del-guazzabuglio\/#breadcrumb"},"inLanguage":"it-IT","potentialAction":[{"@type":"ReadAction","target":["https:\/\/www.zoom--in.it\/index.php\/2019\/02\/05\/la-nave-dellonesta-nel-mar-del-guazzabuglio\/"]}]},{"@type":"BreadcrumbList","@id":"https:\/\/www.zoom--in.it\/index.php\/2019\/02\/05\/la-nave-dellonesta-nel-mar-del-guazzabuglio\/#breadcrumb","itemListElement":[{"@type":"ListItem","position":1,"name":"Home","item":"https:\/\/www.zoom--in.it\/"},{"@type":"ListItem","position":2,"name":"La Nave dell\u2019Onest\u00e0 nel Mar del Guazzabuglio"}]},{"@type":"Article","@id":"https:\/\/www.zoom--in.it\/index.php\/2019\/02\/05\/la-nave-dellonesta-nel-mar-del-guazzabuglio\/#article","isPartOf":{"@id":"https:\/\/www.zoom--in.it\/index.php\/2019\/02\/05\/la-nave-dellonesta-nel-mar-del-guazzabuglio\/"},"author":{"name":"Alois Walden Grassani","@id":"https:\/\/www.zoom--in.it\/#\/schema\/person\/973e057cf4bcf1ebda47470a14798b39"},"headline":"La Nave dell\u2019Onest\u00e0 nel Mar del Guazzabuglio","datePublished":"2019-02-05T16:02:16+00:00","dateModified":"2019-02-06T15:27:47+00:00","mainEntityOfPage":{"@id":"https:\/\/www.zoom--in.it\/index.php\/2019\/02\/05\/la-nave-dellonesta-nel-mar-del-guazzabuglio\/"},"wordCount":942,"publisher":{"@id":"https:\/\/www.zoom--in.it\/#organization"},"articleSection":["Mondo"],"inLanguage":"it-IT"},{"@type":"Person","@id":"https:\/\/www.zoom--in.it\/#\/schema\/person\/973e057cf4bcf1ebda47470a14798b39","name":"Alois Walden Grassani","url":"https:\/\/www.zoom--in.it\/index.php\/author\/alois-walden-grassani\/"}]}},"jetpack_featured_media_url":"https:\/\/i0.wp.com\/www.zoom--in.it\/wp-content\/uploads\/2019\/02\/DAWSON-2.jpg?fit=1514%2C1012&ssl=1","jetpack_sharing_enabled":true,"jetpack_shortlink":"https:\/\/wp.me\/p9Zlh8-17r","_links":{"self":[{"href":"https:\/\/www.zoom--in.it\/index.php\/wp-json\/wp\/v2\/posts\/4305"}],"collection":[{"href":"https:\/\/www.zoom--in.it\/index.php\/wp-json\/wp\/v2\/posts"}],"about":[{"href":"https:\/\/www.zoom--in.it\/index.php\/wp-json\/wp\/v2\/types\/post"}],"author":[{"embeddable":true,"href":"https:\/\/www.zoom--in.it\/index.php\/wp-json\/wp\/v2\/users\/7"}],"replies":[{"embeddable":true,"href":"https:\/\/www.zoom--in.it\/index.php\/wp-json\/wp\/v2\/comments?post=4305"}],"version-history":[{"count":8,"href":"https:\/\/www.zoom--in.it\/index.php\/wp-json\/wp\/v2\/posts\/4305\/revisions"}],"predecessor-version":[{"id":4319,"href":"https:\/\/www.zoom--in.it\/index.php\/wp-json\/wp\/v2\/posts\/4305\/revisions\/4319"}],"wp:featuredmedia":[{"embeddable":true,"href":"https:\/\/www.zoom--in.it\/index.php\/wp-json\/wp\/v2\/media\/4317"}],"wp:attachment":[{"href":"https:\/\/www.zoom--in.it\/index.php\/wp-json\/wp\/v2\/media?parent=4305"}],"wp:term":[{"taxonomy":"category","embeddable":true,"href":"https:\/\/www.zoom--in.it\/index.php\/wp-json\/wp\/v2\/categories?post=4305"},{"taxonomy":"post_tag","embeddable":true,"href":"https:\/\/www.zoom--in.it\/index.php\/wp-json\/wp\/v2\/tags?post=4305"}],"curies":[{"name":"wp","href":"https:\/\/api.w.org\/{rel}","templated":true}]}}