{"id":4753,"date":"2019-03-08T21:39:05","date_gmt":"2019-03-08T21:39:05","guid":{"rendered":"https:\/\/www.zoom--in.it\/?p=4753"},"modified":"2019-03-20T15:31:23","modified_gmt":"2019-03-20T15:31:23","slug":"elementor-4753","status":"publish","type":"post","link":"https:\/\/www.zoom--in.it\/index.php\/2019\/03\/08\/elementor-4753\/","title":{"rendered":"Non esiste un carcere buono"},"content":{"rendered":"\t\t<div data-elementor-type=\"wp-post\" data-elementor-id=\"4753\" class=\"elementor elementor-4753\">\n\t\t\t\t\t\t<div class=\"elementor-inner\">\n\t\t\t\t<div class=\"elementor-section-wrap\">\n\t\t\t\t\t\t\t\t\t<section class=\"elementor-section elementor-top-section elementor-element elementor-element-c4b9f57 elementor-section-boxed elementor-section-height-default elementor-section-height-default\" data-id=\"c4b9f57\" data-element_type=\"section\">\n\t\t\t\t\t\t<div class=\"elementor-container elementor-column-gap-default\">\n\t\t\t\t\t\t\t<div class=\"elementor-row\">\n\t\t\t\t\t<div class=\"elementor-column elementor-col-100 elementor-top-column elementor-element elementor-element-e254680\" data-id=\"e254680\" data-element_type=\"column\">\n\t\t\t<div class=\"elementor-column-wrap elementor-element-populated\">\n\t\t\t\t\t\t\t<div class=\"elementor-widget-wrap\">\n\t\t\t\t\t\t<div class=\"elementor-element elementor-element-20ea09d elementor-widget elementor-widget-heading\" data-id=\"20ea09d\" data-element_type=\"widget\" data-widget_type=\"heading.default\">\n\t\t\t\t<div class=\"elementor-widget-container\">\n\t\t\t<h2 class=\"elementor-heading-title elementor-size-default\">Non esiste un carcere buono<\/h2>\t\t<\/div>\n\t\t\t\t<\/div>\n\t\t\t\t<div class=\"elementor-element elementor-element-8c95763 elementor-widget elementor-widget-text-editor\" data-id=\"8c95763\" data-element_type=\"widget\" data-widget_type=\"text-editor.default\">\n\t\t\t\t<div class=\"elementor-widget-container\">\n\t\t\t\t\t\t\t\t<div class=\"elementor-text-editor elementor-clearfix\">\n\t\t\t\t<p style=\"text-align: center;\">Storia di Mohamed e di don Ettore Cannavera<\/p>\t\t\t\t\t<\/div>\n\t\t\t\t\t\t<\/div>\n\t\t\t\t<\/div>\n\t\t\t\t<div class=\"elementor-element elementor-element-ddaf31f elementor-widget elementor-widget-text-editor\" data-id=\"ddaf31f\" data-element_type=\"widget\" data-widget_type=\"text-editor.default\">\n\t\t\t\t<div class=\"elementor-widget-container\">\n\t\t\t\t\t\t\t\t<div class=\"elementor-text-editor elementor-clearfix\">\n\t\t\t\t<p>\u201cPrete, prete, io carcere, non capisco \u2026 perch\u00e9? Io non ho fatto niente\u201d Queste parole ce le racconta don Ettore Cannavera, che gestisce la Comunit\u00e0 \u201cLa Collina\u201d nella provincia di Cagliari, per il recupero di giovani carcerati che scontano una pena alternativa al carcere. Continua don Ettore Cannavera, parlandoci di Mohamed, un giovane di nazionalit\u00e0 marocchina coinvolto in un reato fatto da altri: \u201cIl tribunale si era dimenticato di questo ragazzo, era in carcere gi\u00e0 da sei mesi. Ho combattuto per averlo in comunit\u00e0 (\u2026). E&#8217; venuto in comunit\u00e0, c&#8217;\u00e8 da 10 anni si \u00e8 sposato con una ragazza anche lei marocchina, \u00e8 di esempio e mi aiuta; fa quasi da educatore lui\u201d (fonte <a href=\"http:\/\/www.psicoradio.it\/\">www.psicoradio.it<\/a> puntata 498).<\/p><p>\u00a0<\/p><p>\u201cIn Italia, nell\u2019estremo sud della Regione\u00a0<strong>Sardegna<\/strong>, nel Comune cagliaritano di\u00a0<strong>Serdiana<\/strong>, conosco un posto che\u00a0<strong>da 22 anni<\/strong>\u00a0attua l\u2019articolo 27 della Carta Costituzionale\u00a0\u2013<em>\u00a0(la responsabilit\u00e0 penale \u00e8 personale. L\u2019imputato non \u00e8 considerato colpevole sino alla condanna definitiva. Le pene non possono consistere in trattamenti contrari al senso di umanit\u00e0 e devono tendere alla rieducazione del condannato<\/em>, ndr)\u00a0come risultato dello spirito e della lettera di\u00a0<strong>tutti i primi 52 articoli<\/strong>\u00a0della prima parte dove\u00a0<strong>il lavoro e i diritti personali<\/strong>\u00a0sono non solo proclamati, ma anche definiti e difesi. \u00c8 questa Costituzione che abbiamo difeso con il referendum costituzionale del 4 dicembre.<\/p>\t\t\t\t\t<\/div>\n\t\t\t\t\t\t<\/div>\n\t\t\t\t<\/div>\n\t\t\t\t<div class=\"elementor-element elementor-element-a1bcb35 elementor-widget elementor-widget-image\" data-id=\"a1bcb35\" data-element_type=\"widget\" data-widget_type=\"image.default\">\n\t\t\t\t<div class=\"elementor-widget-container\">\n\t\t\t\t\t\t\t\t<div class=\"elementor-image\">\n\t\t\t\t\t\t\t\t\t\t\t\t<img width=\"558\" height=\"352\" src=\"https:\/\/i0.wp.com\/www.zoom--in.it\/wp-content\/uploads\/2019\/03\/image-1.jpg?fit=558%2C352&amp;ssl=1\" class=\"attachment-large size-large\" alt=\"\" loading=\"lazy\" data-attachment-id=\"4863\" data-permalink=\"https:\/\/www.zoom--in.it\/index.php\/2019\/03\/08\/elementor-4753\/image-6\/\" data-orig-file=\"https:\/\/i0.wp.com\/www.zoom--in.it\/wp-content\/uploads\/2019\/03\/image-1.jpg?fit=558%2C352&amp;ssl=1\" data-orig-size=\"558,352\" data-comments-opened=\"0\" data-image-meta=\"{&quot;aperture&quot;:&quot;0&quot;,&quot;credit&quot;:&quot;&quot;,&quot;camera&quot;:&quot;&quot;,&quot;caption&quot;:&quot;&quot;,&quot;created_timestamp&quot;:&quot;0&quot;,&quot;copyright&quot;:&quot;&quot;,&quot;focal_length&quot;:&quot;0&quot;,&quot;iso&quot;:&quot;0&quot;,&quot;shutter_speed&quot;:&quot;0&quot;,&quot;title&quot;:&quot;&quot;,&quot;orientation&quot;:&quot;0&quot;}\" data-image-title=\"image\" data-image-description=\"\" data-image-caption=\"\" data-medium-file=\"https:\/\/i0.wp.com\/www.zoom--in.it\/wp-content\/uploads\/2019\/03\/image-1.jpg?fit=300%2C189&amp;ssl=1\" data-large-file=\"https:\/\/i0.wp.com\/www.zoom--in.it\/wp-content\/uploads\/2019\/03\/image-1.jpg?fit=558%2C352&amp;ssl=1\" \/>\t\t\t\t\t\t\t\t\t\t\t\t\t\t<\/div>\n\t\t\t\t\t\t<\/div>\n\t\t\t\t<\/div>\n\t\t\t\t\t\t<\/div>\n\t\t\t\t\t<\/div>\n\t\t<\/div>\n\t\t\t\t\t\t\t\t<\/div>\n\t\t\t\t\t<\/div>\n\t\t<\/section>\n\t\t\t\t<section class=\"elementor-section elementor-top-section elementor-element elementor-element-b1f7d9a elementor-section-boxed elementor-section-height-default elementor-section-height-default\" data-id=\"b1f7d9a\" data-element_type=\"section\">\n\t\t\t\t\t\t<div class=\"elementor-container elementor-column-gap-default\">\n\t\t\t\t\t\t\t<div class=\"elementor-row\">\n\t\t\t\t\t<div class=\"elementor-column elementor-col-100 elementor-top-column elementor-element elementor-element-30f04d5\" data-id=\"30f04d5\" data-element_type=\"column\">\n\t\t\t<div class=\"elementor-column-wrap elementor-element-populated\">\n\t\t\t\t\t\t\t<div class=\"elementor-widget-wrap\">\n\t\t\t\t\t\t<div class=\"elementor-element elementor-element-e52466c elementor-widget elementor-widget-text-editor\" data-id=\"e52466c\" data-element_type=\"widget\" data-widget_type=\"text-editor.default\">\n\t\t\t\t<div class=\"elementor-widget-container\">\n\t\t\t\t\t\t\t\t<div class=\"elementor-text-editor elementor-clearfix\">\n\t\t\t\t<p>\u00c8 anche avendo negli occhi e nel cuore\u00a0<strong><em>La Collina<\/em><\/strong> di <strong>don Ettore Cannavera\u00a0<\/strong>e la loro esperienza pluridecennale che siamo stati \u201ccostretti\u201d a difendere l\u2019orizzonte di civilt\u00e0 contenuto per l\u2019appunto nell\u2019art. 27 quando, con parole semplici e solenni, si legge che <em>le pene non possono consistere in trattamenti contrari al senso di umanit\u00e0 e devono tendere alla\u00a0<strong>rieducazione del condannato.<\/strong><\/em><\/p><p><em>La Collina<\/em>\u00a0\u00e8 un<strong>\u00a0luogo alternativo al carcere<\/strong>, dove minori che incidentalmente sono stati coinvolti da adulti in delitti e atti delinquenziali, vittime essi stessi, hanno la possibilit\u00e0 di passare il tempo della pena\u00a0<strong>non nell\u2019ozio<\/strong>\u00a0che li educa a delinquere sempre di pi\u00f9, ma a\u00a0<strong>guadagnarsi la vita<\/strong>\u00a0con le loro mani e la\u00a0<strong>condivisione<\/strong>\u00a0di una esperienza comunitaria con\u00a0<strong>educatori specializzati<\/strong>\u00a0per imparare a lavorare, a vivere in societ\u00e0 e ad assumersi le responsabilit\u00e0 della<strong>\u00a0convivenza civile<\/strong>.\u201d<\/p><p><em>La Collina<\/em>\u00a0\u00e8 divisa in\u00a0<em>tre Colline<\/em>,\u00a0<strong>in base ai delitti e alle pene<\/strong>\u00a0comminate da un tribunale italiano con sette ospiti per ogni unit\u00e0. Nessuno vive in ozio, ma\u00a0<strong>tutti lavorano i 10 ettari di vigneti e uliveti<\/strong>, eredit\u00e0 che don Ettore e i suoi fratelli hanno donato alla Comunit\u00e0 per realizzare il mandato costituzionale di rieducare chi \u00e8 rimasto coinvolto in\u00a0<strong>delitti anche gravi<\/strong>. Oltre al\u00a0<strong>lavoro<\/strong>, a turno gli ospiti gestiscono\u00a0<strong>la quotidianit\u00e0 della casa<\/strong>\u00a0(mangiare, pulire, lavanderia, ecc.),\u00a0<strong>accompagnati 24 ore su 24 da adulti specialisti<\/strong>\u00a0che condividono la loro stessa vita, gli stessi orari e le stesse incombenze.<\/p><p>Se questi ragazzi oziassero\u00a0<strong>nelle carceri costerebbero allo Stato<\/strong>\u00a0<strong>due\u00a0milioni di euro<\/strong>, mentre alla\u00a0<em>Collina<\/em>\u00a0costano appena\u00a0<strong>200mila euro<\/strong>: lo Stato, cio\u00e8, risparmia l\u201980% dei costi. Su 100 ragazzi che escono dal carcere, 70 vi ritornano e qualcuno, appena girato l\u2019angolo, perch\u00e9\u00a0<strong>il carcere genera la delinquenza<\/strong>, mentre dalla\u00a0<em>Collina<\/em>\u00a0solo quattro. Qui sta la prova che se lo Stato vuole vincere la delinquenza deve\u00a0<strong>moltiplicare il modello de\u00a0<em>La Collina<\/em><\/strong>\u00a0ed\u00a0<strong>esportarla<\/strong>\u00a0in tutta Italia. Ipotizzando 50mila carcerati, lo Stato risparmierebbe 800 milioni. Poich\u00e9 questo denaro proviene dalla fiscalit\u00e0 generale, la\u00a0<strong>rieducazione civile dei carcerati, specialmente minori<\/strong>, conviene ai cittadini perch\u00e9 pagherebbero\u00a0<strong>meno tasse<\/strong>.<\/p><p>Per 21 anni la Regione Sardegna ha sostenuto economicamente La Collina di don Ettore Cannavera con un contributo che ultimamente era di\u00a0<strong>\u20ac 200mila<\/strong>, quanto basta per pagare lo stipendio dei\u00a0<strong>sette educatori specializzati<\/strong>\u00a0con uno stipendio di\u00a0<strong>\u20ac 1.200\/1.300 mensili<\/strong>\u00a0pi\u00f9 gli oneri fiscali e contributivi. Per tutto il resto La Collina si mantiene con il\u00a0<strong>proprio lavoro<\/strong>\u00a0e la<strong>\u00a0vendita dei prodotti, vino e olio<\/strong>\u00a0(che possono anche essere ordinati online).\u201d (fonte Il Fatto Quotidiano)<\/p>\t\t\t\t\t<\/div>\n\t\t\t\t\t\t<\/div>\n\t\t\t\t<\/div>\n\t\t\t\t<div class=\"elementor-element elementor-element-34992e2 elementor-widget elementor-widget-image\" data-id=\"34992e2\" data-element_type=\"widget\" data-widget_type=\"image.default\">\n\t\t\t\t<div class=\"elementor-widget-container\">\n\t\t\t\t\t\t\t\t<div class=\"elementor-image\">\n\t\t\t\t\t\t\t\t\t\t\t\t<img width=\"510\" height=\"213\" src=\"https:\/\/i0.wp.com\/www.zoom--in.it\/wp-content\/uploads\/2019\/03\/comunita-la-collina-510.jpg?fit=510%2C213&amp;ssl=1\" class=\"attachment-large size-large\" alt=\"\" loading=\"lazy\" data-attachment-id=\"4864\" data-permalink=\"https:\/\/www.zoom--in.it\/index.php\/2019\/03\/08\/elementor-4753\/comunita-la-collina-510\/\" data-orig-file=\"https:\/\/i0.wp.com\/www.zoom--in.it\/wp-content\/uploads\/2019\/03\/comunita-la-collina-510.jpg?fit=510%2C213&amp;ssl=1\" data-orig-size=\"510,213\" data-comments-opened=\"0\" data-image-meta=\"{&quot;aperture&quot;:&quot;0&quot;,&quot;credit&quot;:&quot;&quot;,&quot;camera&quot;:&quot;&quot;,&quot;caption&quot;:&quot;&quot;,&quot;created_timestamp&quot;:&quot;0&quot;,&quot;copyright&quot;:&quot;&quot;,&quot;focal_length&quot;:&quot;0&quot;,&quot;iso&quot;:&quot;0&quot;,&quot;shutter_speed&quot;:&quot;0&quot;,&quot;title&quot;:&quot;&quot;,&quot;orientation&quot;:&quot;0&quot;}\" data-image-title=\"comunita-la-collina-510\" data-image-description=\"\" data-image-caption=\"\" data-medium-file=\"https:\/\/i0.wp.com\/www.zoom--in.it\/wp-content\/uploads\/2019\/03\/comunita-la-collina-510.jpg?fit=300%2C125&amp;ssl=1\" data-large-file=\"https:\/\/i0.wp.com\/www.zoom--in.it\/wp-content\/uploads\/2019\/03\/comunita-la-collina-510.jpg?fit=510%2C213&amp;ssl=1\" \/>\t\t\t\t\t\t\t\t\t\t\t\t\t\t<\/div>\n\t\t\t\t\t\t<\/div>\n\t\t\t\t<\/div>\n\t\t\t\t\t\t<\/div>\n\t\t\t\t\t<\/div>\n\t\t<\/div>\n\t\t\t\t\t\t\t\t<\/div>\n\t\t\t\t\t<\/div>\n\t\t<\/section>\n\t\t\t\t<section class=\"elementor-section elementor-top-section elementor-element elementor-element-358e08f elementor-section-boxed elementor-section-height-default elementor-section-height-default\" data-id=\"358e08f\" data-element_type=\"section\">\n\t\t\t\t\t\t<div class=\"elementor-container elementor-column-gap-default\">\n\t\t\t\t\t\t\t<div class=\"elementor-row\">\n\t\t\t\t\t<div class=\"elementor-column elementor-col-100 elementor-top-column elementor-element elementor-element-dc789f2\" data-id=\"dc789f2\" data-element_type=\"column\">\n\t\t\t<div class=\"elementor-column-wrap elementor-element-populated\">\n\t\t\t\t\t\t\t<div class=\"elementor-widget-wrap\">\n\t\t\t\t\t\t<div class=\"elementor-element elementor-element-0c1b73c elementor-widget elementor-widget-text-editor\" data-id=\"0c1b73c\" data-element_type=\"widget\" data-widget_type=\"text-editor.default\">\n\t\t\t\t<div class=\"elementor-widget-container\">\n\t\t\t\t\t\t\t\t<div class=\"elementor-text-editor elementor-clearfix\">\n\t\t\t\t<p>Tempo fa la redazione di Psicoradio (il programma radiofonico che si occupa di tematiche legate alla salute mentale e non solo) ha intervistato don Cannavera.<\/p><p>Don Cannavera: \u201cI ragazzi diventano soci della cooperativa, ecco che vengono responsabilizzati (\u2026) non \u00e8 assistenzialismo dello stato, ma \u00e8 il loro lavoro. C&#8217;\u00e8 un ragazzo che ha ripreso la scuola, si \u00e8 diplomato e sta lavorando fuori dalla comunit\u00e0\u201d<\/p><p>Redazione di Psicoradio: <strong>Chi sono i minori all&#8217;interno della comunit\u00e0?<\/strong><\/p><p>Don Cannavera: \u201cLa comunit\u00e0 \u00e8 aperta a ragazzi anche non italiani, abbiamo marocchini, albanesi. Quelli che provengono dal carcere della Sardegna, arrivano da altri carceri italiani. Arrivano i ragazzi pi\u00f9 problematici, come se il carcere della Sardegna fosse punitivo. Allora io, conoscendoli dentro il carcere, faccio questa proposta di affidamento, il magistrato \u00e8 d&#8217;accordo. Si fa un progetto educativo.\u201d<\/p><p>Psicoradio: <strong>\u201cLa parola detenuto minore \u00e8 una parola fredda. Vorrei che ci facesse vedere, che ci raccontasse una di queste storie. La maggior parte dei ragazzi che arrivano in comunit\u00e0, per che tipo di reato giungono da voi?\u201d<\/strong><\/p><p>Don Cannavera: \u201cLa maggior parte arriva per problemi diciamo di sopraffazione, per reati legati alla droga e per procurarsela. Ne abbiamo avuti novanta sino ad oggi, di cui dodici per omicidio, commesso con altri adulti (\u2026). Tutti ragazzi che hanno espresso, a mio giudizio, disagio sociale, nell&#8217;essere accolti, riconosciuti, apprezzati. Lo fanno commettendo reato\u201d.<\/p><p>Psicoradio: <strong>\u201cQuello che dice mi fa ricordare \u201cL&#8217;Odio\u201d, un film sulle periferie francesi di vent&#8217;anni fa. Dove si parla proprio del senso di se trovato attraverso la violenza. Come se fosse l&#8217;unica possibilit\u00e0 di avere un valore. Cosa rimane di un ragazzo che ha commesso un reato grave come l&#8217;omicidio? Un ragazzo ancora giovane e aperto al mondo, che s\u2019immagina un futuro, che magari sogna un amore?\u201d<\/strong><\/p>\t\t\t\t\t<\/div>\n\t\t\t\t\t\t<\/div>\n\t\t\t\t<\/div>\n\t\t\t\t<div class=\"elementor-element elementor-element-01abb93 elementor-widget elementor-widget-image\" data-id=\"01abb93\" data-element_type=\"widget\" data-widget_type=\"image.default\">\n\t\t\t\t<div class=\"elementor-widget-container\">\n\t\t\t\t\t\t\t\t<div class=\"elementor-image\">\n\t\t\t\t\t\t\t\t\t\t\t\t<img width=\"640\" height=\"360\" src=\"https:\/\/i0.wp.com\/www.zoom--in.it\/wp-content\/uploads\/2019\/03\/3-LOdio.png?fit=640%2C360&amp;ssl=1\" class=\"attachment-large size-large\" alt=\"\" loading=\"lazy\" data-attachment-id=\"4757\" data-permalink=\"https:\/\/www.zoom--in.it\/index.php\/2019\/03\/08\/elementor-4753\/3-lodio\/\" data-orig-file=\"https:\/\/i0.wp.com\/www.zoom--in.it\/wp-content\/uploads\/2019\/03\/3-LOdio.png?fit=936%2C526&amp;ssl=1\" data-orig-size=\"936,526\" data-comments-opened=\"0\" data-image-meta=\"{&quot;aperture&quot;:&quot;0&quot;,&quot;credit&quot;:&quot;&quot;,&quot;camera&quot;:&quot;&quot;,&quot;caption&quot;:&quot;&quot;,&quot;created_timestamp&quot;:&quot;0&quot;,&quot;copyright&quot;:&quot;&quot;,&quot;focal_length&quot;:&quot;0&quot;,&quot;iso&quot;:&quot;0&quot;,&quot;shutter_speed&quot;:&quot;0&quot;,&quot;title&quot;:&quot;&quot;,&quot;orientation&quot;:&quot;0&quot;}\" data-image-title=\"3 L&#8217;Odio\" data-image-description=\"\" data-image-caption=\"\" data-medium-file=\"https:\/\/i0.wp.com\/www.zoom--in.it\/wp-content\/uploads\/2019\/03\/3-LOdio.png?fit=300%2C169&amp;ssl=1\" data-large-file=\"https:\/\/i0.wp.com\/www.zoom--in.it\/wp-content\/uploads\/2019\/03\/3-LOdio.png?fit=640%2C360&amp;ssl=1\" \/>\t\t\t\t\t\t\t\t\t\t\t\t\t\t<\/div>\n\t\t\t\t\t\t<\/div>\n\t\t\t\t<\/div>\n\t\t\t\t\t\t<\/div>\n\t\t\t\t\t<\/div>\n\t\t<\/div>\n\t\t\t\t\t\t\t\t<\/div>\n\t\t\t\t\t<\/div>\n\t\t<\/section>\n\t\t\t\t<section class=\"elementor-section elementor-top-section elementor-element elementor-element-ac4fd99 elementor-section-boxed elementor-section-height-default elementor-section-height-default\" data-id=\"ac4fd99\" data-element_type=\"section\">\n\t\t\t\t\t\t<div class=\"elementor-container elementor-column-gap-default\">\n\t\t\t\t\t\t\t<div class=\"elementor-row\">\n\t\t\t\t\t<div class=\"elementor-column elementor-col-100 elementor-top-column elementor-element elementor-element-89a6654\" data-id=\"89a6654\" data-element_type=\"column\">\n\t\t\t<div class=\"elementor-column-wrap elementor-element-populated\">\n\t\t\t\t\t\t\t<div class=\"elementor-widget-wrap\">\n\t\t\t\t\t\t<div class=\"elementor-element elementor-element-d17e85e elementor-widget elementor-widget-text-editor\" data-id=\"d17e85e\" data-element_type=\"widget\" data-widget_type=\"text-editor.default\">\n\t\t\t\t<div class=\"elementor-widget-container\">\n\t\t\t\t\t\t\t\t<div class=\"elementor-text-editor elementor-clearfix\">\n\t\t\t\t<p>Don Cannavera : \u201cQuando a un ragazzo gli si danno delle possibilit\u00e0, lui recupera. Se le dovessi raccontare dell&#8217;ultimo che abbiamo avuto, che studia, lavora si \u00e8 fidanzato. Nella comunit\u00e0 la cosa pi\u00f9 importante \u00e8 la relazione, far venir fuori dal ragazzo quello che noi abbiamo prima abbandonato, se non addirittura represso.\u201d<\/p><p>Psicoradio: <strong>\u201cQuesto vuol dire che i ragazzi possono uscire? E come?\u201d<\/strong><\/p><p>Don Cannavera: \u201cCerto, questa \u00e8 la diversit\u00e0. Hanno delle prescrizioni. Entro le nove devono rientrare a casa. Non possono frequentare pregiudicati, ne tossicodipendenti. Per\u00f2 possono andare a scuola, a lavorare, sotto controllo. Hanno un orario per uscire e rientrare. La comunit\u00e0 \u00e8 aperta, a differenza del carcere; c&#8217;\u00e8 la possibilit\u00e0 di invitare qualcuno a cena. C&#8217;\u00e8 un giorno della settimana aperto a tutti, con attivit\u00e0 culturali come la presentazione di un libro\u201d<\/p><p>Psicoradio: <strong>\u201cE chi viene da fuori a trovarli?\u201d<\/strong><\/p><p>Don Cannavera: \u201cAh ecco! Questa \u00e8 un altra cosa importante. All&#8217;inizio c&#8217;era un po&#8217; di diffidenza. Ma chi sono? Sono ragazzi del carcere? Una volta che cominciano a venire chiedono: ma \u00e8 quello di cui il giornale ha detto che ha fatto un omicidio? Ma \u00e8 un bravo ragazzo! Guarda com&#8217;\u00e8 gentile e sorridente. Quello che bisogna abbattere e che si pensa che il minore che commette un reato sia un po&#8217; un mostriciattolo. Eh (ride). Ma \u00e8 una persona umana come tutti. Allora, nella relazione col mondo esterno, come dire, il mondo esterno che viene in comunit\u00e0; e i ragazzi che escono nel mondo esterno! Quando ci sono attivit\u00e0 esterne, come attivit\u00e0 sportive, i ragazzi possono andare. Ci sono delle autorizzazioni date dal tribunale (\u2026) con degli adulti che gli accompagnano, nei primi tempi. Poi possono andare anche da soli\u201d<\/p><p>Psicoradio: <strong>\u201cNon fuggono quelli che vanno da soli?\u201d<\/strong><\/p><p>Don Cannavera : \u201cNo, il cancello \u00e8 aperto. C&#8217;\u00e8 un pulsante e si apre. Perch\u00e9 non scappano? Perch\u00e9 hanno capito che questo \u00e8 il sistema di vita, lo stile di vita risponde ai loro bisogni pi\u00f9 profondi. Scappare per andare dove? Per fare che cosa? A volte li minaccio, ma perch\u00e9 non ve ne andate?! E sorridono.\u201d<\/p><p>Psicoradio: <strong>\u201cLa sua comunit\u00e0 sta funzionando molto bene, costa molto meno del carcere e produce molto meno recidiva. Mi viene da dire che produce una cultura positiva, di accettazione e d\u2019inclusione, ma perch\u00e9 non si riesce a trasformare il carcere minorile in questa direzione? Chi fa resistenza?\u201d<\/strong><\/p><p>Don Cannavera: \u201cFa resistenza il politico, che deve stare attento all&#8217;opinione pubblica. Tenga presente che secondo me, ne io ne lei lo siamo, la maggior parte della popolazione \u00e8 forcaiola. A me lo dicono, ma perch\u00e9 quello lo tieni qui? Ha fatto un omicidio e tu lo tieni qui? Quello deve stare in carcere. Quanti ne sento. Allora ci vuole tutto un lavoro culturale, un po&#8217; quello che fate anche voi, per far capire che non si nasce devianti, lo si \u00e8 diventati.\u201d<\/p><p>Nel febbraio 2018 don Ettore Cannavera \u00e8 tra i 30 \u201ceroi civili\u201d e viene nominato dal presidente della repubblica Mattarella commendatore al merito della Repubblica italiana. \u00abPer la sua preziosa opera di sostegno a persone in condizioni di marginalit\u00e0, e in particolare a giovani e minori coinvolti in percorsi di reinserimento sociale\u00bb<\/p><p style=\"text-align: right;\"><strong>Claudio Nappi<\/strong><\/p>\t\t\t\t\t<\/div>\n\t\t\t\t\t\t<\/div>\n\t\t\t\t<\/div>\n\t\t\t\t\t\t<\/div>\n\t\t\t\t\t<\/div>\n\t\t<\/div>\n\t\t\t\t\t\t\t\t<\/div>\n\t\t\t\t\t<\/div>\n\t\t<\/section>\n\t\t\t\t\t\t\t\t\t<\/div>\n\t\t\t<\/div>\n\t\t\t\t\t<\/div>\n\t\t","protected":false},"excerpt":{"rendered":"<p>Non esiste un carcere buono Storia di Mohamed e di don Ettore Cannavera \u201cPrete, prete,<\/p>\n","protected":false},"author":4,"featured_media":4871,"comment_status":"closed","ping_status":"open","sticky":false,"template":"","format":"standard","meta":{"spay_email":""},"categories":[3],"tags":[],"yoast_head":"<!-- This site is optimized with the Yoast SEO plugin v19.4 - https:\/\/yoast.com\/wordpress\/plugins\/seo\/ -->\n<title>Non esiste un carcere buono - ZoomIN Magazine<\/title>\n<meta name=\"robots\" content=\"index, follow, max-snippet:-1, max-image-preview:large, max-video-preview:-1\" \/>\n<link rel=\"canonical\" href=\"https:\/\/www.zoom--in.it\/index.php\/2019\/03\/08\/elementor-4753\/\" \/>\n<meta property=\"og:locale\" content=\"it_IT\" \/>\n<meta property=\"og:type\" content=\"article\" \/>\n<meta property=\"og:title\" content=\"Non esiste un carcere buono - ZoomIN Magazine\" \/>\n<meta property=\"og:description\" content=\"Non esiste un carcere buono Storia di Mohamed e di don Ettore Cannavera \u201cPrete, prete,\" \/>\n<meta property=\"og:url\" content=\"https:\/\/www.zoom--in.it\/index.php\/2019\/03\/08\/elementor-4753\/\" \/>\n<meta property=\"og:site_name\" content=\"ZoomIN Magazine\" \/>\n<meta property=\"article:published_time\" content=\"2019-03-08T21:39:05+00:00\" \/>\n<meta property=\"article:modified_time\" content=\"2019-03-20T15:31:23+00:00\" \/>\n<meta property=\"og:image\" content=\"https:\/\/i0.wp.com\/www.zoom--in.it\/wp-content\/uploads\/2019\/03\/viaggio-nel-silenzio-del-carcere-minorile-dell-aquila-10092.660x368.jpg?fit=660%2C368&ssl=1\" \/>\n\t<meta property=\"og:image:width\" content=\"660\" \/>\n\t<meta property=\"og:image:height\" content=\"368\" \/>\n\t<meta property=\"og:image:type\" content=\"image\/jpeg\" \/>\n<meta name=\"author\" content=\"Claudio Nappi\" \/>\n<meta name=\"twitter:card\" content=\"summary_large_image\" \/>\n<meta name=\"twitter:label1\" content=\"Scritto da\" \/>\n\t<meta name=\"twitter:data1\" content=\"Claudio Nappi\" \/>\n\t<meta name=\"twitter:label2\" content=\"Tempo di lettura stimato\" \/>\n\t<meta name=\"twitter:data2\" content=\"8 minuti\" \/>\n<script type=\"application\/ld+json\" class=\"yoast-schema-graph\">{\"@context\":\"https:\/\/schema.org\",\"@graph\":[{\"@type\":\"Organization\",\"@id\":\"https:\/\/www.zoom--in.it\/#organization\",\"name\":\"ZoomIN Magazine\",\"url\":\"https:\/\/www.zoom--in.it\/\",\"sameAs\":[],\"logo\":{\"@type\":\"ImageObject\",\"inLanguage\":\"it-IT\",\"@id\":\"https:\/\/www.zoom--in.it\/#\/schema\/logo\/image\/\",\"url\":\"https:\/\/i0.wp.com\/www.zoom--in.it\/wp-content\/uploads\/2018\/11\/cropped-final.png?fit=568%2C237&ssl=1\",\"contentUrl\":\"https:\/\/i0.wp.com\/www.zoom--in.it\/wp-content\/uploads\/2018\/11\/cropped-final.png?fit=568%2C237&ssl=1\",\"width\":568,\"height\":237,\"caption\":\"ZoomIN Magazine\"},\"image\":{\"@id\":\"https:\/\/www.zoom--in.it\/#\/schema\/logo\/image\/\"}},{\"@type\":\"WebSite\",\"@id\":\"https:\/\/www.zoom--in.it\/#website\",\"url\":\"https:\/\/www.zoom--in.it\/\",\"name\":\"ZoomIN Magazine\",\"description\":\"Magazine Online libero e senza pubblicit\u00e0, pieno di rubriche e curiosit\u00e0\",\"publisher\":{\"@id\":\"https:\/\/www.zoom--in.it\/#organization\"},\"potentialAction\":[{\"@type\":\"SearchAction\",\"target\":{\"@type\":\"EntryPoint\",\"urlTemplate\":\"https:\/\/www.zoom--in.it\/?s={search_term_string}\"},\"query-input\":\"required name=search_term_string\"}],\"inLanguage\":\"it-IT\"},{\"@type\":\"WebPage\",\"@id\":\"https:\/\/www.zoom--in.it\/index.php\/2019\/03\/08\/elementor-4753\/\",\"url\":\"https:\/\/www.zoom--in.it\/index.php\/2019\/03\/08\/elementor-4753\/\",\"name\":\"Non esiste un carcere buono - ZoomIN Magazine\",\"isPartOf\":{\"@id\":\"https:\/\/www.zoom--in.it\/#website\"},\"datePublished\":\"2019-03-08T21:39:05+00:00\",\"dateModified\":\"2019-03-20T15:31:23+00:00\",\"breadcrumb\":{\"@id\":\"https:\/\/www.zoom--in.it\/index.php\/2019\/03\/08\/elementor-4753\/#breadcrumb\"},\"inLanguage\":\"it-IT\",\"potentialAction\":[{\"@type\":\"ReadAction\",\"target\":[\"https:\/\/www.zoom--in.it\/index.php\/2019\/03\/08\/elementor-4753\/\"]}]},{\"@type\":\"BreadcrumbList\",\"@id\":\"https:\/\/www.zoom--in.it\/index.php\/2019\/03\/08\/elementor-4753\/#breadcrumb\",\"itemListElement\":[{\"@type\":\"ListItem\",\"position\":1,\"name\":\"Home\",\"item\":\"https:\/\/www.zoom--in.it\/\"},{\"@type\":\"ListItem\",\"position\":2,\"name\":\"Non esiste un carcere buono\"}]},{\"@type\":\"Article\",\"@id\":\"https:\/\/www.zoom--in.it\/index.php\/2019\/03\/08\/elementor-4753\/#article\",\"isPartOf\":{\"@id\":\"https:\/\/www.zoom--in.it\/index.php\/2019\/03\/08\/elementor-4753\/\"},\"author\":{\"name\":\"Claudio Nappi\",\"@id\":\"https:\/\/www.zoom--in.it\/#\/schema\/person\/f6a6dfb69b2547bd519261d4ade627ce\"},\"headline\":\"Non esiste un carcere buono\",\"datePublished\":\"2019-03-08T21:39:05+00:00\",\"dateModified\":\"2019-03-20T15:31:23+00:00\",\"mainEntityOfPage\":{\"@id\":\"https:\/\/www.zoom--in.it\/index.php\/2019\/03\/08\/elementor-4753\/\"},\"wordCount\":1510,\"publisher\":{\"@id\":\"https:\/\/www.zoom--in.it\/#organization\"},\"articleSection\":[\"Mondo\"],\"inLanguage\":\"it-IT\"},{\"@type\":\"Person\",\"@id\":\"https:\/\/www.zoom--in.it\/#\/schema\/person\/f6a6dfb69b2547bd519261d4ade627ce\",\"name\":\"Claudio Nappi\",\"url\":\"https:\/\/www.zoom--in.it\/index.php\/author\/claudio-nappi\/\"}]}<\/script>\n<!-- \/ Yoast SEO plugin. -->","yoast_head_json":{"title":"Non esiste un carcere buono - ZoomIN Magazine","robots":{"index":"index","follow":"follow","max-snippet":"max-snippet:-1","max-image-preview":"max-image-preview:large","max-video-preview":"max-video-preview:-1"},"canonical":"https:\/\/www.zoom--in.it\/index.php\/2019\/03\/08\/elementor-4753\/","og_locale":"it_IT","og_type":"article","og_title":"Non esiste un carcere buono - ZoomIN Magazine","og_description":"Non esiste un carcere buono Storia di Mohamed e di don Ettore Cannavera \u201cPrete, prete,","og_url":"https:\/\/www.zoom--in.it\/index.php\/2019\/03\/08\/elementor-4753\/","og_site_name":"ZoomIN Magazine","article_published_time":"2019-03-08T21:39:05+00:00","article_modified_time":"2019-03-20T15:31:23+00:00","og_image":[{"width":660,"height":368,"url":"https:\/\/i0.wp.com\/www.zoom--in.it\/wp-content\/uploads\/2019\/03\/viaggio-nel-silenzio-del-carcere-minorile-dell-aquila-10092.660x368.jpg?fit=660%2C368&ssl=1","type":"image\/jpeg"}],"author":"Claudio Nappi","twitter_card":"summary_large_image","twitter_misc":{"Scritto da":"Claudio Nappi","Tempo di lettura stimato":"8 minuti"},"schema":{"@context":"https:\/\/schema.org","@graph":[{"@type":"Organization","@id":"https:\/\/www.zoom--in.it\/#organization","name":"ZoomIN Magazine","url":"https:\/\/www.zoom--in.it\/","sameAs":[],"logo":{"@type":"ImageObject","inLanguage":"it-IT","@id":"https:\/\/www.zoom--in.it\/#\/schema\/logo\/image\/","url":"https:\/\/i0.wp.com\/www.zoom--in.it\/wp-content\/uploads\/2018\/11\/cropped-final.png?fit=568%2C237&ssl=1","contentUrl":"https:\/\/i0.wp.com\/www.zoom--in.it\/wp-content\/uploads\/2018\/11\/cropped-final.png?fit=568%2C237&ssl=1","width":568,"height":237,"caption":"ZoomIN Magazine"},"image":{"@id":"https:\/\/www.zoom--in.it\/#\/schema\/logo\/image\/"}},{"@type":"WebSite","@id":"https:\/\/www.zoom--in.it\/#website","url":"https:\/\/www.zoom--in.it\/","name":"ZoomIN Magazine","description":"Magazine Online libero e senza pubblicit\u00e0, pieno di rubriche e curiosit\u00e0","publisher":{"@id":"https:\/\/www.zoom--in.it\/#organization"},"potentialAction":[{"@type":"SearchAction","target":{"@type":"EntryPoint","urlTemplate":"https:\/\/www.zoom--in.it\/?s={search_term_string}"},"query-input":"required name=search_term_string"}],"inLanguage":"it-IT"},{"@type":"WebPage","@id":"https:\/\/www.zoom--in.it\/index.php\/2019\/03\/08\/elementor-4753\/","url":"https:\/\/www.zoom--in.it\/index.php\/2019\/03\/08\/elementor-4753\/","name":"Non esiste un carcere buono - ZoomIN Magazine","isPartOf":{"@id":"https:\/\/www.zoom--in.it\/#website"},"datePublished":"2019-03-08T21:39:05+00:00","dateModified":"2019-03-20T15:31:23+00:00","breadcrumb":{"@id":"https:\/\/www.zoom--in.it\/index.php\/2019\/03\/08\/elementor-4753\/#breadcrumb"},"inLanguage":"it-IT","potentialAction":[{"@type":"ReadAction","target":["https:\/\/www.zoom--in.it\/index.php\/2019\/03\/08\/elementor-4753\/"]}]},{"@type":"BreadcrumbList","@id":"https:\/\/www.zoom--in.it\/index.php\/2019\/03\/08\/elementor-4753\/#breadcrumb","itemListElement":[{"@type":"ListItem","position":1,"name":"Home","item":"https:\/\/www.zoom--in.it\/"},{"@type":"ListItem","position":2,"name":"Non esiste un carcere buono"}]},{"@type":"Article","@id":"https:\/\/www.zoom--in.it\/index.php\/2019\/03\/08\/elementor-4753\/#article","isPartOf":{"@id":"https:\/\/www.zoom--in.it\/index.php\/2019\/03\/08\/elementor-4753\/"},"author":{"name":"Claudio Nappi","@id":"https:\/\/www.zoom--in.it\/#\/schema\/person\/f6a6dfb69b2547bd519261d4ade627ce"},"headline":"Non esiste un carcere buono","datePublished":"2019-03-08T21:39:05+00:00","dateModified":"2019-03-20T15:31:23+00:00","mainEntityOfPage":{"@id":"https:\/\/www.zoom--in.it\/index.php\/2019\/03\/08\/elementor-4753\/"},"wordCount":1510,"publisher":{"@id":"https:\/\/www.zoom--in.it\/#organization"},"articleSection":["Mondo"],"inLanguage":"it-IT"},{"@type":"Person","@id":"https:\/\/www.zoom--in.it\/#\/schema\/person\/f6a6dfb69b2547bd519261d4ade627ce","name":"Claudio Nappi","url":"https:\/\/www.zoom--in.it\/index.php\/author\/claudio-nappi\/"}]}},"jetpack_featured_media_url":"https:\/\/i0.wp.com\/www.zoom--in.it\/wp-content\/uploads\/2019\/03\/viaggio-nel-silenzio-del-carcere-minorile-dell-aquila-10092.660x368.jpg?fit=660%2C368&ssl=1","jetpack_sharing_enabled":true,"jetpack_shortlink":"https:\/\/wp.me\/p9Zlh8-1eF","_links":{"self":[{"href":"https:\/\/www.zoom--in.it\/index.php\/wp-json\/wp\/v2\/posts\/4753"}],"collection":[{"href":"https:\/\/www.zoom--in.it\/index.php\/wp-json\/wp\/v2\/posts"}],"about":[{"href":"https:\/\/www.zoom--in.it\/index.php\/wp-json\/wp\/v2\/types\/post"}],"author":[{"embeddable":true,"href":"https:\/\/www.zoom--in.it\/index.php\/wp-json\/wp\/v2\/users\/4"}],"replies":[{"embeddable":true,"href":"https:\/\/www.zoom--in.it\/index.php\/wp-json\/wp\/v2\/comments?post=4753"}],"version-history":[{"count":11,"href":"https:\/\/www.zoom--in.it\/index.php\/wp-json\/wp\/v2\/posts\/4753\/revisions"}],"predecessor-version":[{"id":4872,"href":"https:\/\/www.zoom--in.it\/index.php\/wp-json\/wp\/v2\/posts\/4753\/revisions\/4872"}],"wp:featuredmedia":[{"embeddable":true,"href":"https:\/\/www.zoom--in.it\/index.php\/wp-json\/wp\/v2\/media\/4871"}],"wp:attachment":[{"href":"https:\/\/www.zoom--in.it\/index.php\/wp-json\/wp\/v2\/media?parent=4753"}],"wp:term":[{"taxonomy":"category","embeddable":true,"href":"https:\/\/www.zoom--in.it\/index.php\/wp-json\/wp\/v2\/categories?post=4753"},{"taxonomy":"post_tag","embeddable":true,"href":"https:\/\/www.zoom--in.it\/index.php\/wp-json\/wp\/v2\/tags?post=4753"}],"curies":[{"name":"wp","href":"https:\/\/api.w.org\/{rel}","templated":true}]}}