{"id":479,"date":"2018-11-09T14:43:39","date_gmt":"2018-11-09T14:43:39","guid":{"rendered":"https:\/\/www.zoom--in.it\/?p=479"},"modified":"2019-01-10T16:06:17","modified_gmt":"2019-01-10T16:06:17","slug":"telecamere-nei-macelli-volonta-politiche-a-confronto","status":"publish","type":"post","link":"https:\/\/www.zoom--in.it\/index.php\/2018\/11\/09\/telecamere-nei-macelli-volonta-politiche-a-confronto\/","title":{"rendered":"TELECAMERE NEI MACELLI.  VOLONT\u00c0 POLITICHE A CONFRONTO"},"content":{"rendered":"\t\t<div data-elementor-type=\"wp-post\" data-elementor-id=\"479\" class=\"elementor elementor-479 elementor-bc-flex-widget\">\n\t\t\t\t\t\t<div class=\"elementor-inner\">\n\t\t\t\t<div class=\"elementor-section-wrap\">\n\t\t\t\t\t\t\t\t\t<section class=\"elementor-section elementor-top-section elementor-element elementor-element-7dfcb9e elementor-section-boxed elementor-section-height-default elementor-section-height-default\" data-id=\"7dfcb9e\" data-element_type=\"section\">\n\t\t\t\t\t\t<div class=\"elementor-container elementor-column-gap-default\">\n\t\t\t\t\t\t\t<div class=\"elementor-row\">\n\t\t\t\t\t<div class=\"elementor-column elementor-col-100 elementor-top-column elementor-element elementor-element-0093c8f\" data-id=\"0093c8f\" data-element_type=\"column\">\n\t\t\t<div class=\"elementor-column-wrap elementor-element-populated\">\n\t\t\t\t\t\t\t<div class=\"elementor-widget-wrap\">\n\t\t\t\t\t\t<div class=\"elementor-element elementor-element-7edafff elementor-widget elementor-widget-heading\" data-id=\"7edafff\" data-element_type=\"widget\" data-widget_type=\"heading.default\">\n\t\t\t\t<div class=\"elementor-widget-container\">\n\t\t\t<h2 class=\"elementor-heading-title elementor-size-default\">TELECAMERE NEI MACELLI.<br>\n\nVOLONT\u00c0 POLITICHE A CONFRONTO<\/h2>\t\t<\/div>\n\t\t\t\t<\/div>\n\t\t\t\t\t\t<\/div>\n\t\t\t\t\t<\/div>\n\t\t<\/div>\n\t\t\t\t\t\t\t\t<\/div>\n\t\t\t\t\t<\/div>\n\t\t<\/section>\n\t\t\t\t<section class=\"elementor-section elementor-top-section elementor-element elementor-element-35e699c elementor-section-boxed elementor-section-height-default elementor-section-height-default\" data-id=\"35e699c\" data-element_type=\"section\">\n\t\t\t\t\t\t<div class=\"elementor-container elementor-column-gap-default\">\n\t\t\t\t\t\t\t<div class=\"elementor-row\">\n\t\t\t\t\t<div class=\"elementor-column elementor-col-100 elementor-top-column elementor-element elementor-element-18007b4\" data-id=\"18007b4\" data-element_type=\"column\">\n\t\t\t<div class=\"elementor-column-wrap elementor-element-populated\">\n\t\t\t\t\t\t\t<div class=\"elementor-widget-wrap\">\n\t\t\t\t\t\t<div class=\"elementor-element elementor-element-bc529dc elementor-widget elementor-widget-text-editor\" data-id=\"bc529dc\" data-element_type=\"widget\" data-widget_type=\"text-editor.default\">\n\t\t\t\t<div class=\"elementor-widget-container\">\n\t\t\t\t\t\t\t\t<div class=\"elementor-text-editor elementor-clearfix\">\n\t\t\t\t<p>&#8220;<em>La vostra maggioranza ha respinto le aspettative di una maggioranza di francesi, tradendo i vostri impegni elettorali nel processo<\/em>&#8220;, scrive Brigitte Bardot, per la quale &#8220;<em>l&#8217;Assemblea si \u00e8 trasformata in un pietoso teatro del Grand Guignol, dove il ministro St\u00e9phane Travert ha spazzato via tutti gli emendamenti progressisti, soprattutto per <strong>non cambiare<\/strong> le condizioni scandalose di sfruttamento degli animali in Francia<\/em>&#8220;.<\/p>\t\t\t\t\t<\/div>\n\t\t\t\t\t\t<\/div>\n\t\t\t\t<\/div>\n\t\t\t\t<div class=\"elementor-element elementor-element-da26cdf elementor-widget elementor-widget-text-editor\" data-id=\"da26cdf\" data-element_type=\"widget\" data-widget_type=\"text-editor.default\">\n\t\t\t\t<div class=\"elementor-widget-container\">\n\t\t\t\t\t\t\t\t<div class=\"elementor-text-editor elementor-clearfix\">\n\t\t\t\t<p>Mentre in Italia il dibattito sull\u2019installazione delle telecamere nei macelli \u00e8 appena iniziato, in altri paesi europei il confronto tra le parti \u00e8 giunto ormai ad una soluzione normativa.<\/p>\t\t\t\t\t<\/div>\n\t\t\t\t\t\t<\/div>\n\t\t\t\t<\/div>\n\t\t\t\t<div class=\"elementor-element elementor-element-433233e elementor-widget elementor-widget-text-editor\" data-id=\"433233e\" data-element_type=\"widget\" data-widget_type=\"text-editor.default\">\n\t\t\t\t<div class=\"elementor-widget-container\">\n\t\t\t\t\t\t\t\t<div class=\"elementor-text-editor elementor-clearfix\">\n\t\t\t\t<p id=\"u18338-2\" style=\"text-align: center;\"><strong>Obbligo per legge in Inghilterra<\/strong><\/p><p>Dal 4 maggio di quest\u2019anno, in Inghilterra, \u00e8 entrata in vigore le legge per cui ogni macello inglese deve installare\u00a0<span style=\"line-height: 1.5;\">sistemi di video-sorveglianza,\u00a0<\/span><span style=\"line-height: 1.5;\">in tutte le aree dove sono presenti animali vivi. La legge prevede che i veterinari ufficiali possano accedere illimitatamente alle riprese che verranno conservate per 90 giorni. Inoltre, gli operatori devono consentire l&#8217;accesso ai filmati ai veterinari che &#8211; in caso di incidenti agli animali &#8211; possono richiedere la consegna dei video. La legge inglese potrebbe riguardare presto anche altri territori della Gran Bretagna. Essendo infatti il benessere animale una materia devoluta all&#8217;autonomia delle nazioni del Regno, la Scozia ha avviato lo scorso 28 maggio una consultazione pubblica sull&#8217;adeguamento dei suoi macelli alla nuova legge inglese. La consultazione si \u00e8 chiusa il 20 giugno.<\/span><\/p><p id=\"u18339-2\" style=\"text-align: center;\"><strong>Compromesso in Francia<\/strong><\/p><p>In Francia invece, dove il dibattito era iniziato nel 2016 con le terribili immagini diffuse dall\u2019associazione L214, girate in alcuni macelli francesi, tra cui uno con certificazione bio, la situazione ha preso una piega diversa. Dopo le iniziali,\u00a0<span style=\"line-height: 1.5;\">promettenti<\/span><span style=\"line-height: 1.5;\">\u00a0<\/span><span style=\"line-height: 1.5;\">dichiarazioni dell\u2019allora Ministro dell\u2019Agricoltura Stephane Le Foll, quando si \u00e8 trattato di votare la proposta sull\u2019introduzione obbligatoria delle telecamere nei macelli, l\u2019Assemblea nazionale francese ha fatto un passo indietro. Si \u00e8 limitata ad approvare una sperimentazione della durata di due anni e che vede l\u2019introduzione delle telecamere<strong><em> su base volontaria.<\/em><\/strong><\/span><\/p>\t\t\t\t\t<\/div>\n\t\t\t\t\t\t<\/div>\n\t\t\t\t<\/div>\n\t\t\t\t\t\t<\/div>\n\t\t\t\t\t<\/div>\n\t\t<\/div>\n\t\t\t\t\t\t\t\t<\/div>\n\t\t\t\t\t<\/div>\n\t\t<\/section>\n\t\t\t\t<section class=\"elementor-section elementor-top-section elementor-element elementor-element-d349f61 elementor-section-boxed elementor-section-height-default elementor-section-height-default\" data-id=\"d349f61\" data-element_type=\"section\">\n\t\t\t\t\t\t<div class=\"elementor-container elementor-column-gap-default\">\n\t\t\t\t\t\t\t<div class=\"elementor-row\">\n\t\t\t\t\t<div class=\"elementor-column elementor-col-50 elementor-top-column elementor-element elementor-element-07172ce\" data-id=\"07172ce\" data-element_type=\"column\">\n\t\t\t<div class=\"elementor-column-wrap elementor-element-populated\">\n\t\t\t\t\t\t\t<div class=\"elementor-widget-wrap\">\n\t\t\t\t\t\t<div class=\"elementor-element elementor-element-18c9941 elementor-widget elementor-widget-image\" data-id=\"18c9941\" data-element_type=\"widget\" data-widget_type=\"image.default\">\n\t\t\t\t<div class=\"elementor-widget-container\">\n\t\t\t\t\t\t\t\t<div class=\"elementor-image\">\n\t\t\t\t\t\t\t\t\t\t\t\t<img width=\"640\" height=\"334\" src=\"https:\/\/i0.wp.com\/www.zoom--in.it\/wp-content\/uploads\/2018\/11\/macelli_essereanimali-1200x627.jpg?fit=640%2C334&amp;ssl=1\" class=\"attachment-large size-large\" alt=\"\" loading=\"lazy\" data-attachment-id=\"482\" data-permalink=\"https:\/\/www.zoom--in.it\/index.php\/2018\/11\/09\/telecamere-nei-macelli-volonta-politiche-a-confronto\/macelli_essereanimali-1200x627\/\" data-orig-file=\"https:\/\/i0.wp.com\/www.zoom--in.it\/wp-content\/uploads\/2018\/11\/macelli_essereanimali-1200x627.jpg?fit=659%2C344&amp;ssl=1\" data-orig-size=\"659,344\" data-comments-opened=\"1\" data-image-meta=\"{&quot;aperture&quot;:&quot;0&quot;,&quot;credit&quot;:&quot;&quot;,&quot;camera&quot;:&quot;&quot;,&quot;caption&quot;:&quot;&quot;,&quot;created_timestamp&quot;:&quot;0&quot;,&quot;copyright&quot;:&quot;&quot;,&quot;focal_length&quot;:&quot;0&quot;,&quot;iso&quot;:&quot;0&quot;,&quot;shutter_speed&quot;:&quot;0&quot;,&quot;title&quot;:&quot;&quot;,&quot;orientation&quot;:&quot;0&quot;}\" data-image-title=\"macelli_essereanimali-1200&#215;627\" data-image-description=\"\" data-image-caption=\"\" data-medium-file=\"https:\/\/i0.wp.com\/www.zoom--in.it\/wp-content\/uploads\/2018\/11\/macelli_essereanimali-1200x627.jpg?fit=300%2C157&amp;ssl=1\" data-large-file=\"https:\/\/i0.wp.com\/www.zoom--in.it\/wp-content\/uploads\/2018\/11\/macelli_essereanimali-1200x627.jpg?fit=640%2C334&amp;ssl=1\" \/>\t\t\t\t\t\t\t\t\t\t\t\t\t\t<\/div>\n\t\t\t\t\t\t<\/div>\n\t\t\t\t<\/div>\n\t\t\t\t<div class=\"elementor-element elementor-element-fbe18f9 elementor-widget elementor-widget-text-editor\" data-id=\"fbe18f9\" data-element_type=\"widget\" data-widget_type=\"text-editor.default\">\n\t\t\t\t<div class=\"elementor-widget-container\">\n\t\t\t\t\t\t\t\t<div class=\"elementor-text-editor elementor-clearfix\">\n\t\t\t\t<p id=\"u18345-8\" style=\"text-align: center;\"><strong><span id=\"u18345-7\">La nostra proposta per l\u2019Italia<\/span><\/strong><\/p><p id=\"u18345-11\">Per quanto riguarda il nostro paese, durante la conferenza dello scorso aprile, &#8220;<em>Essere Animali<\/em>&#8221; ha presentato \u2013 assieme ad<em> Animal Law<\/em> e <em>Legambiente<\/em> &#8211; un documento\/proposta sull\u2019inserimento obbligatorio dei sistemi di video sorveglianza nei macelli. La proposta, che <em>in primis<\/em> vuole tutelare gli animali in <strong>uno dei momenti pi\u00f9 critici della loro vita<\/strong>, ha riscontrato pareri positivi da parte di tutti gli interessati al tema. Manca solo una volont\u00e0 politica in grado di recepirla e trasformarla in legge. Per questo, c&#8217;\u00e8 sempre bisogno dell&#8217;aiuto dei singoli e della collettivit\u00e0.<\/p><p style=\"text-align: right;\"><strong>Essere Animali<\/strong><\/p>\t\t\t\t\t<\/div>\n\t\t\t\t\t\t<\/div>\n\t\t\t\t<\/div>\n\t\t\t\t\t\t<\/div>\n\t\t\t\t\t<\/div>\n\t\t<\/div>\n\t\t\t\t<div class=\"elementor-column elementor-col-50 elementor-top-column elementor-element elementor-element-cff66fb\" data-id=\"cff66fb\" data-element_type=\"column\">\n\t\t\t<div class=\"elementor-column-wrap elementor-element-populated\">\n\t\t\t\t\t\t\t<div class=\"elementor-widget-wrap\">\n\t\t\t\t\t\t<div class=\"elementor-element elementor-element-b5cb83e elementor-widget elementor-widget-image\" data-id=\"b5cb83e\" data-element_type=\"widget\" data-widget_type=\"image.default\">\n\t\t\t\t<div class=\"elementor-widget-container\">\n\t\t\t\t\t\t\t\t<div class=\"elementor-image\">\n\t\t\t\t\t\t\t\t\t\t\t\t<img width=\"550\" height=\"825\" src=\"https:\/\/i0.wp.com\/www.zoom--in.it\/wp-content\/uploads\/2018\/11\/tommaso-ausili-hidden-death-contrasto-intervista-body-image-1476954635550x826.jpg?fit=550%2C825&amp;ssl=1\" class=\"attachment-full size-full\" alt=\"\" loading=\"lazy\" data-attachment-id=\"481\" data-permalink=\"https:\/\/www.zoom--in.it\/index.php\/2018\/11\/09\/telecamere-nei-macelli-volonta-politiche-a-confronto\/tommaso-ausili-hidden-death-contrasto-intervista-body-image-1476954635550x826\/\" data-orig-file=\"https:\/\/i0.wp.com\/www.zoom--in.it\/wp-content\/uploads\/2018\/11\/tommaso-ausili-hidden-death-contrasto-intervista-body-image-1476954635550x826.jpg?fit=550%2C825&amp;ssl=1\" data-orig-size=\"550,825\" data-comments-opened=\"1\" data-image-meta=\"{&quot;aperture&quot;:&quot;0&quot;,&quot;credit&quot;:&quot;&quot;,&quot;camera&quot;:&quot;&quot;,&quot;caption&quot;:&quot;&quot;,&quot;created_timestamp&quot;:&quot;0&quot;,&quot;copyright&quot;:&quot;&quot;,&quot;focal_length&quot;:&quot;0&quot;,&quot;iso&quot;:&quot;0&quot;,&quot;shutter_speed&quot;:&quot;0&quot;,&quot;title&quot;:&quot;&quot;,&quot;orientation&quot;:&quot;0&quot;}\" data-image-title=\"tommaso-ausili-hidden-death-contrasto-intervista-body-image-1476954635550&#215;826\" data-image-description=\"\" data-image-caption=\"\" data-medium-file=\"https:\/\/i0.wp.com\/www.zoom--in.it\/wp-content\/uploads\/2018\/11\/tommaso-ausili-hidden-death-contrasto-intervista-body-image-1476954635550x826.jpg?fit=200%2C300&amp;ssl=1\" data-large-file=\"https:\/\/i0.wp.com\/www.zoom--in.it\/wp-content\/uploads\/2018\/11\/tommaso-ausili-hidden-death-contrasto-intervista-body-image-1476954635550x826.jpg?fit=550%2C825&amp;ssl=1\" \/>\t\t\t\t\t\t\t\t\t\t\t\t\t\t<\/div>\n\t\t\t\t\t\t<\/div>\n\t\t\t\t<\/div>\n\t\t\t\t\t\t<\/div>\n\t\t\t\t\t<\/div>\n\t\t<\/div>\n\t\t\t\t\t\t\t\t<\/div>\n\t\t\t\t\t<\/div>\n\t\t<\/section>\n\t\t\t\t<section class=\"elementor-section elementor-top-section elementor-element elementor-element-63a27c1 elementor-section-boxed elementor-section-height-default elementor-section-height-default\" data-id=\"63a27c1\" data-element_type=\"section\">\n\t\t\t\t\t\t<div class=\"elementor-container elementor-column-gap-default\">\n\t\t\t\t\t\t\t<div class=\"elementor-row\">\n\t\t\t\t\t<div class=\"elementor-column elementor-col-50 elementor-top-column elementor-element elementor-element-e9af7ba\" data-id=\"e9af7ba\" data-element_type=\"column\">\n\t\t\t<div class=\"elementor-column-wrap elementor-element-populated\">\n\t\t\t\t\t\t\t<div class=\"elementor-widget-wrap\">\n\t\t\t\t\t\t<div class=\"elementor-element elementor-element-7031be2 elementor-widget elementor-widget-spacer\" data-id=\"7031be2\" data-element_type=\"widget\" data-widget_type=\"spacer.default\">\n\t\t\t\t<div class=\"elementor-widget-container\">\n\t\t\t\t\t<div class=\"elementor-spacer\">\n\t\t\t<div class=\"elementor-spacer-inner\"><\/div>\n\t\t<\/div>\n\t\t\t\t<\/div>\n\t\t\t\t<\/div>\n\t\t\t\t\t\t<\/div>\n\t\t\t\t\t<\/div>\n\t\t<\/div>\n\t\t\t\t<div class=\"elementor-column elementor-col-50 elementor-top-column elementor-element elementor-element-3a210f4\" data-id=\"3a210f4\" data-element_type=\"column\">\n\t\t\t<div class=\"elementor-column-wrap elementor-element-populated\">\n\t\t\t\t\t\t\t<div class=\"elementor-widget-wrap\">\n\t\t\t\t\t\t<div class=\"elementor-element elementor-element-3f83176 elementor-widget elementor-widget-text-editor\" data-id=\"3f83176\" data-element_type=\"widget\" data-widget_type=\"text-editor.default\">\n\t\t\t\t<div class=\"elementor-widget-container\">\n\t\t\t\t\t\t\t\t<div class=\"elementor-text-editor elementor-clearfix\">\n\t\t\t\t\t\t\t\t\t<\/div>\n\t\t\t\t\t\t<\/div>\n\t\t\t\t<\/div>\n\t\t\t\t\t\t<\/div>\n\t\t\t\t\t<\/div>\n\t\t<\/div>\n\t\t\t\t\t\t\t\t<\/div>\n\t\t\t\t\t<\/div>\n\t\t<\/section>\n\t\t\t\t\t\t\t\t\t<\/div>\n\t\t\t<\/div>\n\t\t\t\t\t<\/div>\n\t\t","protected":false},"excerpt":{"rendered":"<p>TELECAMERE NEI MACELLI. VOLONT\u00c0 POLITICHE A CONFRONTO &#8220;La vostra maggioranza ha respinto le aspettative di<\/p>\n","protected":false},"author":10,"featured_media":480,"comment_status":"open","ping_status":"open","sticky":false,"template":"","format":"standard","meta":{"spay_email":""},"categories":[10],"tags":[],"yoast_head":"<!-- This site is optimized with the Yoast SEO plugin v19.4 - https:\/\/yoast.com\/wordpress\/plugins\/seo\/ -->\n<title>TELECAMERE NEI MACELLI. VOLONT\u00c0 POLITICHE A CONFRONTO - ZoomIN Magazine<\/title>\n<meta name=\"robots\" content=\"index, follow, max-snippet:-1, max-image-preview:large, max-video-preview:-1\" \/>\n<link rel=\"canonical\" href=\"https:\/\/www.zoom--in.it\/index.php\/2018\/11\/09\/telecamere-nei-macelli-volonta-politiche-a-confronto\/\" \/>\n<meta property=\"og:locale\" content=\"it_IT\" \/>\n<meta property=\"og:type\" content=\"article\" \/>\n<meta property=\"og:title\" content=\"TELECAMERE NEI MACELLI. VOLONT\u00c0 POLITICHE A CONFRONTO - ZoomIN Magazine\" \/>\n<meta property=\"og:description\" content=\"TELECAMERE NEI MACELLI. VOLONT\u00c0 POLITICHE A CONFRONTO &#8220;La vostra maggioranza ha respinto le aspettative di\" \/>\n<meta property=\"og:url\" content=\"https:\/\/www.zoom--in.it\/index.php\/2018\/11\/09\/telecamere-nei-macelli-volonta-politiche-a-confronto\/\" \/>\n<meta property=\"og:site_name\" content=\"ZoomIN Magazine\" \/>\n<meta property=\"article:published_time\" content=\"2018-11-09T14:43:39+00:00\" \/>\n<meta property=\"article:modified_time\" content=\"2019-01-10T16:06:17+00:00\" \/>\n<meta property=\"og:image\" content=\"https:\/\/i0.wp.com\/www.zoom--in.it\/wp-content\/uploads\/2018\/11\/vecchi-macelli-1506x768.jpg?fit=1506%2C768&ssl=1\" \/>\n\t<meta property=\"og:image:width\" content=\"1506\" \/>\n\t<meta property=\"og:image:height\" content=\"768\" \/>\n\t<meta property=\"og:image:type\" content=\"image\/jpeg\" \/>\n<meta name=\"author\" content=\"Essere Animali\" \/>\n<meta name=\"twitter:card\" content=\"summary_large_image\" \/>\n<meta name=\"twitter:label1\" content=\"Scritto da\" \/>\n\t<meta name=\"twitter:data1\" content=\"Essere Animali\" \/>\n\t<meta name=\"twitter:label2\" content=\"Tempo di lettura stimato\" \/>\n\t<meta name=\"twitter:data2\" content=\"2 minuti\" \/>\n<script type=\"application\/ld+json\" class=\"yoast-schema-graph\">{\"@context\":\"https:\/\/schema.org\",\"@graph\":[{\"@type\":\"Organization\",\"@id\":\"https:\/\/www.zoom--in.it\/#organization\",\"name\":\"ZoomIN Magazine\",\"url\":\"https:\/\/www.zoom--in.it\/\",\"sameAs\":[],\"logo\":{\"@type\":\"ImageObject\",\"inLanguage\":\"it-IT\",\"@id\":\"https:\/\/www.zoom--in.it\/#\/schema\/logo\/image\/\",\"url\":\"https:\/\/i0.wp.com\/www.zoom--in.it\/wp-content\/uploads\/2018\/11\/cropped-final.png?fit=568%2C237&ssl=1\",\"contentUrl\":\"https:\/\/i0.wp.com\/www.zoom--in.it\/wp-content\/uploads\/2018\/11\/cropped-final.png?fit=568%2C237&ssl=1\",\"width\":568,\"height\":237,\"caption\":\"ZoomIN Magazine\"},\"image\":{\"@id\":\"https:\/\/www.zoom--in.it\/#\/schema\/logo\/image\/\"}},{\"@type\":\"WebSite\",\"@id\":\"https:\/\/www.zoom--in.it\/#website\",\"url\":\"https:\/\/www.zoom--in.it\/\",\"name\":\"ZoomIN Magazine\",\"description\":\"Magazine Online libero e senza pubblicit\u00e0, pieno di rubriche e curiosit\u00e0\",\"publisher\":{\"@id\":\"https:\/\/www.zoom--in.it\/#organization\"},\"potentialAction\":[{\"@type\":\"SearchAction\",\"target\":{\"@type\":\"EntryPoint\",\"urlTemplate\":\"https:\/\/www.zoom--in.it\/?s={search_term_string}\"},\"query-input\":\"required name=search_term_string\"}],\"inLanguage\":\"it-IT\"},{\"@type\":\"WebPage\",\"@id\":\"https:\/\/www.zoom--in.it\/index.php\/2018\/11\/09\/telecamere-nei-macelli-volonta-politiche-a-confronto\/\",\"url\":\"https:\/\/www.zoom--in.it\/index.php\/2018\/11\/09\/telecamere-nei-macelli-volonta-politiche-a-confronto\/\",\"name\":\"TELECAMERE NEI MACELLI. VOLONT\u00c0 POLITICHE A CONFRONTO - ZoomIN Magazine\",\"isPartOf\":{\"@id\":\"https:\/\/www.zoom--in.it\/#website\"},\"datePublished\":\"2018-11-09T14:43:39+00:00\",\"dateModified\":\"2019-01-10T16:06:17+00:00\",\"breadcrumb\":{\"@id\":\"https:\/\/www.zoom--in.it\/index.php\/2018\/11\/09\/telecamere-nei-macelli-volonta-politiche-a-confronto\/#breadcrumb\"},\"inLanguage\":\"it-IT\",\"potentialAction\":[{\"@type\":\"ReadAction\",\"target\":[\"https:\/\/www.zoom--in.it\/index.php\/2018\/11\/09\/telecamere-nei-macelli-volonta-politiche-a-confronto\/\"]}]},{\"@type\":\"BreadcrumbList\",\"@id\":\"https:\/\/www.zoom--in.it\/index.php\/2018\/11\/09\/telecamere-nei-macelli-volonta-politiche-a-confronto\/#breadcrumb\",\"itemListElement\":[{\"@type\":\"ListItem\",\"position\":1,\"name\":\"Home\",\"item\":\"https:\/\/www.zoom--in.it\/\"},{\"@type\":\"ListItem\",\"position\":2,\"name\":\"TELECAMERE NEI MACELLI. VOLONT\u00c0 POLITICHE A CONFRONTO\"}]},{\"@type\":\"Article\",\"@id\":\"https:\/\/www.zoom--in.it\/index.php\/2018\/11\/09\/telecamere-nei-macelli-volonta-politiche-a-confronto\/#article\",\"isPartOf\":{\"@id\":\"https:\/\/www.zoom--in.it\/index.php\/2018\/11\/09\/telecamere-nei-macelli-volonta-politiche-a-confronto\/\"},\"author\":{\"name\":\"Essere Animali\",\"@id\":\"https:\/\/www.zoom--in.it\/#\/schema\/person\/532731133b82523619ec3ba7f3c487c2\"},\"headline\":\"TELECAMERE NEI MACELLI. VOLONT\u00c0 POLITICHE A CONFRONTO\",\"datePublished\":\"2018-11-09T14:43:39+00:00\",\"dateModified\":\"2019-01-10T16:06:17+00:00\",\"mainEntityOfPage\":{\"@id\":\"https:\/\/www.zoom--in.it\/index.php\/2018\/11\/09\/telecamere-nei-macelli-volonta-politiche-a-confronto\/\"},\"wordCount\":427,\"commentCount\":0,\"publisher\":{\"@id\":\"https:\/\/www.zoom--in.it\/#organization\"},\"articleSection\":[\"Animali\"],\"inLanguage\":\"it-IT\",\"potentialAction\":[{\"@type\":\"CommentAction\",\"name\":\"Comment\",\"target\":[\"https:\/\/www.zoom--in.it\/index.php\/2018\/11\/09\/telecamere-nei-macelli-volonta-politiche-a-confronto\/#respond\"]}]},{\"@type\":\"Person\",\"@id\":\"https:\/\/www.zoom--in.it\/#\/schema\/person\/532731133b82523619ec3ba7f3c487c2\",\"name\":\"Essere Animali\",\"url\":\"https:\/\/www.zoom--in.it\/index.php\/author\/essere-animali\/\"}]}<\/script>\n<!-- \/ Yoast SEO plugin. -->","yoast_head_json":{"title":"TELECAMERE NEI MACELLI. VOLONT\u00c0 POLITICHE A CONFRONTO - ZoomIN Magazine","robots":{"index":"index","follow":"follow","max-snippet":"max-snippet:-1","max-image-preview":"max-image-preview:large","max-video-preview":"max-video-preview:-1"},"canonical":"https:\/\/www.zoom--in.it\/index.php\/2018\/11\/09\/telecamere-nei-macelli-volonta-politiche-a-confronto\/","og_locale":"it_IT","og_type":"article","og_title":"TELECAMERE NEI MACELLI. VOLONT\u00c0 POLITICHE A CONFRONTO - ZoomIN Magazine","og_description":"TELECAMERE NEI MACELLI. VOLONT\u00c0 POLITICHE A CONFRONTO &#8220;La vostra maggioranza ha respinto le aspettative di","og_url":"https:\/\/www.zoom--in.it\/index.php\/2018\/11\/09\/telecamere-nei-macelli-volonta-politiche-a-confronto\/","og_site_name":"ZoomIN Magazine","article_published_time":"2018-11-09T14:43:39+00:00","article_modified_time":"2019-01-10T16:06:17+00:00","og_image":[{"width":1506,"height":768,"url":"https:\/\/i0.wp.com\/www.zoom--in.it\/wp-content\/uploads\/2018\/11\/vecchi-macelli-1506x768.jpg?fit=1506%2C768&ssl=1","type":"image\/jpeg"}],"author":"Essere Animali","twitter_card":"summary_large_image","twitter_misc":{"Scritto da":"Essere Animali","Tempo di lettura stimato":"2 minuti"},"schema":{"@context":"https:\/\/schema.org","@graph":[{"@type":"Organization","@id":"https:\/\/www.zoom--in.it\/#organization","name":"ZoomIN Magazine","url":"https:\/\/www.zoom--in.it\/","sameAs":[],"logo":{"@type":"ImageObject","inLanguage":"it-IT","@id":"https:\/\/www.zoom--in.it\/#\/schema\/logo\/image\/","url":"https:\/\/i0.wp.com\/www.zoom--in.it\/wp-content\/uploads\/2018\/11\/cropped-final.png?fit=568%2C237&ssl=1","contentUrl":"https:\/\/i0.wp.com\/www.zoom--in.it\/wp-content\/uploads\/2018\/11\/cropped-final.png?fit=568%2C237&ssl=1","width":568,"height":237,"caption":"ZoomIN Magazine"},"image":{"@id":"https:\/\/www.zoom--in.it\/#\/schema\/logo\/image\/"}},{"@type":"WebSite","@id":"https:\/\/www.zoom--in.it\/#website","url":"https:\/\/www.zoom--in.it\/","name":"ZoomIN Magazine","description":"Magazine Online libero e senza pubblicit\u00e0, pieno di rubriche e curiosit\u00e0","publisher":{"@id":"https:\/\/www.zoom--in.it\/#organization"},"potentialAction":[{"@type":"SearchAction","target":{"@type":"EntryPoint","urlTemplate":"https:\/\/www.zoom--in.it\/?s={search_term_string}"},"query-input":"required name=search_term_string"}],"inLanguage":"it-IT"},{"@type":"WebPage","@id":"https:\/\/www.zoom--in.it\/index.php\/2018\/11\/09\/telecamere-nei-macelli-volonta-politiche-a-confronto\/","url":"https:\/\/www.zoom--in.it\/index.php\/2018\/11\/09\/telecamere-nei-macelli-volonta-politiche-a-confronto\/","name":"TELECAMERE NEI MACELLI. VOLONT\u00c0 POLITICHE A CONFRONTO - ZoomIN Magazine","isPartOf":{"@id":"https:\/\/www.zoom--in.it\/#website"},"datePublished":"2018-11-09T14:43:39+00:00","dateModified":"2019-01-10T16:06:17+00:00","breadcrumb":{"@id":"https:\/\/www.zoom--in.it\/index.php\/2018\/11\/09\/telecamere-nei-macelli-volonta-politiche-a-confronto\/#breadcrumb"},"inLanguage":"it-IT","potentialAction":[{"@type":"ReadAction","target":["https:\/\/www.zoom--in.it\/index.php\/2018\/11\/09\/telecamere-nei-macelli-volonta-politiche-a-confronto\/"]}]},{"@type":"BreadcrumbList","@id":"https:\/\/www.zoom--in.it\/index.php\/2018\/11\/09\/telecamere-nei-macelli-volonta-politiche-a-confronto\/#breadcrumb","itemListElement":[{"@type":"ListItem","position":1,"name":"Home","item":"https:\/\/www.zoom--in.it\/"},{"@type":"ListItem","position":2,"name":"TELECAMERE NEI MACELLI. VOLONT\u00c0 POLITICHE A CONFRONTO"}]},{"@type":"Article","@id":"https:\/\/www.zoom--in.it\/index.php\/2018\/11\/09\/telecamere-nei-macelli-volonta-politiche-a-confronto\/#article","isPartOf":{"@id":"https:\/\/www.zoom--in.it\/index.php\/2018\/11\/09\/telecamere-nei-macelli-volonta-politiche-a-confronto\/"},"author":{"name":"Essere Animali","@id":"https:\/\/www.zoom--in.it\/#\/schema\/person\/532731133b82523619ec3ba7f3c487c2"},"headline":"TELECAMERE NEI MACELLI. VOLONT\u00c0 POLITICHE A CONFRONTO","datePublished":"2018-11-09T14:43:39+00:00","dateModified":"2019-01-10T16:06:17+00:00","mainEntityOfPage":{"@id":"https:\/\/www.zoom--in.it\/index.php\/2018\/11\/09\/telecamere-nei-macelli-volonta-politiche-a-confronto\/"},"wordCount":427,"commentCount":0,"publisher":{"@id":"https:\/\/www.zoom--in.it\/#organization"},"articleSection":["Animali"],"inLanguage":"it-IT","potentialAction":[{"@type":"CommentAction","name":"Comment","target":["https:\/\/www.zoom--in.it\/index.php\/2018\/11\/09\/telecamere-nei-macelli-volonta-politiche-a-confronto\/#respond"]}]},{"@type":"Person","@id":"https:\/\/www.zoom--in.it\/#\/schema\/person\/532731133b82523619ec3ba7f3c487c2","name":"Essere Animali","url":"https:\/\/www.zoom--in.it\/index.php\/author\/essere-animali\/"}]}},"jetpack_featured_media_url":"https:\/\/i0.wp.com\/www.zoom--in.it\/wp-content\/uploads\/2018\/11\/vecchi-macelli-1506x768.jpg?fit=1506%2C768&ssl=1","jetpack_sharing_enabled":true,"jetpack_shortlink":"https:\/\/wp.me\/p9Zlh8-7J","_links":{"self":[{"href":"https:\/\/www.zoom--in.it\/index.php\/wp-json\/wp\/v2\/posts\/479"}],"collection":[{"href":"https:\/\/www.zoom--in.it\/index.php\/wp-json\/wp\/v2\/posts"}],"about":[{"href":"https:\/\/www.zoom--in.it\/index.php\/wp-json\/wp\/v2\/types\/post"}],"author":[{"embeddable":true,"href":"https:\/\/www.zoom--in.it\/index.php\/wp-json\/wp\/v2\/users\/10"}],"replies":[{"embeddable":true,"href":"https:\/\/www.zoom--in.it\/index.php\/wp-json\/wp\/v2\/comments?post=479"}],"version-history":[{"count":13,"href":"https:\/\/www.zoom--in.it\/index.php\/wp-json\/wp\/v2\/posts\/479\/revisions"}],"predecessor-version":[{"id":3191,"href":"https:\/\/www.zoom--in.it\/index.php\/wp-json\/wp\/v2\/posts\/479\/revisions\/3191"}],"wp:featuredmedia":[{"embeddable":true,"href":"https:\/\/www.zoom--in.it\/index.php\/wp-json\/wp\/v2\/media\/480"}],"wp:attachment":[{"href":"https:\/\/www.zoom--in.it\/index.php\/wp-json\/wp\/v2\/media?parent=479"}],"wp:term":[{"taxonomy":"category","embeddable":true,"href":"https:\/\/www.zoom--in.it\/index.php\/wp-json\/wp\/v2\/categories?post=479"},{"taxonomy":"post_tag","embeddable":true,"href":"https:\/\/www.zoom--in.it\/index.php\/wp-json\/wp\/v2\/tags?post=479"}],"curies":[{"name":"wp","href":"https:\/\/api.w.org\/{rel}","templated":true}]}}