{"id":4935,"date":"2019-03-23T14:40:51","date_gmt":"2019-03-23T14:40:51","guid":{"rendered":"https:\/\/www.zoom--in.it\/?p=4935"},"modified":"2019-03-26T14:51:03","modified_gmt":"2019-03-26T14:51:03","slug":"comincia-la-primavera","status":"publish","type":"post","link":"https:\/\/www.zoom--in.it\/index.php\/2019\/03\/23\/comincia-la-primavera\/","title":{"rendered":"Comincia la Primavera"},"content":{"rendered":"\t\t<div data-elementor-type=\"wp-post\" data-elementor-id=\"4935\" class=\"elementor elementor-4935\">\n\t\t\t\t\t\t<div class=\"elementor-inner\">\n\t\t\t\t<div class=\"elementor-section-wrap\">\n\t\t\t\t\t\t\t\t\t<section class=\"elementor-section elementor-top-section elementor-element elementor-element-7db70e4 elementor-section-boxed elementor-section-height-default elementor-section-height-default\" data-id=\"7db70e4\" data-element_type=\"section\">\n\t\t\t\t\t\t<div class=\"elementor-container elementor-column-gap-default\">\n\t\t\t\t\t\t\t<div class=\"elementor-row\">\n\t\t\t\t\t<div class=\"elementor-column elementor-col-100 elementor-top-column elementor-element elementor-element-5048bae\" data-id=\"5048bae\" data-element_type=\"column\">\n\t\t\t<div class=\"elementor-column-wrap elementor-element-populated\">\n\t\t\t\t\t\t\t<div class=\"elementor-widget-wrap\">\n\t\t\t\t\t\t<div class=\"elementor-element elementor-element-b067c06 elementor-widget elementor-widget-heading\" data-id=\"b067c06\" data-element_type=\"widget\" data-widget_type=\"heading.default\">\n\t\t\t\t<div class=\"elementor-widget-container\">\n\t\t\t<h2 class=\"elementor-heading-title elementor-size-default\">Comincia la Primavera<\/h2>\t\t<\/div>\n\t\t\t\t<\/div>\n\t\t\t\t<div class=\"elementor-element elementor-element-3bef722 elementor-widget elementor-widget-text-editor\" data-id=\"3bef722\" data-element_type=\"widget\" data-widget_type=\"text-editor.default\">\n\t\t\t\t<div class=\"elementor-widget-container\">\n\t\t\t\t\t\t\t\t<div class=\"elementor-text-editor elementor-clearfix\">\n\t\t\t\t<p><strong>Ed eccola alle porte l\u2019estate. Caldo, sole, spiagge bianche e mare cristallino, una birra gelata sotto l\u2019ombrellone e una valanga di selfie tutti insieme appassionatamente con le \u201cfuncie\u201d al vento, sorrisi a 34 denti e il mare sullo sfondo.<\/strong><br \/>Bravi ragazzi, approfittatene adesso perch\u00e9 ben presto i selfie ve li farete con una realt\u00e0 virtuale sullo sfondo o con quel che resta di un mare ridotto alla pi\u00f9 grande discarica a cielo aperto del pianeta Terra!<br \/>Il mare \u00e8 malato. Un malato terminale che agonizza sotto i colpi che la nostra societ\u00e0 pi\u00f9 malata ed insana di lui produce.<br \/><br \/><\/p>\t\t\t\t\t<\/div>\n\t\t\t\t\t\t<\/div>\n\t\t\t\t<\/div>\n\t\t\t\t<div class=\"elementor-element elementor-element-bfb00c3 elementor-widget elementor-widget-image\" data-id=\"bfb00c3\" data-element_type=\"widget\" data-widget_type=\"image.default\">\n\t\t\t\t<div class=\"elementor-widget-container\">\n\t\t\t\t\t\t\t\t<div class=\"elementor-image\">\n\t\t\t\t\t\t\t\t\t\t\t\t<img width=\"600\" height=\"300\" src=\"https:\/\/i0.wp.com\/www.zoom--in.it\/wp-content\/uploads\/2019\/03\/Isola-di-plastica.jpg?fit=600%2C300&amp;ssl=1\" class=\"attachment-large size-large\" alt=\"\" loading=\"lazy\" data-attachment-id=\"4970\" data-permalink=\"https:\/\/www.zoom--in.it\/index.php\/2019\/03\/23\/comincia-la-primavera\/isola-di-plastica\/\" data-orig-file=\"https:\/\/i0.wp.com\/www.zoom--in.it\/wp-content\/uploads\/2019\/03\/Isola-di-plastica.jpg?fit=600%2C300&amp;ssl=1\" data-orig-size=\"600,300\" data-comments-opened=\"0\" data-image-meta=\"{&quot;aperture&quot;:&quot;0&quot;,&quot;credit&quot;:&quot;&quot;,&quot;camera&quot;:&quot;&quot;,&quot;caption&quot;:&quot;&quot;,&quot;created_timestamp&quot;:&quot;0&quot;,&quot;copyright&quot;:&quot;&quot;,&quot;focal_length&quot;:&quot;0&quot;,&quot;iso&quot;:&quot;0&quot;,&quot;shutter_speed&quot;:&quot;0&quot;,&quot;title&quot;:&quot;&quot;,&quot;orientation&quot;:&quot;1&quot;}\" data-image-title=\"Isola-di-plastica\" data-image-description=\"\" data-image-caption=\"\" data-medium-file=\"https:\/\/i0.wp.com\/www.zoom--in.it\/wp-content\/uploads\/2019\/03\/Isola-di-plastica.jpg?fit=300%2C150&amp;ssl=1\" data-large-file=\"https:\/\/i0.wp.com\/www.zoom--in.it\/wp-content\/uploads\/2019\/03\/Isola-di-plastica.jpg?fit=600%2C300&amp;ssl=1\" \/>\t\t\t\t\t\t\t\t\t\t\t\t\t\t<\/div>\n\t\t\t\t\t\t<\/div>\n\t\t\t\t<\/div>\n\t\t\t\t<div class=\"elementor-element elementor-element-036d821 elementor-widget elementor-widget-text-editor\" data-id=\"036d821\" data-element_type=\"widget\" data-widget_type=\"text-editor.default\">\n\t\t\t\t<div class=\"elementor-widget-container\">\n\t\t\t\t\t\t\t\t<div class=\"elementor-text-editor elementor-clearfix\">\n\t\t\t\t<p><strong>Il dato nudo e crudo \u00e8 questo:<\/strong><br \/>Nell\u2019Oceano Pacifico, fra la California e le Hawaii, galleggia un\u2019isola di plastica vasta tre volte la Francia, 1,6 milioni di km quadrati: una massa di 1,8 trilioni di pezzi, pesanti complessivamente 80.000 tonnellate. \u00c8 formata al 46% da reti da pesca, poi da plastiche rigide come polietilene (PE) e polipropilene (PP). Il 92% degli oggetti \u00e8 pi\u00f9 grande di 0,5 cm. I ricercatori hanno trovato in acqua oggetti intatti risalenti agli anni Settanta.<br \/>L\u201984% del materiale trovato conteneva sostanze tossiche. I pezzi pi\u00f9 grandi di plastica, come le reti o i sacchetti, imprigionano, soffocano ed uccidono gli animali marini. I pezzi pi\u00f9 piccoli e le microplastiche vengono ingoiati dai pesci ed entrano nella catena alimentare, finendo sulle tavole degli esseri umani.<br \/>Ai pi\u00f9 \u201cdistratti\u201d, che ritengono sia \u201csoltanto\u201d un problema oceanico, rispondo che nel nostro meraviglioso Mar Tirreno i ricercatori hanno individuato (per fortuna non con queste abnormi dimensioni) una medesima formazione di plastiche che per effetto delle correnti marine staziona al largo addensandosi con le stesse modalit\u00e0 di quello che viene definito il sesto continente!<br \/>Lo ripeto un continente grande tre volte la Francia!<br \/>TRE VOLTE LA FRANCIA!<br \/>Pensateci quando buttate la plastica nell\u2019indifferenziata andando al mare per farvi i selfie\u2026<br \/>Pensate a quanto fragile e delicato sia questo ecosistema che comunque continua a regalarvi risorse ittiche e panorami meravigliosi.<br \/>Pensateci bene a questo amore non corrisposto. Un amore che ben presto ci chieder\u00e0 un conto salatissimo.<br \/>Buona estate al mare e via con i selfie \u2026 finch\u00e9 mare non ci separi!<\/p>\t\t\t\t\t<\/div>\n\t\t\t\t\t\t<\/div>\n\t\t\t\t<\/div>\n\t\t\t\t<div class=\"elementor-element elementor-element-774774f elementor-widget elementor-widget-text-editor\" data-id=\"774774f\" data-element_type=\"widget\" data-widget_type=\"text-editor.default\">\n\t\t\t\t<div class=\"elementor-widget-container\">\n\t\t\t\t\t\t\t\t<div class=\"elementor-text-editor elementor-clearfix\">\n\t\t\t\t<p style=\"text-align: right;\"><strong>Massimo Costanza<\/strong><\/p>\t\t\t\t\t<\/div>\n\t\t\t\t\t\t<\/div>\n\t\t\t\t<\/div>\n\t\t\t\t\t\t<\/div>\n\t\t\t\t\t<\/div>\n\t\t<\/div>\n\t\t\t\t\t\t\t\t<\/div>\n\t\t\t\t\t<\/div>\n\t\t<\/section>\n\t\t\t\t\t\t\t\t\t<\/div>\n\t\t\t<\/div>\n\t\t\t\t\t<\/div>\n\t\t","protected":false},"excerpt":{"rendered":"<p>Comincia la Primavera Ed eccola alle porte l\u2019estate. Caldo, sole, spiagge bianche e mare cristallino,<\/p>\n","protected":false},"author":47,"featured_media":4972,"comment_status":"closed","ping_status":"open","sticky":false,"template":"","format":"standard","meta":{"spay_email":""},"categories":[2],"tags":[],"yoast_head":"<!-- This site is optimized with the Yoast SEO plugin v19.4 - https:\/\/yoast.com\/wordpress\/plugins\/seo\/ -->\n<title>Comincia la Primavera - ZoomIN Magazine<\/title>\n<meta name=\"robots\" content=\"index, follow, max-snippet:-1, max-image-preview:large, max-video-preview:-1\" \/>\n<link rel=\"canonical\" href=\"https:\/\/www.zoom--in.it\/index.php\/2019\/03\/23\/comincia-la-primavera\/\" \/>\n<meta property=\"og:locale\" content=\"it_IT\" \/>\n<meta property=\"og:type\" content=\"article\" \/>\n<meta property=\"og:title\" content=\"Comincia la Primavera - ZoomIN Magazine\" \/>\n<meta property=\"og:description\" content=\"Comincia la Primavera Ed eccola alle porte l\u2019estate. Caldo, sole, spiagge bianche e mare cristallino,\" \/>\n<meta property=\"og:url\" content=\"https:\/\/www.zoom--in.it\/index.php\/2019\/03\/23\/comincia-la-primavera\/\" \/>\n<meta property=\"og:site_name\" content=\"ZoomIN Magazine\" \/>\n<meta property=\"article:published_time\" content=\"2019-03-23T14:40:51+00:00\" \/>\n<meta property=\"article:modified_time\" content=\"2019-03-26T14:51:03+00:00\" \/>\n<meta property=\"og:image\" content=\"https:\/\/i0.wp.com\/www.zoom--in.it\/wp-content\/uploads\/2019\/03\/albero-con-tappi-di-plaastica-1.jpg?fit=952%2C744&ssl=1\" \/>\n\t<meta property=\"og:image:width\" content=\"952\" \/>\n\t<meta property=\"og:image:height\" content=\"744\" \/>\n\t<meta property=\"og:image:type\" content=\"image\/jpeg\" \/>\n<meta name=\"author\" content=\"Massimo Costanza\" \/>\n<meta name=\"twitter:card\" content=\"summary_large_image\" \/>\n<meta name=\"twitter:label1\" content=\"Scritto da\" \/>\n\t<meta name=\"twitter:data1\" content=\"Massimo Costanza\" \/>\n\t<meta name=\"twitter:label2\" content=\"Tempo di lettura stimato\" \/>\n\t<meta name=\"twitter:data2\" content=\"2 minuti\" \/>\n<script type=\"application\/ld+json\" class=\"yoast-schema-graph\">{\"@context\":\"https:\/\/schema.org\",\"@graph\":[{\"@type\":\"Organization\",\"@id\":\"https:\/\/www.zoom--in.it\/#organization\",\"name\":\"ZoomIN Magazine\",\"url\":\"https:\/\/www.zoom--in.it\/\",\"sameAs\":[],\"logo\":{\"@type\":\"ImageObject\",\"inLanguage\":\"it-IT\",\"@id\":\"https:\/\/www.zoom--in.it\/#\/schema\/logo\/image\/\",\"url\":\"https:\/\/i0.wp.com\/www.zoom--in.it\/wp-content\/uploads\/2018\/11\/cropped-final.png?fit=568%2C237&ssl=1\",\"contentUrl\":\"https:\/\/i0.wp.com\/www.zoom--in.it\/wp-content\/uploads\/2018\/11\/cropped-final.png?fit=568%2C237&ssl=1\",\"width\":568,\"height\":237,\"caption\":\"ZoomIN Magazine\"},\"image\":{\"@id\":\"https:\/\/www.zoom--in.it\/#\/schema\/logo\/image\/\"}},{\"@type\":\"WebSite\",\"@id\":\"https:\/\/www.zoom--in.it\/#website\",\"url\":\"https:\/\/www.zoom--in.it\/\",\"name\":\"ZoomIN Magazine\",\"description\":\"Magazine Online libero e senza pubblicit\u00e0, pieno di rubriche e curiosit\u00e0\",\"publisher\":{\"@id\":\"https:\/\/www.zoom--in.it\/#organization\"},\"potentialAction\":[{\"@type\":\"SearchAction\",\"target\":{\"@type\":\"EntryPoint\",\"urlTemplate\":\"https:\/\/www.zoom--in.it\/?s={search_term_string}\"},\"query-input\":\"required name=search_term_string\"}],\"inLanguage\":\"it-IT\"},{\"@type\":\"WebPage\",\"@id\":\"https:\/\/www.zoom--in.it\/index.php\/2019\/03\/23\/comincia-la-primavera\/\",\"url\":\"https:\/\/www.zoom--in.it\/index.php\/2019\/03\/23\/comincia-la-primavera\/\",\"name\":\"Comincia la Primavera - ZoomIN Magazine\",\"isPartOf\":{\"@id\":\"https:\/\/www.zoom--in.it\/#website\"},\"datePublished\":\"2019-03-23T14:40:51+00:00\",\"dateModified\":\"2019-03-26T14:51:03+00:00\",\"breadcrumb\":{\"@id\":\"https:\/\/www.zoom--in.it\/index.php\/2019\/03\/23\/comincia-la-primavera\/#breadcrumb\"},\"inLanguage\":\"it-IT\",\"potentialAction\":[{\"@type\":\"ReadAction\",\"target\":[\"https:\/\/www.zoom--in.it\/index.php\/2019\/03\/23\/comincia-la-primavera\/\"]}]},{\"@type\":\"BreadcrumbList\",\"@id\":\"https:\/\/www.zoom--in.it\/index.php\/2019\/03\/23\/comincia-la-primavera\/#breadcrumb\",\"itemListElement\":[{\"@type\":\"ListItem\",\"position\":1,\"name\":\"Home\",\"item\":\"https:\/\/www.zoom--in.it\/\"},{\"@type\":\"ListItem\",\"position\":2,\"name\":\"Comincia la Primavera\"}]},{\"@type\":\"Article\",\"@id\":\"https:\/\/www.zoom--in.it\/index.php\/2019\/03\/23\/comincia-la-primavera\/#article\",\"isPartOf\":{\"@id\":\"https:\/\/www.zoom--in.it\/index.php\/2019\/03\/23\/comincia-la-primavera\/\"},\"author\":{\"name\":\"Massimo Costanza\",\"@id\":\"https:\/\/www.zoom--in.it\/#\/schema\/person\/4139e7e4b9a1e1af13f8c99e542df104\"},\"headline\":\"Comincia la Primavera\",\"datePublished\":\"2019-03-23T14:40:51+00:00\",\"dateModified\":\"2019-03-26T14:51:03+00:00\",\"mainEntityOfPage\":{\"@id\":\"https:\/\/www.zoom--in.it\/index.php\/2019\/03\/23\/comincia-la-primavera\/\"},\"wordCount\":360,\"publisher\":{\"@id\":\"https:\/\/www.zoom--in.it\/#organization\"},\"articleSection\":[\"Ambiente\"],\"inLanguage\":\"it-IT\"},{\"@type\":\"Person\",\"@id\":\"https:\/\/www.zoom--in.it\/#\/schema\/person\/4139e7e4b9a1e1af13f8c99e542df104\",\"name\":\"Massimo Costanza\",\"url\":\"https:\/\/www.zoom--in.it\/index.php\/author\/massimo-costanza\/\"}]}<\/script>\n<!-- \/ Yoast SEO plugin. -->","yoast_head_json":{"title":"Comincia la Primavera - ZoomIN Magazine","robots":{"index":"index","follow":"follow","max-snippet":"max-snippet:-1","max-image-preview":"max-image-preview:large","max-video-preview":"max-video-preview:-1"},"canonical":"https:\/\/www.zoom--in.it\/index.php\/2019\/03\/23\/comincia-la-primavera\/","og_locale":"it_IT","og_type":"article","og_title":"Comincia la Primavera - ZoomIN Magazine","og_description":"Comincia la Primavera Ed eccola alle porte l\u2019estate. Caldo, sole, spiagge bianche e mare cristallino,","og_url":"https:\/\/www.zoom--in.it\/index.php\/2019\/03\/23\/comincia-la-primavera\/","og_site_name":"ZoomIN Magazine","article_published_time":"2019-03-23T14:40:51+00:00","article_modified_time":"2019-03-26T14:51:03+00:00","og_image":[{"width":952,"height":744,"url":"https:\/\/i0.wp.com\/www.zoom--in.it\/wp-content\/uploads\/2019\/03\/albero-con-tappi-di-plaastica-1.jpg?fit=952%2C744&ssl=1","type":"image\/jpeg"}],"author":"Massimo Costanza","twitter_card":"summary_large_image","twitter_misc":{"Scritto da":"Massimo Costanza","Tempo di lettura stimato":"2 minuti"},"schema":{"@context":"https:\/\/schema.org","@graph":[{"@type":"Organization","@id":"https:\/\/www.zoom--in.it\/#organization","name":"ZoomIN Magazine","url":"https:\/\/www.zoom--in.it\/","sameAs":[],"logo":{"@type":"ImageObject","inLanguage":"it-IT","@id":"https:\/\/www.zoom--in.it\/#\/schema\/logo\/image\/","url":"https:\/\/i0.wp.com\/www.zoom--in.it\/wp-content\/uploads\/2018\/11\/cropped-final.png?fit=568%2C237&ssl=1","contentUrl":"https:\/\/i0.wp.com\/www.zoom--in.it\/wp-content\/uploads\/2018\/11\/cropped-final.png?fit=568%2C237&ssl=1","width":568,"height":237,"caption":"ZoomIN Magazine"},"image":{"@id":"https:\/\/www.zoom--in.it\/#\/schema\/logo\/image\/"}},{"@type":"WebSite","@id":"https:\/\/www.zoom--in.it\/#website","url":"https:\/\/www.zoom--in.it\/","name":"ZoomIN Magazine","description":"Magazine Online libero e senza pubblicit\u00e0, pieno di rubriche e curiosit\u00e0","publisher":{"@id":"https:\/\/www.zoom--in.it\/#organization"},"potentialAction":[{"@type":"SearchAction","target":{"@type":"EntryPoint","urlTemplate":"https:\/\/www.zoom--in.it\/?s={search_term_string}"},"query-input":"required name=search_term_string"}],"inLanguage":"it-IT"},{"@type":"WebPage","@id":"https:\/\/www.zoom--in.it\/index.php\/2019\/03\/23\/comincia-la-primavera\/","url":"https:\/\/www.zoom--in.it\/index.php\/2019\/03\/23\/comincia-la-primavera\/","name":"Comincia la Primavera - ZoomIN Magazine","isPartOf":{"@id":"https:\/\/www.zoom--in.it\/#website"},"datePublished":"2019-03-23T14:40:51+00:00","dateModified":"2019-03-26T14:51:03+00:00","breadcrumb":{"@id":"https:\/\/www.zoom--in.it\/index.php\/2019\/03\/23\/comincia-la-primavera\/#breadcrumb"},"inLanguage":"it-IT","potentialAction":[{"@type":"ReadAction","target":["https:\/\/www.zoom--in.it\/index.php\/2019\/03\/23\/comincia-la-primavera\/"]}]},{"@type":"BreadcrumbList","@id":"https:\/\/www.zoom--in.it\/index.php\/2019\/03\/23\/comincia-la-primavera\/#breadcrumb","itemListElement":[{"@type":"ListItem","position":1,"name":"Home","item":"https:\/\/www.zoom--in.it\/"},{"@type":"ListItem","position":2,"name":"Comincia la Primavera"}]},{"@type":"Article","@id":"https:\/\/www.zoom--in.it\/index.php\/2019\/03\/23\/comincia-la-primavera\/#article","isPartOf":{"@id":"https:\/\/www.zoom--in.it\/index.php\/2019\/03\/23\/comincia-la-primavera\/"},"author":{"name":"Massimo Costanza","@id":"https:\/\/www.zoom--in.it\/#\/schema\/person\/4139e7e4b9a1e1af13f8c99e542df104"},"headline":"Comincia la Primavera","datePublished":"2019-03-23T14:40:51+00:00","dateModified":"2019-03-26T14:51:03+00:00","mainEntityOfPage":{"@id":"https:\/\/www.zoom--in.it\/index.php\/2019\/03\/23\/comincia-la-primavera\/"},"wordCount":360,"publisher":{"@id":"https:\/\/www.zoom--in.it\/#organization"},"articleSection":["Ambiente"],"inLanguage":"it-IT"},{"@type":"Person","@id":"https:\/\/www.zoom--in.it\/#\/schema\/person\/4139e7e4b9a1e1af13f8c99e542df104","name":"Massimo Costanza","url":"https:\/\/www.zoom--in.it\/index.php\/author\/massimo-costanza\/"}]}},"jetpack_featured_media_url":"https:\/\/i0.wp.com\/www.zoom--in.it\/wp-content\/uploads\/2019\/03\/albero-con-tappi-di-plaastica-1.jpg?fit=952%2C744&ssl=1","jetpack_sharing_enabled":true,"jetpack_shortlink":"https:\/\/wp.me\/p9Zlh8-1hB","_links":{"self":[{"href":"https:\/\/www.zoom--in.it\/index.php\/wp-json\/wp\/v2\/posts\/4935"}],"collection":[{"href":"https:\/\/www.zoom--in.it\/index.php\/wp-json\/wp\/v2\/posts"}],"about":[{"href":"https:\/\/www.zoom--in.it\/index.php\/wp-json\/wp\/v2\/types\/post"}],"author":[{"embeddable":true,"href":"https:\/\/www.zoom--in.it\/index.php\/wp-json\/wp\/v2\/users\/47"}],"replies":[{"embeddable":true,"href":"https:\/\/www.zoom--in.it\/index.php\/wp-json\/wp\/v2\/comments?post=4935"}],"version-history":[{"count":10,"href":"https:\/\/www.zoom--in.it\/index.php\/wp-json\/wp\/v2\/posts\/4935\/revisions"}],"predecessor-version":[{"id":5032,"href":"https:\/\/www.zoom--in.it\/index.php\/wp-json\/wp\/v2\/posts\/4935\/revisions\/5032"}],"wp:featuredmedia":[{"embeddable":true,"href":"https:\/\/www.zoom--in.it\/index.php\/wp-json\/wp\/v2\/media\/4972"}],"wp:attachment":[{"href":"https:\/\/www.zoom--in.it\/index.php\/wp-json\/wp\/v2\/media?parent=4935"}],"wp:term":[{"taxonomy":"category","embeddable":true,"href":"https:\/\/www.zoom--in.it\/index.php\/wp-json\/wp\/v2\/categories?post=4935"},{"taxonomy":"post_tag","embeddable":true,"href":"https:\/\/www.zoom--in.it\/index.php\/wp-json\/wp\/v2\/tags?post=4935"}],"curies":[{"name":"wp","href":"https:\/\/api.w.org\/{rel}","templated":true}]}}