{"id":4984,"date":"2019-03-24T18:20:59","date_gmt":"2019-03-24T18:20:59","guid":{"rendered":"https:\/\/www.zoom--in.it\/?p=4984"},"modified":"2019-03-25T16:25:30","modified_gmt":"2019-03-25T16:25:30","slug":"beat-generation-la-bandiera-compie-centanni","status":"publish","type":"post","link":"https:\/\/www.zoom--in.it\/index.php\/2019\/03\/24\/beat-generation-la-bandiera-compie-centanni\/","title":{"rendered":"Beat Generation: la Bandiera compie cent&#8217;anni"},"content":{"rendered":"\t\t<div data-elementor-type=\"wp-post\" data-elementor-id=\"4984\" class=\"elementor elementor-4984\">\n\t\t\t\t\t\t<div class=\"elementor-inner\">\n\t\t\t\t<div class=\"elementor-section-wrap\">\n\t\t\t\t\t\t\t\t\t<section class=\"elementor-section elementor-top-section elementor-element elementor-element-5156823 elementor-section-boxed elementor-section-height-default elementor-section-height-default\" data-id=\"5156823\" data-element_type=\"section\">\n\t\t\t\t\t\t<div class=\"elementor-container elementor-column-gap-default\">\n\t\t\t\t\t\t\t<div class=\"elementor-row\">\n\t\t\t\t\t<div class=\"elementor-column elementor-col-100 elementor-top-column elementor-element elementor-element-d4b022a\" data-id=\"d4b022a\" data-element_type=\"column\">\n\t\t\t<div class=\"elementor-column-wrap elementor-element-populated\">\n\t\t\t\t\t\t\t<div class=\"elementor-widget-wrap\">\n\t\t\t\t\t\t<div class=\"elementor-element elementor-element-a2e8670 elementor-widget elementor-widget-heading\" data-id=\"a2e8670\" data-element_type=\"widget\" data-widget_type=\"heading.default\">\n\t\t\t\t<div class=\"elementor-widget-container\">\n\t\t\t<h2 class=\"elementor-heading-title elementor-size-default\">BEAT GENERATION: LA BANDIERA COMPIE CENT\u2019ANNI\n<\/h2>\t\t<\/div>\n\t\t\t\t<\/div>\n\t\t\t\t<div class=\"elementor-element elementor-element-bf080f8 elementor-drop-cap-yes elementor-drop-cap-view-default elementor-widget elementor-widget-text-editor\" data-id=\"bf080f8\" data-element_type=\"widget\" data-settings=\"{&quot;drop_cap&quot;:&quot;yes&quot;}\" data-widget_type=\"text-editor.default\">\n\t\t\t\t<div class=\"elementor-widget-container\">\n\t\t\t\t\t\t\t\t<div class=\"elementor-text-editor elementor-clearfix\">\n\t\t\t\t<p>Oggi compie cent\u2019anni. Gi\u00e0 solo questo \u00e8 un fatto cui -quasi sempre- plaudire.<br \/>Ma diventa un grande trionfo, quando il \u201clui\u201d di oggi \u00e8 Lawrence Ferlinghetti.<br \/>Uno dei protagonisti della San Francisco Reinassance, ha fatto <em>scandalo<\/em> con la pubblicazione di \u201cUrlo\u201d (\u201cHowl\u201d) di Ginsberg. E\u2019 autore di centinaia d\u2019opere: Lawrence Ferlinghetti compie oggi 100 anni. Un secolo di parole e poesia.<\/p><p>\u00a0<\/p>\t\t\t\t\t<\/div>\n\t\t\t\t\t\t<\/div>\n\t\t\t\t<\/div>\n\t\t\t\t<div class=\"elementor-element elementor-element-95d955f elementor-widget elementor-widget-image\" data-id=\"95d955f\" data-element_type=\"widget\" data-widget_type=\"image.default\">\n\t\t\t\t<div class=\"elementor-widget-container\">\n\t\t\t\t\t\t\t\t<div class=\"elementor-image\">\n\t\t\t\t\t\t\t\t\t\t\t\t<img width=\"640\" height=\"791\" src=\"https:\/\/i0.wp.com\/www.zoom--in.it\/wp-content\/uploads\/2019\/03\/1-lawrence-1959.jpg?fit=640%2C791&amp;ssl=1\" class=\"attachment-large size-large\" alt=\"\" loading=\"lazy\" data-attachment-id=\"4996\" data-permalink=\"https:\/\/www.zoom--in.it\/index.php\/2019\/03\/24\/beat-generation-la-bandiera-compie-centanni\/1-lawrence-1959\/\" data-orig-file=\"https:\/\/i0.wp.com\/www.zoom--in.it\/wp-content\/uploads\/2019\/03\/1-lawrence-1959.jpg?fit=1407%2C1741&amp;ssl=1\" data-orig-size=\"1407,1741\" data-comments-opened=\"0\" data-image-meta=\"{&quot;aperture&quot;:&quot;0&quot;,&quot;credit&quot;:&quot;&quot;,&quot;camera&quot;:&quot;&quot;,&quot;caption&quot;:&quot;&quot;,&quot;created_timestamp&quot;:&quot;0&quot;,&quot;copyright&quot;:&quot;&quot;,&quot;focal_length&quot;:&quot;0&quot;,&quot;iso&quot;:&quot;0&quot;,&quot;shutter_speed&quot;:&quot;0&quot;,&quot;title&quot;:&quot;&quot;,&quot;orientation&quot;:&quot;1&quot;}\" data-image-title=\"1 &#8211; lawrence 1959\" data-image-description=\"\" data-image-caption=\"\" data-medium-file=\"https:\/\/i0.wp.com\/www.zoom--in.it\/wp-content\/uploads\/2019\/03\/1-lawrence-1959.jpg?fit=242%2C300&amp;ssl=1\" data-large-file=\"https:\/\/i0.wp.com\/www.zoom--in.it\/wp-content\/uploads\/2019\/03\/1-lawrence-1959.jpg?fit=640%2C791&amp;ssl=1\" \/>\t\t\t\t\t\t\t\t\t\t\t\t\t\t<\/div>\n\t\t\t\t\t\t<\/div>\n\t\t\t\t<\/div>\n\t\t\t\t\t\t<\/div>\n\t\t\t\t\t<\/div>\n\t\t<\/div>\n\t\t\t\t\t\t\t\t<\/div>\n\t\t\t\t\t<\/div>\n\t\t<\/section>\n\t\t\t\t<section class=\"elementor-section elementor-top-section elementor-element elementor-element-141d907 elementor-section-boxed elementor-section-height-default elementor-section-height-default\" data-id=\"141d907\" data-element_type=\"section\">\n\t\t\t\t\t\t<div class=\"elementor-container elementor-column-gap-default\">\n\t\t\t\t\t\t\t<div class=\"elementor-row\">\n\t\t\t\t\t<div class=\"elementor-column elementor-col-100 elementor-top-column elementor-element elementor-element-d33b256\" data-id=\"d33b256\" data-element_type=\"column\">\n\t\t\t<div class=\"elementor-column-wrap elementor-element-populated\">\n\t\t\t\t\t\t\t<div class=\"elementor-widget-wrap\">\n\t\t\t\t\t\t<div class=\"elementor-element elementor-element-f397b9e elementor-widget elementor-widget-text-editor\" data-id=\"f397b9e\" data-element_type=\"widget\" data-widget_type=\"text-editor.default\">\n\t\t\t\t<div class=\"elementor-widget-container\">\n\t\t\t\t\t\t\t\t<div class=\"elementor-text-editor elementor-clearfix\">\n\t\t\t\t<p>Dire Ferlinghetti \u00e8 dire Beat Generation. Dire Ferlinghetti vuol dire decine di libri, dipinti e una libreria: la sua City Lights Books, fondata nel \u201953 come libreria e punto di ritrovo, per poi divenire, attorno alla met\u00e0 degli anni \u201950, anche casa editrice. Lo scrittore americano, dal DNA italo-franco-portoghese, compie un secolo, 20 lustri, cento anni. Ed ha bauli di vita da aprire e da non raccontare: parlano da s\u00e9.<\/p><p>Corso, Ginsburg, Ferlinghetti: me ne parlava, per averli conosciuti di persona un amico, mio \u201cvicino\u201d di casa in mezzo alla campagna umbra. E\u2019 stato scrittore ed epigrammista: Gaio Fratini, uomo di grande cultura ed entusiasta di tale conoscenza. Quando la moglie Arianna parlava dei fondatori e rappresentanti della Beat Generation, le brillavano gli occhi. In Italia erano giusto arrivati riverberi riscaldati e forgiati dalla discografia commerciale. Una certa crescita ci sar\u00e0 con la musica dei <em>cantautori.<\/em><\/p>\t\t\t\t\t<\/div>\n\t\t\t\t\t\t<\/div>\n\t\t\t\t<\/div>\n\t\t\t\t<div class=\"elementor-element elementor-element-223c263 elementor-widget elementor-widget-image\" data-id=\"223c263\" data-element_type=\"widget\" data-widget_type=\"image.default\">\n\t\t\t\t<div class=\"elementor-widget-container\">\n\t\t\t\t\t\t\t\t<div class=\"elementor-image\">\n\t\t\t\t\t\t\t\t\t\t\t\t<img width=\"640\" height=\"424\" src=\"https:\/\/i0.wp.com\/www.zoom--in.it\/wp-content\/uploads\/2019\/03\/2-Ferlingh-Ginsburg.jpg?fit=640%2C424&amp;ssl=1\" class=\"attachment-large size-large\" alt=\"\" loading=\"lazy\" data-attachment-id=\"5001\" data-permalink=\"https:\/\/www.zoom--in.it\/index.php\/2019\/03\/24\/beat-generation-la-bandiera-compie-centanni\/2-ferlingh-ginsburg\/\" data-orig-file=\"https:\/\/i0.wp.com\/www.zoom--in.it\/wp-content\/uploads\/2019\/03\/2-Ferlingh-Ginsburg.jpg?fit=1280%2C848&amp;ssl=1\" data-orig-size=\"1280,848\" data-comments-opened=\"0\" data-image-meta=\"{&quot;aperture&quot;:&quot;0&quot;,&quot;credit&quot;:&quot;&quot;,&quot;camera&quot;:&quot;&quot;,&quot;caption&quot;:&quot;&quot;,&quot;created_timestamp&quot;:&quot;0&quot;,&quot;copyright&quot;:&quot;&quot;,&quot;focal_length&quot;:&quot;0&quot;,&quot;iso&quot;:&quot;0&quot;,&quot;shutter_speed&quot;:&quot;0&quot;,&quot;title&quot;:&quot;&quot;,&quot;orientation&quot;:&quot;0&quot;}\" data-image-title=\"2 &#8211; Ferlingh &#038; Ginsburg\" data-image-description=\"\" data-image-caption=\"\" data-medium-file=\"https:\/\/i0.wp.com\/www.zoom--in.it\/wp-content\/uploads\/2019\/03\/2-Ferlingh-Ginsburg.jpg?fit=300%2C199&amp;ssl=1\" data-large-file=\"https:\/\/i0.wp.com\/www.zoom--in.it\/wp-content\/uploads\/2019\/03\/2-Ferlingh-Ginsburg.jpg?fit=640%2C424&amp;ssl=1\" \/>\t\t\t\t\t\t\t\t\t\t\t\t\t\t<\/div>\n\t\t\t\t\t\t<\/div>\n\t\t\t\t<\/div>\n\t\t\t\t\t\t<\/div>\n\t\t\t\t\t<\/div>\n\t\t<\/div>\n\t\t\t\t\t\t\t\t<\/div>\n\t\t\t\t\t<\/div>\n\t\t<\/section>\n\t\t\t\t<section class=\"elementor-section elementor-top-section elementor-element elementor-element-9ad1ebe elementor-section-boxed elementor-section-height-default elementor-section-height-default\" data-id=\"9ad1ebe\" data-element_type=\"section\">\n\t\t\t\t\t\t<div class=\"elementor-container elementor-column-gap-default\">\n\t\t\t\t\t\t\t<div class=\"elementor-row\">\n\t\t\t\t\t<div class=\"elementor-column elementor-col-100 elementor-top-column elementor-element elementor-element-f4ec61f\" data-id=\"f4ec61f\" data-element_type=\"column\">\n\t\t\t<div class=\"elementor-column-wrap elementor-element-populated\">\n\t\t\t\t\t\t\t<div class=\"elementor-widget-wrap\">\n\t\t\t\t\t\t<div class=\"elementor-element elementor-element-671af74 elementor-widget elementor-widget-text-editor\" data-id=\"671af74\" data-element_type=\"widget\" data-widget_type=\"text-editor.default\">\n\t\t\t\t<div class=\"elementor-widget-container\">\n\t\t\t\t\t\t\t\t<div class=\"elementor-text-editor elementor-clearfix\">\n\t\t\t\t<p>Corso, Ginsburg, Kerouac, Ferlinghetti, anime del \u201cRinascimento di San Francisco\u201d. Sfidarono la concezione di arte come espressione di \u00e9lite superiore. Ne crearono una nuova: ma non \u00e9lite, non superiore. Se Edgar Lee Masters era stato -con la sua Antologia di Spoon River, per i ragazzi degli anni \u201960- la rivoluzione rispetto alla poesia romantica, quella di maniera, contraddistinta da regole metriche e versi in rima, ebbene il passo avanti venne fatto dalle pagine dirette e a volte rudi di questi <em>ragazzi-non-ragazzi<\/em>, destinati a diventare la bussola per i tempi poetici ed artistici del futuro.<\/p>\t\t\t\t\t<\/div>\n\t\t\t\t\t\t<\/div>\n\t\t\t\t<\/div>\n\t\t\t\t\t\t<\/div>\n\t\t\t\t\t<\/div>\n\t\t<\/div>\n\t\t\t\t\t\t\t\t<\/div>\n\t\t\t\t\t<\/div>\n\t\t<\/section>\n\t\t\t\t<section class=\"elementor-section elementor-top-section elementor-element elementor-element-2fed324 elementor-section-boxed elementor-section-height-default elementor-section-height-default\" data-id=\"2fed324\" data-element_type=\"section\">\n\t\t\t\t\t\t<div class=\"elementor-container elementor-column-gap-default\">\n\t\t\t\t\t\t\t<div class=\"elementor-row\">\n\t\t\t\t\t<div class=\"elementor-column elementor-col-100 elementor-top-column elementor-element elementor-element-b6939f1\" data-id=\"b6939f1\" data-element_type=\"column\">\n\t\t\t<div class=\"elementor-column-wrap elementor-element-populated\">\n\t\t\t\t\t\t\t<div class=\"elementor-widget-wrap\">\n\t\t\t\t\t\t<div class=\"elementor-element elementor-element-6c7c549 elementor-widget elementor-widget-image\" data-id=\"6c7c549\" data-element_type=\"widget\" data-widget_type=\"image.default\">\n\t\t\t\t<div class=\"elementor-widget-container\">\n\t\t\t\t\t\t\t\t<div class=\"elementor-image\">\n\t\t\t\t\t\t\t\t\t\t\t\t<img width=\"640\" height=\"901\" src=\"https:\/\/i0.wp.com\/www.zoom--in.it\/wp-content\/uploads\/2019\/03\/3-Ferlinghetti-.jpg?fit=640%2C901&amp;ssl=1\" class=\"attachment-large size-large\" alt=\"\" loading=\"lazy\" data-attachment-id=\"5004\" data-permalink=\"https:\/\/www.zoom--in.it\/index.php\/2019\/03\/24\/beat-generation-la-bandiera-compie-centanni\/3-ferlinghetti\/\" data-orig-file=\"https:\/\/i0.wp.com\/www.zoom--in.it\/wp-content\/uploads\/2019\/03\/3-Ferlinghetti-.jpg?fit=1000%2C1409&amp;ssl=1\" data-orig-size=\"1000,1409\" data-comments-opened=\"0\" data-image-meta=\"{&quot;aperture&quot;:&quot;0&quot;,&quot;credit&quot;:&quot;&quot;,&quot;camera&quot;:&quot;&quot;,&quot;caption&quot;:&quot;&quot;,&quot;created_timestamp&quot;:&quot;0&quot;,&quot;copyright&quot;:&quot;&quot;,&quot;focal_length&quot;:&quot;0&quot;,&quot;iso&quot;:&quot;0&quot;,&quot;shutter_speed&quot;:&quot;0&quot;,&quot;title&quot;:&quot;&quot;,&quot;orientation&quot;:&quot;0&quot;}\" data-image-title=\"3 &#8211; Ferlinghetti\" data-image-description=\"\" data-image-caption=\"\" data-medium-file=\"https:\/\/i0.wp.com\/www.zoom--in.it\/wp-content\/uploads\/2019\/03\/3-Ferlinghetti-.jpg?fit=213%2C300&amp;ssl=1\" data-large-file=\"https:\/\/i0.wp.com\/www.zoom--in.it\/wp-content\/uploads\/2019\/03\/3-Ferlinghetti-.jpg?fit=640%2C901&amp;ssl=1\" \/>\t\t\t\t\t\t\t\t\t\t\t\t\t\t<\/div>\n\t\t\t\t\t\t<\/div>\n\t\t\t\t<\/div>\n\t\t\t\t\t\t<\/div>\n\t\t\t\t\t<\/div>\n\t\t<\/div>\n\t\t\t\t\t\t\t\t<\/div>\n\t\t\t\t\t<\/div>\n\t\t<\/section>\n\t\t\t\t<section class=\"elementor-section elementor-top-section elementor-element elementor-element-9f98f96 elementor-section-boxed elementor-section-height-default elementor-section-height-default\" data-id=\"9f98f96\" data-element_type=\"section\">\n\t\t\t\t\t\t<div class=\"elementor-container elementor-column-gap-default\">\n\t\t\t\t\t\t\t<div class=\"elementor-row\">\n\t\t\t\t\t<div class=\"elementor-column elementor-col-100 elementor-top-column elementor-element elementor-element-e1135be\" data-id=\"e1135be\" data-element_type=\"column\">\n\t\t\t<div class=\"elementor-column-wrap elementor-element-populated\">\n\t\t\t\t\t\t\t<div class=\"elementor-widget-wrap\">\n\t\t\t\t\t\t<div class=\"elementor-element elementor-element-b89e911 elementor-widget elementor-widget-text-editor\" data-id=\"b89e911\" data-element_type=\"widget\" data-widget_type=\"text-editor.default\">\n\t\t\t\t<div class=\"elementor-widget-container\">\n\t\t\t\t\t\t\t\t<div class=\"elementor-text-editor elementor-clearfix\">\n\t\t\t\t<p>Con la \u201cCity Light Books\u201d, Ferling (il nome americano scelto dal padre, immigrato bresciano) ha pubblicato i Pocket Poets (poeti emergenti). Ancor prima e pure dopo di loro, ha pubblicato tutta la Beat Generation: proprio a seguito della pubblicazione di \u201cUrlo\u201d (Ginsburg), Ferlinghetti fin\u00ec in prigione per oscenit\u00e0. Cre\u00f2 il primo precedente di appello al Primo Emendamento per la <em>pubblicazione di materiale controverso ma di interesse sociale<\/em>, e soprattutto mobilit\u00f2 un enorme schiera di intellettuali, artisti, donne e uomini di cultura, che tutti insieme ottennero la liberazione di Ferlinghetti.<\/p>\t\t\t\t\t<\/div>\n\t\t\t\t\t\t<\/div>\n\t\t\t\t<\/div>\n\t\t\t\t\t\t<\/div>\n\t\t\t\t\t<\/div>\n\t\t<\/div>\n\t\t\t\t\t\t\t\t<\/div>\n\t\t\t\t\t<\/div>\n\t\t<\/section>\n\t\t\t\t<section class=\"elementor-section elementor-top-section elementor-element elementor-element-222ce3a elementor-section-boxed elementor-section-height-default elementor-section-height-default\" data-id=\"222ce3a\" data-element_type=\"section\">\n\t\t\t\t\t\t<div class=\"elementor-container elementor-column-gap-default\">\n\t\t\t\t\t\t\t<div class=\"elementor-row\">\n\t\t\t\t\t<div class=\"elementor-column elementor-col-100 elementor-top-column elementor-element elementor-element-6e8ae27\" data-id=\"6e8ae27\" data-element_type=\"column\">\n\t\t\t<div class=\"elementor-column-wrap elementor-element-populated\">\n\t\t\t\t\t\t\t<div class=\"elementor-widget-wrap\">\n\t\t\t\t\t\t<div class=\"elementor-element elementor-element-377ddfc elementor-widget elementor-widget-image\" data-id=\"377ddfc\" data-element_type=\"widget\" data-widget_type=\"image.default\">\n\t\t\t\t<div class=\"elementor-widget-container\">\n\t\t\t\t\t\t\t\t<div class=\"elementor-image\">\n\t\t\t\t\t\t\t\t\t\t\t\t<img width=\"640\" height=\"359\" src=\"https:\/\/i0.wp.com\/www.zoom--in.it\/wp-content\/uploads\/2019\/03\/4-Libreria.jpeg?fit=640%2C359&amp;ssl=1\" class=\"attachment-large size-large\" alt=\"\" loading=\"lazy\" data-attachment-id=\"5006\" data-permalink=\"https:\/\/www.zoom--in.it\/index.php\/2019\/03\/24\/beat-generation-la-bandiera-compie-centanni\/4-libreria\/\" data-orig-file=\"https:\/\/i0.wp.com\/www.zoom--in.it\/wp-content\/uploads\/2019\/03\/4-Libreria.jpeg?fit=1300%2C729&amp;ssl=1\" data-orig-size=\"1300,729\" data-comments-opened=\"0\" data-image-meta=\"{&quot;aperture&quot;:&quot;0&quot;,&quot;credit&quot;:&quot;&quot;,&quot;camera&quot;:&quot;&quot;,&quot;caption&quot;:&quot;&quot;,&quot;created_timestamp&quot;:&quot;0&quot;,&quot;copyright&quot;:&quot;&quot;,&quot;focal_length&quot;:&quot;0&quot;,&quot;iso&quot;:&quot;0&quot;,&quot;shutter_speed&quot;:&quot;0&quot;,&quot;title&quot;:&quot;&quot;,&quot;orientation&quot;:&quot;0&quot;}\" data-image-title=\"4 Libreria\" data-image-description=\"\" data-image-caption=\"\" data-medium-file=\"https:\/\/i0.wp.com\/www.zoom--in.it\/wp-content\/uploads\/2019\/03\/4-Libreria.jpeg?fit=300%2C168&amp;ssl=1\" data-large-file=\"https:\/\/i0.wp.com\/www.zoom--in.it\/wp-content\/uploads\/2019\/03\/4-Libreria.jpeg?fit=640%2C359&amp;ssl=1\" \/>\t\t\t\t\t\t\t\t\t\t\t\t\t\t<\/div>\n\t\t\t\t\t\t<\/div>\n\t\t\t\t<\/div>\n\t\t\t\t\t\t<\/div>\n\t\t\t\t\t<\/div>\n\t\t<\/div>\n\t\t\t\t\t\t\t\t<\/div>\n\t\t\t\t\t<\/div>\n\t\t<\/section>\n\t\t\t\t<section class=\"elementor-section elementor-top-section elementor-element elementor-element-0451405 elementor-section-boxed elementor-section-height-default elementor-section-height-default\" data-id=\"0451405\" data-element_type=\"section\">\n\t\t\t\t\t\t<div class=\"elementor-container elementor-column-gap-default\">\n\t\t\t\t\t\t\t<div class=\"elementor-row\">\n\t\t\t\t\t<div class=\"elementor-column elementor-col-100 elementor-top-column elementor-element elementor-element-9bc7e94\" data-id=\"9bc7e94\" data-element_type=\"column\">\n\t\t\t<div class=\"elementor-column-wrap elementor-element-populated\">\n\t\t\t\t\t\t\t<div class=\"elementor-widget-wrap\">\n\t\t\t\t\t\t<div class=\"elementor-element elementor-element-7260702 elementor-widget elementor-widget-text-editor\" data-id=\"7260702\" data-element_type=\"widget\" data-widget_type=\"text-editor.default\">\n\t\t\t\t<div class=\"elementor-widget-container\">\n\t\t\t\t\t\t\t\t<div class=\"elementor-text-editor elementor-clearfix\">\n\t\t\t\t<p>E ora una nota personale: caro Lawrence, conto di venirti a trovare. Dalla mia tavolozza americana, per lo pi\u00f9 dipinta sui colori della East Coast, mancano quelli di San Francisco e della West Coast, anche se in realt\u00e0 ho avuto miei ospiti diversi amici di Oroville (Cal.) e di altre zone: Los Angeles, Colorado, Columbia, Carolina del Nord, Florida.<br \/>See You soon dear Lawrence, and have my best and strongest wishes for the Best Future!<\/p>\t\t\t\t\t<\/div>\n\t\t\t\t\t\t<\/div>\n\t\t\t\t<\/div>\n\t\t\t\t\t\t<\/div>\n\t\t\t\t\t<\/div>\n\t\t<\/div>\n\t\t\t\t\t\t\t\t<\/div>\n\t\t\t\t\t<\/div>\n\t\t<\/section>\n\t\t\t\t<section class=\"elementor-section elementor-top-section elementor-element elementor-element-c7f8e2b elementor-section-boxed elementor-section-height-default elementor-section-height-default\" data-id=\"c7f8e2b\" data-element_type=\"section\">\n\t\t\t\t\t\t<div class=\"elementor-container elementor-column-gap-default\">\n\t\t\t\t\t\t\t<div class=\"elementor-row\">\n\t\t\t\t\t<div class=\"elementor-column elementor-col-100 elementor-top-column elementor-element elementor-element-5796699\" data-id=\"5796699\" data-element_type=\"column\">\n\t\t\t<div class=\"elementor-column-wrap elementor-element-populated\">\n\t\t\t\t\t\t\t<div class=\"elementor-widget-wrap\">\n\t\t\t\t\t\t<div class=\"elementor-element elementor-element-058a432 elementor-widget elementor-widget-text-editor\" data-id=\"058a432\" data-element_type=\"widget\" data-widget_type=\"text-editor.default\">\n\t\t\t\t<div class=\"elementor-widget-container\">\n\t\t\t\t\t\t\t\t<div class=\"elementor-text-editor elementor-clearfix\">\n\t\t\t\t<p style=\"text-align: right;\"><strong>Alois Walden Grassani<\/strong><\/p>\t\t\t\t\t<\/div>\n\t\t\t\t\t\t<\/div>\n\t\t\t\t<\/div>\n\t\t\t\t\t\t<\/div>\n\t\t\t\t\t<\/div>\n\t\t<\/div>\n\t\t\t\t\t\t\t\t<\/div>\n\t\t\t\t\t<\/div>\n\t\t<\/section>\n\t\t\t\t\t\t\t\t\t<\/div>\n\t\t\t<\/div>\n\t\t\t\t\t<\/div>\n\t\t","protected":false},"excerpt":{"rendered":"<p>BEAT GENERATION: LA BANDIERA COMPIE CENT\u2019ANNI Oggi compie cent\u2019anni. Gi\u00e0 solo questo \u00e8 un fatto<\/p>\n","protected":false},"author":7,"featured_media":4995,"comment_status":"closed","ping_status":"open","sticky":false,"template":"","format":"standard","meta":{"spay_email":""},"categories":[12],"tags":[],"yoast_head":"<!-- This site is optimized with the Yoast SEO plugin v19.4 - https:\/\/yoast.com\/wordpress\/plugins\/seo\/ -->\n<title>Beat Generation: la Bandiera compie cent&#039;anni - ZoomIN Magazine<\/title>\n<meta name=\"robots\" content=\"index, follow, max-snippet:-1, max-image-preview:large, max-video-preview:-1\" \/>\n<link rel=\"canonical\" href=\"https:\/\/www.zoom--in.it\/index.php\/2019\/03\/24\/beat-generation-la-bandiera-compie-centanni\/\" \/>\n<meta property=\"og:locale\" content=\"it_IT\" \/>\n<meta property=\"og:type\" content=\"article\" \/>\n<meta property=\"og:title\" content=\"Beat Generation: la Bandiera compie cent&#039;anni - ZoomIN Magazine\" \/>\n<meta property=\"og:description\" content=\"BEAT GENERATION: LA BANDIERA COMPIE CENT\u2019ANNI Oggi compie cent\u2019anni. Gi\u00e0 solo questo \u00e8 un fatto\" \/>\n<meta property=\"og:url\" content=\"https:\/\/www.zoom--in.it\/index.php\/2019\/03\/24\/beat-generation-la-bandiera-compie-centanni\/\" \/>\n<meta property=\"og:site_name\" content=\"ZoomIN Magazine\" \/>\n<meta property=\"article:published_time\" content=\"2019-03-24T18:20:59+00:00\" \/>\n<meta property=\"article:modified_time\" content=\"2019-03-25T16:25:30+00:00\" \/>\n<meta property=\"og:image\" content=\"https:\/\/i0.wp.com\/www.zoom--in.it\/wp-content\/uploads\/2019\/03\/City-Lights.jpg?fit=4240%2C1794&ssl=1\" \/>\n\t<meta property=\"og:image:width\" content=\"4240\" \/>\n\t<meta property=\"og:image:height\" content=\"1794\" \/>\n\t<meta property=\"og:image:type\" content=\"image\/jpeg\" \/>\n<meta name=\"author\" content=\"Alois Walden Grassani\" \/>\n<meta name=\"twitter:card\" content=\"summary_large_image\" \/>\n<meta name=\"twitter:label1\" content=\"Scritto da\" \/>\n\t<meta name=\"twitter:data1\" content=\"Alois Walden Grassani\" \/>\n\t<meta name=\"twitter:label2\" content=\"Tempo di lettura stimato\" \/>\n\t<meta name=\"twitter:data2\" content=\"2 minuti\" \/>\n<script type=\"application\/ld+json\" class=\"yoast-schema-graph\">{\"@context\":\"https:\/\/schema.org\",\"@graph\":[{\"@type\":\"Organization\",\"@id\":\"https:\/\/www.zoom--in.it\/#organization\",\"name\":\"ZoomIN Magazine\",\"url\":\"https:\/\/www.zoom--in.it\/\",\"sameAs\":[],\"logo\":{\"@type\":\"ImageObject\",\"inLanguage\":\"it-IT\",\"@id\":\"https:\/\/www.zoom--in.it\/#\/schema\/logo\/image\/\",\"url\":\"https:\/\/i0.wp.com\/www.zoom--in.it\/wp-content\/uploads\/2018\/11\/cropped-final.png?fit=568%2C237&ssl=1\",\"contentUrl\":\"https:\/\/i0.wp.com\/www.zoom--in.it\/wp-content\/uploads\/2018\/11\/cropped-final.png?fit=568%2C237&ssl=1\",\"width\":568,\"height\":237,\"caption\":\"ZoomIN Magazine\"},\"image\":{\"@id\":\"https:\/\/www.zoom--in.it\/#\/schema\/logo\/image\/\"}},{\"@type\":\"WebSite\",\"@id\":\"https:\/\/www.zoom--in.it\/#website\",\"url\":\"https:\/\/www.zoom--in.it\/\",\"name\":\"ZoomIN Magazine\",\"description\":\"Magazine Online libero e senza pubblicit\u00e0, pieno di rubriche e curiosit\u00e0\",\"publisher\":{\"@id\":\"https:\/\/www.zoom--in.it\/#organization\"},\"potentialAction\":[{\"@type\":\"SearchAction\",\"target\":{\"@type\":\"EntryPoint\",\"urlTemplate\":\"https:\/\/www.zoom--in.it\/?s={search_term_string}\"},\"query-input\":\"required name=search_term_string\"}],\"inLanguage\":\"it-IT\"},{\"@type\":\"WebPage\",\"@id\":\"https:\/\/www.zoom--in.it\/index.php\/2019\/03\/24\/beat-generation-la-bandiera-compie-centanni\/\",\"url\":\"https:\/\/www.zoom--in.it\/index.php\/2019\/03\/24\/beat-generation-la-bandiera-compie-centanni\/\",\"name\":\"Beat Generation: la Bandiera compie cent'anni - ZoomIN Magazine\",\"isPartOf\":{\"@id\":\"https:\/\/www.zoom--in.it\/#website\"},\"datePublished\":\"2019-03-24T18:20:59+00:00\",\"dateModified\":\"2019-03-25T16:25:30+00:00\",\"breadcrumb\":{\"@id\":\"https:\/\/www.zoom--in.it\/index.php\/2019\/03\/24\/beat-generation-la-bandiera-compie-centanni\/#breadcrumb\"},\"inLanguage\":\"it-IT\",\"potentialAction\":[{\"@type\":\"ReadAction\",\"target\":[\"https:\/\/www.zoom--in.it\/index.php\/2019\/03\/24\/beat-generation-la-bandiera-compie-centanni\/\"]}]},{\"@type\":\"BreadcrumbList\",\"@id\":\"https:\/\/www.zoom--in.it\/index.php\/2019\/03\/24\/beat-generation-la-bandiera-compie-centanni\/#breadcrumb\",\"itemListElement\":[{\"@type\":\"ListItem\",\"position\":1,\"name\":\"Home\",\"item\":\"https:\/\/www.zoom--in.it\/\"},{\"@type\":\"ListItem\",\"position\":2,\"name\":\"Beat Generation: la Bandiera compie cent&#8217;anni\"}]},{\"@type\":\"Article\",\"@id\":\"https:\/\/www.zoom--in.it\/index.php\/2019\/03\/24\/beat-generation-la-bandiera-compie-centanni\/#article\",\"isPartOf\":{\"@id\":\"https:\/\/www.zoom--in.it\/index.php\/2019\/03\/24\/beat-generation-la-bandiera-compie-centanni\/\"},\"author\":{\"name\":\"Alois Walden Grassani\",\"@id\":\"https:\/\/www.zoom--in.it\/#\/schema\/person\/973e057cf4bcf1ebda47470a14798b39\"},\"headline\":\"Beat Generation: la Bandiera compie cent&#8217;anni\",\"datePublished\":\"2019-03-24T18:20:59+00:00\",\"dateModified\":\"2019-03-25T16:25:30+00:00\",\"mainEntityOfPage\":{\"@id\":\"https:\/\/www.zoom--in.it\/index.php\/2019\/03\/24\/beat-generation-la-bandiera-compie-centanni\/\"},\"wordCount\":476,\"publisher\":{\"@id\":\"https:\/\/www.zoom--in.it\/#organization\"},\"articleSection\":[\"Cultura\"],\"inLanguage\":\"it-IT\"},{\"@type\":\"Person\",\"@id\":\"https:\/\/www.zoom--in.it\/#\/schema\/person\/973e057cf4bcf1ebda47470a14798b39\",\"name\":\"Alois Walden Grassani\",\"url\":\"https:\/\/www.zoom--in.it\/index.php\/author\/alois-walden-grassani\/\"}]}<\/script>\n<!-- \/ Yoast SEO plugin. -->","yoast_head_json":{"title":"Beat Generation: la Bandiera compie cent'anni - ZoomIN Magazine","robots":{"index":"index","follow":"follow","max-snippet":"max-snippet:-1","max-image-preview":"max-image-preview:large","max-video-preview":"max-video-preview:-1"},"canonical":"https:\/\/www.zoom--in.it\/index.php\/2019\/03\/24\/beat-generation-la-bandiera-compie-centanni\/","og_locale":"it_IT","og_type":"article","og_title":"Beat Generation: la Bandiera compie cent'anni - ZoomIN Magazine","og_description":"BEAT GENERATION: LA BANDIERA COMPIE CENT\u2019ANNI Oggi compie cent\u2019anni. Gi\u00e0 solo questo \u00e8 un fatto","og_url":"https:\/\/www.zoom--in.it\/index.php\/2019\/03\/24\/beat-generation-la-bandiera-compie-centanni\/","og_site_name":"ZoomIN Magazine","article_published_time":"2019-03-24T18:20:59+00:00","article_modified_time":"2019-03-25T16:25:30+00:00","og_image":[{"width":4240,"height":1794,"url":"https:\/\/i0.wp.com\/www.zoom--in.it\/wp-content\/uploads\/2019\/03\/City-Lights.jpg?fit=4240%2C1794&ssl=1","type":"image\/jpeg"}],"author":"Alois Walden Grassani","twitter_card":"summary_large_image","twitter_misc":{"Scritto da":"Alois Walden Grassani","Tempo di lettura stimato":"2 minuti"},"schema":{"@context":"https:\/\/schema.org","@graph":[{"@type":"Organization","@id":"https:\/\/www.zoom--in.it\/#organization","name":"ZoomIN Magazine","url":"https:\/\/www.zoom--in.it\/","sameAs":[],"logo":{"@type":"ImageObject","inLanguage":"it-IT","@id":"https:\/\/www.zoom--in.it\/#\/schema\/logo\/image\/","url":"https:\/\/i0.wp.com\/www.zoom--in.it\/wp-content\/uploads\/2018\/11\/cropped-final.png?fit=568%2C237&ssl=1","contentUrl":"https:\/\/i0.wp.com\/www.zoom--in.it\/wp-content\/uploads\/2018\/11\/cropped-final.png?fit=568%2C237&ssl=1","width":568,"height":237,"caption":"ZoomIN Magazine"},"image":{"@id":"https:\/\/www.zoom--in.it\/#\/schema\/logo\/image\/"}},{"@type":"WebSite","@id":"https:\/\/www.zoom--in.it\/#website","url":"https:\/\/www.zoom--in.it\/","name":"ZoomIN Magazine","description":"Magazine Online libero e senza pubblicit\u00e0, pieno di rubriche e curiosit\u00e0","publisher":{"@id":"https:\/\/www.zoom--in.it\/#organization"},"potentialAction":[{"@type":"SearchAction","target":{"@type":"EntryPoint","urlTemplate":"https:\/\/www.zoom--in.it\/?s={search_term_string}"},"query-input":"required name=search_term_string"}],"inLanguage":"it-IT"},{"@type":"WebPage","@id":"https:\/\/www.zoom--in.it\/index.php\/2019\/03\/24\/beat-generation-la-bandiera-compie-centanni\/","url":"https:\/\/www.zoom--in.it\/index.php\/2019\/03\/24\/beat-generation-la-bandiera-compie-centanni\/","name":"Beat Generation: la Bandiera compie cent'anni - ZoomIN Magazine","isPartOf":{"@id":"https:\/\/www.zoom--in.it\/#website"},"datePublished":"2019-03-24T18:20:59+00:00","dateModified":"2019-03-25T16:25:30+00:00","breadcrumb":{"@id":"https:\/\/www.zoom--in.it\/index.php\/2019\/03\/24\/beat-generation-la-bandiera-compie-centanni\/#breadcrumb"},"inLanguage":"it-IT","potentialAction":[{"@type":"ReadAction","target":["https:\/\/www.zoom--in.it\/index.php\/2019\/03\/24\/beat-generation-la-bandiera-compie-centanni\/"]}]},{"@type":"BreadcrumbList","@id":"https:\/\/www.zoom--in.it\/index.php\/2019\/03\/24\/beat-generation-la-bandiera-compie-centanni\/#breadcrumb","itemListElement":[{"@type":"ListItem","position":1,"name":"Home","item":"https:\/\/www.zoom--in.it\/"},{"@type":"ListItem","position":2,"name":"Beat Generation: la Bandiera compie cent&#8217;anni"}]},{"@type":"Article","@id":"https:\/\/www.zoom--in.it\/index.php\/2019\/03\/24\/beat-generation-la-bandiera-compie-centanni\/#article","isPartOf":{"@id":"https:\/\/www.zoom--in.it\/index.php\/2019\/03\/24\/beat-generation-la-bandiera-compie-centanni\/"},"author":{"name":"Alois Walden Grassani","@id":"https:\/\/www.zoom--in.it\/#\/schema\/person\/973e057cf4bcf1ebda47470a14798b39"},"headline":"Beat Generation: la Bandiera compie cent&#8217;anni","datePublished":"2019-03-24T18:20:59+00:00","dateModified":"2019-03-25T16:25:30+00:00","mainEntityOfPage":{"@id":"https:\/\/www.zoom--in.it\/index.php\/2019\/03\/24\/beat-generation-la-bandiera-compie-centanni\/"},"wordCount":476,"publisher":{"@id":"https:\/\/www.zoom--in.it\/#organization"},"articleSection":["Cultura"],"inLanguage":"it-IT"},{"@type":"Person","@id":"https:\/\/www.zoom--in.it\/#\/schema\/person\/973e057cf4bcf1ebda47470a14798b39","name":"Alois Walden Grassani","url":"https:\/\/www.zoom--in.it\/index.php\/author\/alois-walden-grassani\/"}]}},"jetpack_featured_media_url":"https:\/\/i0.wp.com\/www.zoom--in.it\/wp-content\/uploads\/2019\/03\/City-Lights.jpg?fit=4240%2C1794&ssl=1","jetpack_sharing_enabled":true,"jetpack_shortlink":"https:\/\/wp.me\/p9Zlh8-1io","_links":{"self":[{"href":"https:\/\/www.zoom--in.it\/index.php\/wp-json\/wp\/v2\/posts\/4984"}],"collection":[{"href":"https:\/\/www.zoom--in.it\/index.php\/wp-json\/wp\/v2\/posts"}],"about":[{"href":"https:\/\/www.zoom--in.it\/index.php\/wp-json\/wp\/v2\/types\/post"}],"author":[{"embeddable":true,"href":"https:\/\/www.zoom--in.it\/index.php\/wp-json\/wp\/v2\/users\/7"}],"replies":[{"embeddable":true,"href":"https:\/\/www.zoom--in.it\/index.php\/wp-json\/wp\/v2\/comments?post=4984"}],"version-history":[{"count":10,"href":"https:\/\/www.zoom--in.it\/index.php\/wp-json\/wp\/v2\/posts\/4984\/revisions"}],"predecessor-version":[{"id":5044,"href":"https:\/\/www.zoom--in.it\/index.php\/wp-json\/wp\/v2\/posts\/4984\/revisions\/5044"}],"wp:featuredmedia":[{"embeddable":true,"href":"https:\/\/www.zoom--in.it\/index.php\/wp-json\/wp\/v2\/media\/4995"}],"wp:attachment":[{"href":"https:\/\/www.zoom--in.it\/index.php\/wp-json\/wp\/v2\/media?parent=4984"}],"wp:term":[{"taxonomy":"category","embeddable":true,"href":"https:\/\/www.zoom--in.it\/index.php\/wp-json\/wp\/v2\/categories?post=4984"},{"taxonomy":"post_tag","embeddable":true,"href":"https:\/\/www.zoom--in.it\/index.php\/wp-json\/wp\/v2\/tags?post=4984"}],"curies":[{"name":"wp","href":"https:\/\/api.w.org\/{rel}","templated":true}]}}