{"id":4988,"date":"2019-03-24T18:21:03","date_gmt":"2019-03-24T18:21:03","guid":{"rendered":"https:\/\/www.zoom--in.it\/?p=4988"},"modified":"2019-03-24T18:28:45","modified_gmt":"2019-03-24T18:28:45","slug":"liberta-e-avere-tempo-per-cio-che-amiamo","status":"publish","type":"post","link":"https:\/\/www.zoom--in.it\/index.php\/2019\/03\/24\/liberta-e-avere-tempo-per-cio-che-amiamo\/","title":{"rendered":"Libert\u00e0 \u00e8 avere tempo per ci\u00f2 che amiamo"},"content":{"rendered":"\t\t<div data-elementor-type=\"wp-post\" data-elementor-id=\"4988\" class=\"elementor elementor-4988\">\n\t\t\t\t\t\t<div class=\"elementor-inner\">\n\t\t\t\t<div class=\"elementor-section-wrap\">\n\t\t\t\t\t\t\t\t\t<section class=\"elementor-section elementor-top-section elementor-element elementor-element-1cd0963 elementor-section-boxed elementor-section-height-default elementor-section-height-default\" data-id=\"1cd0963\" data-element_type=\"section\">\n\t\t\t\t\t\t<div class=\"elementor-container elementor-column-gap-default\">\n\t\t\t\t\t\t\t<div class=\"elementor-row\">\n\t\t\t\t\t<div class=\"elementor-column elementor-col-100 elementor-top-column elementor-element elementor-element-e652076\" data-id=\"e652076\" data-element_type=\"column\">\n\t\t\t<div class=\"elementor-column-wrap elementor-element-populated\">\n\t\t\t\t\t\t\t<div class=\"elementor-widget-wrap\">\n\t\t\t\t\t\t<div class=\"elementor-element elementor-element-fa14100 elementor-widget elementor-widget-heading\" data-id=\"fa14100\" data-element_type=\"widget\" data-widget_type=\"heading.default\">\n\t\t\t\t<div class=\"elementor-widget-container\">\n\t\t\t<h2 class=\"elementor-heading-title elementor-size-default\">Libert\u00e0 \u00e8 avere tempo per ci\u00f2 che amiamo\n<\/h2>\t\t<\/div>\n\t\t\t\t<\/div>\n\t\t\t\t\t\t<\/div>\n\t\t\t\t\t<\/div>\n\t\t<\/div>\n\t\t\t\t\t\t\t\t<\/div>\n\t\t\t\t\t<\/div>\n\t\t<\/section>\n\t\t\t\t<section class=\"elementor-section elementor-top-section elementor-element elementor-element-8e631b0 elementor-section-boxed elementor-section-height-default elementor-section-height-default\" data-id=\"8e631b0\" data-element_type=\"section\">\n\t\t\t\t\t\t<div class=\"elementor-container elementor-column-gap-default\">\n\t\t\t\t\t\t\t<div class=\"elementor-row\">\n\t\t\t\t\t<div class=\"elementor-column elementor-col-100 elementor-top-column elementor-element elementor-element-75af0c1\" data-id=\"75af0c1\" data-element_type=\"column\">\n\t\t\t<div class=\"elementor-column-wrap elementor-element-populated\">\n\t\t\t\t\t\t\t<div class=\"elementor-widget-wrap\">\n\t\t\t\t\t\t<div class=\"elementor-element elementor-element-d57fd45 elementor-widget elementor-widget-text-editor\" data-id=\"d57fd45\" data-element_type=\"widget\" data-widget_type=\"text-editor.default\">\n\t\t\t\t<div class=\"elementor-widget-container\">\n\t\t\t\t\t\t\t\t<div class=\"elementor-text-editor elementor-clearfix\">\n\t\t\t\t<p>Non mi stancher\u00f2 mai di spiegare che per essere liberi bisogna\u00a0<strong><em>avere tempo<\/em><\/strong>: tempo da spendere nelle cose che ci piacciono, poich\u00e9 la libert\u00e0 \u00e8 il tempo della vita che se ne va e che spendiamo nelle cose che ci motivano.<br \/>Mentre sei obbligata a lavorare per sopperire alle tue necessit\u00e0 materiali, non sei libera, sei schiava della vecchia legge della necessit\u00e0.<br \/>Ora, se non poni un limite alle tue necessit\u00e0, questo tempo diventa infinito.<br \/>Detto pi\u00f9 chiaramente: se non ti abitui a vivere con poco, con il giusto, dovrai vivere cercando di avere molte cose e vivrai solo in funzione di questo.<br \/>Ma la vita se ne sar\u00e0 andata via\u2026<br \/>Oggi la gente sembra non accorgersene e si preoccupa soltanto di comprare e comprare e comprare, in una corsa infinita\u2026<\/p><p style=\"text-align: right;\"><strong>Pepe Mujica<\/strong><\/p>\t\t\t\t\t<\/div>\n\t\t\t\t\t\t<\/div>\n\t\t\t\t<\/div>\n\t\t\t\t\t\t<\/div>\n\t\t\t\t\t<\/div>\n\t\t<\/div>\n\t\t\t\t\t\t\t\t<\/div>\n\t\t\t\t\t<\/div>\n\t\t<\/section>\n\t\t\t\t\t\t\t\t\t<\/div>\n\t\t\t<\/div>\n\t\t\t\t\t<\/div>\n\t\t","protected":false},"excerpt":{"rendered":"<p>Libert\u00e0 \u00e8 avere tempo per ci\u00f2 che amiamo Non mi stancher\u00f2 mai di spiegare che<\/p>\n","protected":false},"author":29,"featured_media":4990,"comment_status":"closed","ping_status":"open","sticky":false,"template":"","format":"standard","meta":{"spay_email":""},"categories":[12],"tags":[],"yoast_head":"<!-- This site is optimized with the Yoast SEO plugin v19.4 - https:\/\/yoast.com\/wordpress\/plugins\/seo\/ -->\n<title>Libert\u00e0 \u00e8 avere tempo per ci\u00f2 che amiamo - ZoomIN Magazine<\/title>\n<meta name=\"robots\" content=\"index, follow, max-snippet:-1, max-image-preview:large, max-video-preview:-1\" \/>\n<link rel=\"canonical\" href=\"https:\/\/www.zoom--in.it\/index.php\/2019\/03\/24\/liberta-e-avere-tempo-per-cio-che-amiamo\/\" \/>\n<meta property=\"og:locale\" content=\"it_IT\" \/>\n<meta property=\"og:type\" content=\"article\" \/>\n<meta property=\"og:title\" content=\"Libert\u00e0 \u00e8 avere tempo per ci\u00f2 che amiamo - ZoomIN Magazine\" \/>\n<meta property=\"og:description\" content=\"Libert\u00e0 \u00e8 avere tempo per ci\u00f2 che amiamo Non mi stancher\u00f2 mai di spiegare che\" \/>\n<meta property=\"og:url\" content=\"https:\/\/www.zoom--in.it\/index.php\/2019\/03\/24\/liberta-e-avere-tempo-per-cio-che-amiamo\/\" \/>\n<meta property=\"og:site_name\" content=\"ZoomIN Magazine\" \/>\n<meta property=\"article:published_time\" content=\"2019-03-24T18:21:03+00:00\" \/>\n<meta property=\"article:modified_time\" content=\"2019-03-24T18:28:45+00:00\" \/>\n<meta property=\"og:image\" content=\"https:\/\/i0.wp.com\/www.zoom--in.it\/wp-content\/uploads\/2019\/03\/http-o.aolcdn.com-hss-storage-midas-e99f014ac8a1c25c9ffa3753a5500d22-205856554-jose-alberto-pepe-mujica-cordano-ex-president-the-republic-of-urugay-picture-id621792888.jpg?fit=630%2C315&ssl=1\" \/>\n\t<meta property=\"og:image:width\" content=\"630\" \/>\n\t<meta property=\"og:image:height\" content=\"315\" \/>\n\t<meta property=\"og:image:type\" content=\"image\/jpeg\" \/>\n<meta name=\"author\" content=\"raiawadunia\" \/>\n<meta name=\"twitter:card\" content=\"summary_large_image\" \/>\n<meta name=\"twitter:label1\" content=\"Scritto da\" \/>\n\t<meta name=\"twitter:data1\" content=\"raiawadunia\" \/>\n\t<meta name=\"twitter:label2\" content=\"Tempo di lettura stimato\" \/>\n\t<meta name=\"twitter:data2\" content=\"1 minuto\" \/>\n<script type=\"application\/ld+json\" class=\"yoast-schema-graph\">{\"@context\":\"https:\/\/schema.org\",\"@graph\":[{\"@type\":\"Organization\",\"@id\":\"https:\/\/www.zoom--in.it\/#organization\",\"name\":\"ZoomIN Magazine\",\"url\":\"https:\/\/www.zoom--in.it\/\",\"sameAs\":[],\"logo\":{\"@type\":\"ImageObject\",\"inLanguage\":\"it-IT\",\"@id\":\"https:\/\/www.zoom--in.it\/#\/schema\/logo\/image\/\",\"url\":\"https:\/\/i0.wp.com\/www.zoom--in.it\/wp-content\/uploads\/2018\/11\/cropped-final.png?fit=568%2C237&ssl=1\",\"contentUrl\":\"https:\/\/i0.wp.com\/www.zoom--in.it\/wp-content\/uploads\/2018\/11\/cropped-final.png?fit=568%2C237&ssl=1\",\"width\":568,\"height\":237,\"caption\":\"ZoomIN Magazine\"},\"image\":{\"@id\":\"https:\/\/www.zoom--in.it\/#\/schema\/logo\/image\/\"}},{\"@type\":\"WebSite\",\"@id\":\"https:\/\/www.zoom--in.it\/#website\",\"url\":\"https:\/\/www.zoom--in.it\/\",\"name\":\"ZoomIN Magazine\",\"description\":\"Magazine Online libero e senza pubblicit\u00e0, pieno di rubriche e curiosit\u00e0\",\"publisher\":{\"@id\":\"https:\/\/www.zoom--in.it\/#organization\"},\"potentialAction\":[{\"@type\":\"SearchAction\",\"target\":{\"@type\":\"EntryPoint\",\"urlTemplate\":\"https:\/\/www.zoom--in.it\/?s={search_term_string}\"},\"query-input\":\"required name=search_term_string\"}],\"inLanguage\":\"it-IT\"},{\"@type\":\"WebPage\",\"@id\":\"https:\/\/www.zoom--in.it\/index.php\/2019\/03\/24\/liberta-e-avere-tempo-per-cio-che-amiamo\/\",\"url\":\"https:\/\/www.zoom--in.it\/index.php\/2019\/03\/24\/liberta-e-avere-tempo-per-cio-che-amiamo\/\",\"name\":\"Libert\u00e0 \u00e8 avere tempo per ci\u00f2 che amiamo - ZoomIN Magazine\",\"isPartOf\":{\"@id\":\"https:\/\/www.zoom--in.it\/#website\"},\"datePublished\":\"2019-03-24T18:21:03+00:00\",\"dateModified\":\"2019-03-24T18:28:45+00:00\",\"breadcrumb\":{\"@id\":\"https:\/\/www.zoom--in.it\/index.php\/2019\/03\/24\/liberta-e-avere-tempo-per-cio-che-amiamo\/#breadcrumb\"},\"inLanguage\":\"it-IT\",\"potentialAction\":[{\"@type\":\"ReadAction\",\"target\":[\"https:\/\/www.zoom--in.it\/index.php\/2019\/03\/24\/liberta-e-avere-tempo-per-cio-che-amiamo\/\"]}]},{\"@type\":\"BreadcrumbList\",\"@id\":\"https:\/\/www.zoom--in.it\/index.php\/2019\/03\/24\/liberta-e-avere-tempo-per-cio-che-amiamo\/#breadcrumb\",\"itemListElement\":[{\"@type\":\"ListItem\",\"position\":1,\"name\":\"Home\",\"item\":\"https:\/\/www.zoom--in.it\/\"},{\"@type\":\"ListItem\",\"position\":2,\"name\":\"Libert\u00e0 \u00e8 avere tempo per ci\u00f2 che amiamo\"}]},{\"@type\":\"Article\",\"@id\":\"https:\/\/www.zoom--in.it\/index.php\/2019\/03\/24\/liberta-e-avere-tempo-per-cio-che-amiamo\/#article\",\"isPartOf\":{\"@id\":\"https:\/\/www.zoom--in.it\/index.php\/2019\/03\/24\/liberta-e-avere-tempo-per-cio-che-amiamo\/\"},\"author\":{\"name\":\"raiawadunia\",\"@id\":\"https:\/\/www.zoom--in.it\/#\/schema\/person\/1a7d76d98d76b5543b66910aae9515ea\"},\"headline\":\"Libert\u00e0 \u00e8 avere tempo per ci\u00f2 che amiamo\",\"datePublished\":\"2019-03-24T18:21:03+00:00\",\"dateModified\":\"2019-03-24T18:28:45+00:00\",\"mainEntityOfPage\":{\"@id\":\"https:\/\/www.zoom--in.it\/index.php\/2019\/03\/24\/liberta-e-avere-tempo-per-cio-che-amiamo\/\"},\"wordCount\":146,\"publisher\":{\"@id\":\"https:\/\/www.zoom--in.it\/#organization\"},\"articleSection\":[\"Cultura\"],\"inLanguage\":\"it-IT\"},{\"@type\":\"Person\",\"@id\":\"https:\/\/www.zoom--in.it\/#\/schema\/person\/1a7d76d98d76b5543b66910aae9515ea\",\"name\":\"raiawadunia\",\"url\":\"https:\/\/www.zoom--in.it\/index.php\/author\/raiawadunia\/\"}]}<\/script>\n<!-- \/ Yoast SEO plugin. -->","yoast_head_json":{"title":"Libert\u00e0 \u00e8 avere tempo per ci\u00f2 che amiamo - ZoomIN Magazine","robots":{"index":"index","follow":"follow","max-snippet":"max-snippet:-1","max-image-preview":"max-image-preview:large","max-video-preview":"max-video-preview:-1"},"canonical":"https:\/\/www.zoom--in.it\/index.php\/2019\/03\/24\/liberta-e-avere-tempo-per-cio-che-amiamo\/","og_locale":"it_IT","og_type":"article","og_title":"Libert\u00e0 \u00e8 avere tempo per ci\u00f2 che amiamo - ZoomIN Magazine","og_description":"Libert\u00e0 \u00e8 avere tempo per ci\u00f2 che amiamo Non mi stancher\u00f2 mai di spiegare che","og_url":"https:\/\/www.zoom--in.it\/index.php\/2019\/03\/24\/liberta-e-avere-tempo-per-cio-che-amiamo\/","og_site_name":"ZoomIN Magazine","article_published_time":"2019-03-24T18:21:03+00:00","article_modified_time":"2019-03-24T18:28:45+00:00","og_image":[{"width":630,"height":315,"url":"https:\/\/i0.wp.com\/www.zoom--in.it\/wp-content\/uploads\/2019\/03\/http-o.aolcdn.com-hss-storage-midas-e99f014ac8a1c25c9ffa3753a5500d22-205856554-jose-alberto-pepe-mujica-cordano-ex-president-the-republic-of-urugay-picture-id621792888.jpg?fit=630%2C315&ssl=1","type":"image\/jpeg"}],"author":"raiawadunia","twitter_card":"summary_large_image","twitter_misc":{"Scritto da":"raiawadunia","Tempo di lettura stimato":"1 minuto"},"schema":{"@context":"https:\/\/schema.org","@graph":[{"@type":"Organization","@id":"https:\/\/www.zoom--in.it\/#organization","name":"ZoomIN Magazine","url":"https:\/\/www.zoom--in.it\/","sameAs":[],"logo":{"@type":"ImageObject","inLanguage":"it-IT","@id":"https:\/\/www.zoom--in.it\/#\/schema\/logo\/image\/","url":"https:\/\/i0.wp.com\/www.zoom--in.it\/wp-content\/uploads\/2018\/11\/cropped-final.png?fit=568%2C237&ssl=1","contentUrl":"https:\/\/i0.wp.com\/www.zoom--in.it\/wp-content\/uploads\/2018\/11\/cropped-final.png?fit=568%2C237&ssl=1","width":568,"height":237,"caption":"ZoomIN Magazine"},"image":{"@id":"https:\/\/www.zoom--in.it\/#\/schema\/logo\/image\/"}},{"@type":"WebSite","@id":"https:\/\/www.zoom--in.it\/#website","url":"https:\/\/www.zoom--in.it\/","name":"ZoomIN Magazine","description":"Magazine Online libero e senza pubblicit\u00e0, pieno di rubriche e curiosit\u00e0","publisher":{"@id":"https:\/\/www.zoom--in.it\/#organization"},"potentialAction":[{"@type":"SearchAction","target":{"@type":"EntryPoint","urlTemplate":"https:\/\/www.zoom--in.it\/?s={search_term_string}"},"query-input":"required name=search_term_string"}],"inLanguage":"it-IT"},{"@type":"WebPage","@id":"https:\/\/www.zoom--in.it\/index.php\/2019\/03\/24\/liberta-e-avere-tempo-per-cio-che-amiamo\/","url":"https:\/\/www.zoom--in.it\/index.php\/2019\/03\/24\/liberta-e-avere-tempo-per-cio-che-amiamo\/","name":"Libert\u00e0 \u00e8 avere tempo per ci\u00f2 che amiamo - ZoomIN Magazine","isPartOf":{"@id":"https:\/\/www.zoom--in.it\/#website"},"datePublished":"2019-03-24T18:21:03+00:00","dateModified":"2019-03-24T18:28:45+00:00","breadcrumb":{"@id":"https:\/\/www.zoom--in.it\/index.php\/2019\/03\/24\/liberta-e-avere-tempo-per-cio-che-amiamo\/#breadcrumb"},"inLanguage":"it-IT","potentialAction":[{"@type":"ReadAction","target":["https:\/\/www.zoom--in.it\/index.php\/2019\/03\/24\/liberta-e-avere-tempo-per-cio-che-amiamo\/"]}]},{"@type":"BreadcrumbList","@id":"https:\/\/www.zoom--in.it\/index.php\/2019\/03\/24\/liberta-e-avere-tempo-per-cio-che-amiamo\/#breadcrumb","itemListElement":[{"@type":"ListItem","position":1,"name":"Home","item":"https:\/\/www.zoom--in.it\/"},{"@type":"ListItem","position":2,"name":"Libert\u00e0 \u00e8 avere tempo per ci\u00f2 che amiamo"}]},{"@type":"Article","@id":"https:\/\/www.zoom--in.it\/index.php\/2019\/03\/24\/liberta-e-avere-tempo-per-cio-che-amiamo\/#article","isPartOf":{"@id":"https:\/\/www.zoom--in.it\/index.php\/2019\/03\/24\/liberta-e-avere-tempo-per-cio-che-amiamo\/"},"author":{"name":"raiawadunia","@id":"https:\/\/www.zoom--in.it\/#\/schema\/person\/1a7d76d98d76b5543b66910aae9515ea"},"headline":"Libert\u00e0 \u00e8 avere tempo per ci\u00f2 che amiamo","datePublished":"2019-03-24T18:21:03+00:00","dateModified":"2019-03-24T18:28:45+00:00","mainEntityOfPage":{"@id":"https:\/\/www.zoom--in.it\/index.php\/2019\/03\/24\/liberta-e-avere-tempo-per-cio-che-amiamo\/"},"wordCount":146,"publisher":{"@id":"https:\/\/www.zoom--in.it\/#organization"},"articleSection":["Cultura"],"inLanguage":"it-IT"},{"@type":"Person","@id":"https:\/\/www.zoom--in.it\/#\/schema\/person\/1a7d76d98d76b5543b66910aae9515ea","name":"raiawadunia","url":"https:\/\/www.zoom--in.it\/index.php\/author\/raiawadunia\/"}]}},"jetpack_featured_media_url":"https:\/\/i0.wp.com\/www.zoom--in.it\/wp-content\/uploads\/2019\/03\/http-o.aolcdn.com-hss-storage-midas-e99f014ac8a1c25c9ffa3753a5500d22-205856554-jose-alberto-pepe-mujica-cordano-ex-president-the-republic-of-urugay-picture-id621792888.jpg?fit=630%2C315&ssl=1","jetpack_sharing_enabled":true,"jetpack_shortlink":"https:\/\/wp.me\/p9Zlh8-1is","_links":{"self":[{"href":"https:\/\/www.zoom--in.it\/index.php\/wp-json\/wp\/v2\/posts\/4988"}],"collection":[{"href":"https:\/\/www.zoom--in.it\/index.php\/wp-json\/wp\/v2\/posts"}],"about":[{"href":"https:\/\/www.zoom--in.it\/index.php\/wp-json\/wp\/v2\/types\/post"}],"author":[{"embeddable":true,"href":"https:\/\/www.zoom--in.it\/index.php\/wp-json\/wp\/v2\/users\/29"}],"replies":[{"embeddable":true,"href":"https:\/\/www.zoom--in.it\/index.php\/wp-json\/wp\/v2\/comments?post=4988"}],"version-history":[{"count":3,"href":"https:\/\/www.zoom--in.it\/index.php\/wp-json\/wp\/v2\/posts\/4988\/revisions"}],"predecessor-version":[{"id":4992,"href":"https:\/\/www.zoom--in.it\/index.php\/wp-json\/wp\/v2\/posts\/4988\/revisions\/4992"}],"wp:featuredmedia":[{"embeddable":true,"href":"https:\/\/www.zoom--in.it\/index.php\/wp-json\/wp\/v2\/media\/4990"}],"wp:attachment":[{"href":"https:\/\/www.zoom--in.it\/index.php\/wp-json\/wp\/v2\/media?parent=4988"}],"wp:term":[{"taxonomy":"category","embeddable":true,"href":"https:\/\/www.zoom--in.it\/index.php\/wp-json\/wp\/v2\/categories?post=4988"},{"taxonomy":"post_tag","embeddable":true,"href":"https:\/\/www.zoom--in.it\/index.php\/wp-json\/wp\/v2\/tags?post=4988"}],"curies":[{"name":"wp","href":"https:\/\/api.w.org\/{rel}","templated":true}]}}