{"id":5510,"date":"2019-04-27T16:21:20","date_gmt":"2019-04-27T16:21:20","guid":{"rendered":"https:\/\/www.zoom--in.it\/?p=5510"},"modified":"2019-05-25T16:33:25","modified_gmt":"2019-05-25T16:33:25","slug":"leuropa-dei-popoli","status":"publish","type":"post","link":"https:\/\/www.zoom--in.it\/index.php\/2019\/04\/27\/leuropa-dei-popoli\/","title":{"rendered":"L&#8217;europa dei popoli"},"content":{"rendered":"\t\t<div data-elementor-type=\"wp-post\" data-elementor-id=\"5510\" class=\"elementor elementor-5510\">\n\t\t\t\t\t\t<div class=\"elementor-inner\">\n\t\t\t\t<div class=\"elementor-section-wrap\">\n\t\t\t\t\t\t\t\t\t<section class=\"elementor-section elementor-top-section elementor-element elementor-element-bd405ff elementor-section-boxed elementor-section-height-default elementor-section-height-default\" data-id=\"bd405ff\" data-element_type=\"section\">\n\t\t\t\t\t\t<div class=\"elementor-container elementor-column-gap-default\">\n\t\t\t\t\t\t\t<div class=\"elementor-row\">\n\t\t\t\t\t<div class=\"elementor-column elementor-col-100 elementor-top-column elementor-element elementor-element-ccf4efc\" data-id=\"ccf4efc\" data-element_type=\"column\">\n\t\t\t<div class=\"elementor-column-wrap elementor-element-populated\">\n\t\t\t\t\t\t\t<div class=\"elementor-widget-wrap\">\n\t\t\t\t\t\t<div class=\"elementor-element elementor-element-ec8c1e4 elementor-widget elementor-widget-heading\" data-id=\"ec8c1e4\" data-element_type=\"widget\" data-widget_type=\"heading.default\">\n\t\t\t\t<div class=\"elementor-widget-container\">\n\t\t\t<h2 class=\"elementor-heading-title elementor-size-default\">L'europa dei popoli<\/h2>\t\t<\/div>\n\t\t\t\t<\/div>\n\t\t\t\t<div class=\"elementor-element elementor-element-8271fbe elementor-widget elementor-widget-text-editor\" data-id=\"8271fbe\" data-element_type=\"widget\" data-widget_type=\"text-editor.default\">\n\t\t\t\t<div class=\"elementor-widget-container\">\n\t\t\t\t\t\t\t\t<div class=\"elementor-text-editor elementor-clearfix\">\n\t\t\t\t<p>Pochi giorni separano il 25 Aprile, il 1^ Maggio e la data delle elezioni europee che, probabilmente, ridisegneranno lo scenario politico del Vecchio Continente. Le prime due date offrono (e non solo al nostro paese) i due pilastri, le <em>Scilla e Cariddi,<\/em> i vincoli della politica del modello europeo, quello basato sul welfare state.<\/p>\n<p>Da un lato, infatti, abbiamo quello che \u00e8 il vero e unico collante della storia dei popoli europei del \u2018900 e che spesso viene occultato, nascosto, o dimenticato, dagli stessi vittoriosi protagonisti: la lotta e il successo di decine di popoli sul Nazi-fascismo, dopo aver vissuto sottomissione e fame. Proprio quella vittoria rappresent\u00f2 il vero seme delle democrazie nate dalla fine di quel disastro epocale,&nbsp; rappresentato dalla Seconda guerra mondiale. Infatti,&nbsp;dal punto di vista culturale e religioso,&nbsp; le radici presenti nel vecchio continente sono molteplici, differenziate e a volte contraddittorie. Esse racchiudono anche elementi separativi nella storia dei popoli e delle nazioni. Il cemento che&nbsp; per decenni ha unito nella pace i popoli europei (si, proprio i popoli, ben prima delle nazioni: sono le popolazioni, le persone, che vengono impiegate&nbsp;&nbsp;e muoiono&nbsp;&nbsp;in guerra, nei campi di sterminio), \u00e8 rappresentato infatti dalla lotta e dalla vittoria sul nazifascismo. Anche questo andrebbe ricordato sempre: il nazifascismo non fu solo una ideologia che basava la sua prospettiva sull\u2019odio verso l\u2019altro, ma rappresent\u00f2 un regime dispotico e disumano, un regime contro gli insegnamenti di accoglienza e amore della religione cristiana, a cui molti neo-simpatizzanti della destra dicono di ispirarsi.<\/p>\n<p>Inoltre, il nazifascismo si \u00e8 basato su meccanismi di riconoscimento identitario che lascerebbero fuori dalla cerchia dei <i>puri e garantiti,&nbsp;<\/i>i molti che oggi si professano neo-osservanti di tale ideologia.&nbsp;&nbsp;<\/p>\n<p>Non \u00e8 un caso che il papato di Francesco \u00e8 messo nel mirino, proprio perch\u00e9 incarna una contraddizione vivente tra il <i>messaggio di pace e accoglienza dell\u2019altro da s\u00e9<\/i>, contenuto nel Vangelo e nelle parole del Cristo, e le pratiche pseudo-religiose di matrice tradizionalistica, tipiche degli apparati istituzional-religiosi nazionali, ereditate dalla storia medioevale.<\/p>\t\t\t\t\t<\/div>\n\t\t\t\t\t\t<\/div>\n\t\t\t\t<\/div>\n\t\t\t\t<div class=\"elementor-element elementor-element-5a98690 elementor-widget elementor-widget-image\" data-id=\"5a98690\" data-element_type=\"widget\" data-widget_type=\"image.default\">\n\t\t\t\t<div class=\"elementor-widget-container\">\n\t\t\t\t\t\t\t\t<div class=\"elementor-image\">\n\t\t\t\t\t\t\t\t\t\t\t\t<img width=\"640\" height=\"479\" src=\"https:\/\/i0.wp.com\/www.zoom--in.it\/wp-content\/uploads\/2019\/04\/manifestazione_europa_25_marzo_roma.jpg?fit=640%2C479&amp;ssl=1\" class=\"attachment-large size-large\" alt=\"\" loading=\"lazy\" data-attachment-id=\"5513\" data-permalink=\"https:\/\/www.zoom--in.it\/index.php\/2019\/04\/27\/leuropa-dei-popoli\/manifestazione_europa_25_marzo_roma\/\" data-orig-file=\"https:\/\/i0.wp.com\/www.zoom--in.it\/wp-content\/uploads\/2019\/04\/manifestazione_europa_25_marzo_roma.jpg?fit=2048%2C1534&amp;ssl=1\" data-orig-size=\"2048,1534\" data-comments-opened=\"0\" data-image-meta=\"{&quot;aperture&quot;:&quot;0&quot;,&quot;credit&quot;:&quot;&quot;,&quot;camera&quot;:&quot;&quot;,&quot;caption&quot;:&quot;&quot;,&quot;created_timestamp&quot;:&quot;0&quot;,&quot;copyright&quot;:&quot;&quot;,&quot;focal_length&quot;:&quot;0&quot;,&quot;iso&quot;:&quot;0&quot;,&quot;shutter_speed&quot;:&quot;0&quot;,&quot;title&quot;:&quot;&quot;,&quot;orientation&quot;:&quot;0&quot;}\" data-image-title=\"manifestazione_europa_25_marzo_roma\" data-image-description=\"\" data-image-caption=\"\" data-medium-file=\"https:\/\/i0.wp.com\/www.zoom--in.it\/wp-content\/uploads\/2019\/04\/manifestazione_europa_25_marzo_roma.jpg?fit=300%2C225&amp;ssl=1\" data-large-file=\"https:\/\/i0.wp.com\/www.zoom--in.it\/wp-content\/uploads\/2019\/04\/manifestazione_europa_25_marzo_roma.jpg?fit=640%2C479&amp;ssl=1\" \/>\t\t\t\t\t\t\t\t\t\t\t\t\t\t<\/div>\n\t\t\t\t\t\t<\/div>\n\t\t\t\t<\/div>\n\t\t\t\t\t\t<\/div>\n\t\t\t\t\t<\/div>\n\t\t<\/div>\n\t\t\t\t\t\t\t\t<\/div>\n\t\t\t\t\t<\/div>\n\t\t<\/section>\n\t\t\t\t<section class=\"elementor-section elementor-top-section elementor-element elementor-element-2b9abec elementor-section-boxed elementor-section-height-default elementor-section-height-default\" data-id=\"2b9abec\" data-element_type=\"section\">\n\t\t\t\t\t\t<div class=\"elementor-container elementor-column-gap-default\">\n\t\t\t\t\t\t\t<div class=\"elementor-row\">\n\t\t\t\t\t<div class=\"elementor-column elementor-col-100 elementor-top-column elementor-element elementor-element-1f8fad6\" data-id=\"1f8fad6\" data-element_type=\"column\">\n\t\t\t<div class=\"elementor-column-wrap elementor-element-populated\">\n\t\t\t\t\t\t\t<div class=\"elementor-widget-wrap\">\n\t\t\t\t\t\t<div class=\"elementor-element elementor-element-1e042c5 elementor-widget elementor-widget-text-editor\" data-id=\"1e042c5\" data-element_type=\"widget\" data-widget_type=\"text-editor.default\">\n\t\t\t\t<div class=\"elementor-widget-container\">\n\t\t\t\t\t\t\t\t<div class=\"elementor-text-editor elementor-clearfix\">\n\t\t\t\t<p>Il Nazismo e il Fascismo furono anche i regimi pi\u00f9 corrotti della Storia umana. Nacquero sulla base della critica al disagio della crisi economica del capitalismo dell\u2019epoca, il cosiddetto \u201c<i>disordine democratico<\/i>\u201d; poggiarono il loro potere sulla costruzione di una societ\u00e0 senza nessun contrappeso sul piano politico; eliminarono, anche fisicamente, gli avversari politici, impedendo qualunque libert\u00e0 di stampa e di organizzazione sociale e politica che non fosse sotto il controllo del potere.&nbsp;<\/p>\n<p>Chi era al comando, faceva i propri comodi senza rispondere a nessuno e senza limiti, raccontando alla gente quello che tornava utile per mantenere il potere. Chi era al comando, si arricchiva sulle spalle del popolo. Sarebbe utile raccontare alle nuove generazioni che si affacciano alla vita sociale e politica, la verit\u00e0 sulla natura e la corruzione di quei regimi che sono avvolti (nei racconti della propaganda neo-nazista e neo-fascista) in una falsa aura di ordine, disciplina e onore, quando invece hanno rappresentato la pagina pi\u00f9 meschina, disumana, ingannevole e corrotta della Storia. Una pagina che port\u00f2, inoltre, non solo alla sconfitta della loro folle ideologia, ma anche alla pi\u00f9 immane tragedia umana.<\/p>\n<p>Per tale motivo, prima di queste elezioni europee, sarebbe stato necessario uno scarto democratico messo in campo dal parlamento uscente. \u00c8 mancato, infatti, il lancio di una proposta politica in grado di ancorare chiaramente il futuro della dimensione europea alle radici della sua Storia. Proprio in virt\u00f9 del fallimento nella scrittura della Costituzione europea, sarebbe stato utile mettere un punto saldo da cui far ripartire il processo politico dei popoli dell\u2019Unione: la proposta dell\u2019approvazione dell\u2019unico \u201cArticolo 1\u201d della futura Costituzione Europea,&nbsp; \u201c<i>L\u2019Europa Unita \u00e8 una Europa Anti-nazista e Anti-fascista<\/i>\u201d. Questa \u00e8 la verit\u00e0 storica, questo \u00e8 il vero e unico collante in grado di mantenerla unita. Altro che moneta o trattati economici sui deficit, debiti e quant\u2019altro! Questo sarebbe stato l\u2019elemento discriminante, per rimettere la Storia del nostro continente sui binari di una dialettica precisa e democratica: un riconoscimento che non avrebbe voluto oscurare le condizioni sociali e culturali che sono alla base del rinnovato vigore di formazioni neo-naziste, ma che avrebbe consentito di ribadire le salde radici della comunit\u00e0 che aveva sconfitto il nazifascismo, costruito le societ\u00e0 democratiche e ancorato il dibattito politico europeo. Il nostro 25 Aprile avrebbe germogliato, donando frutti utili alla storia di tutti i popoli d\u2019Europa.<\/p>\n<p>Dall\u2019altro lato abbiamo il Primo Maggio, la Festa dei Lavoratori. Il lavoro, infatti, ha rappresentato l\u2019altro asse portante della societ\u00e0 europea. La portata di diritti connessi al lavoro, che nel nostro continente sono andati ben oltre il semplice riconoscimento di un salario giusto e dignitoso, o di una tutela di diritti legati al suo svolgimento. Tali diritti sono approdati al riconoscimento del fatto che, attraverso la dignit\u00e0 del lavoro, si diviene cittadini a tutto tondo. Ed \u00e8 proprio la rottura di questa colonna ad aver messo in discussione la solidit\u00e0 delle nostre societ\u00e0, aperto alla crisi economica e spalancato nuovamente le porte alla richiesta di \u201cordine e disciplina\u201d su cui i movimenti neofascisti attecchiscono e prosperano nelle periferie del mondo.<\/p>\t\t\t\t\t<\/div>\n\t\t\t\t\t\t<\/div>\n\t\t\t\t<\/div>\n\t\t\t\t<div class=\"elementor-element elementor-element-ad530d8 elementor-widget elementor-widget-image\" data-id=\"ad530d8\" data-element_type=\"widget\" data-widget_type=\"image.default\">\n\t\t\t\t<div class=\"elementor-widget-container\">\n\t\t\t\t\t\t\t\t<div class=\"elementor-image\">\n\t\t\t\t\t\t\t\t\t\t\t\t<img width=\"640\" height=\"333\" src=\"https:\/\/i0.wp.com\/www.zoom--in.it\/wp-content\/uploads\/2019\/04\/Pellizza_da_Volpedo_Il_Quarto_Stato.jpg?fit=640%2C333&amp;ssl=1\" class=\"attachment-large size-large\" alt=\"\" loading=\"lazy\" data-attachment-id=\"5514\" data-permalink=\"https:\/\/www.zoom--in.it\/index.php\/2019\/04\/27\/leuropa-dei-popoli\/maggi-giovanni-foto-quarto-stato-dopo-servizio-da-milano\/\" data-orig-file=\"https:\/\/i0.wp.com\/www.zoom--in.it\/wp-content\/uploads\/2019\/04\/Pellizza_da_Volpedo_Il_Quarto_Stato.jpg?fit=1536%2C798&amp;ssl=1\" data-orig-size=\"1536,798\" data-comments-opened=\"0\" data-image-meta=\"{&quot;aperture&quot;:&quot;0&quot;,&quot;credit&quot;:&quot;&quot;,&quot;camera&quot;:&quot;&quot;,&quot;caption&quot;:&quot;Maggi Giovanni---foto Quarto Stato dopo servizio da Milano&quot;,&quot;created_timestamp&quot;:&quot;1539464311&quot;,&quot;copyright&quot;:&quot;&quot;,&quot;focal_length&quot;:&quot;0&quot;,&quot;iso&quot;:&quot;0&quot;,&quot;shutter_speed&quot;:&quot;0&quot;,&quot;title&quot;:&quot;Maggi Giovanni---foto Quarto Stato dopo servizio da Milano&quot;,&quot;orientation&quot;:&quot;1&quot;}\" data-image-title=\"Maggi Giovanni&#8212;foto Quarto Stato dopo servizio da Milano\" data-image-description=\"\" data-image-caption=\"&lt;p&gt;Maggi Giovanni&#8212;foto Quarto Stato dopo servizio da Milano&lt;\/p&gt;\n\" data-medium-file=\"https:\/\/i0.wp.com\/www.zoom--in.it\/wp-content\/uploads\/2019\/04\/Pellizza_da_Volpedo_Il_Quarto_Stato.jpg?fit=300%2C156&amp;ssl=1\" data-large-file=\"https:\/\/i0.wp.com\/www.zoom--in.it\/wp-content\/uploads\/2019\/04\/Pellizza_da_Volpedo_Il_Quarto_Stato.jpg?fit=640%2C333&amp;ssl=1\" \/>\t\t\t\t\t\t\t\t\t\t\t\t\t\t<\/div>\n\t\t\t\t\t\t<\/div>\n\t\t\t\t<\/div>\n\t\t\t\t<div class=\"elementor-element elementor-element-ad40306 elementor-widget elementor-widget-text-editor\" data-id=\"ad40306\" data-element_type=\"widget\" data-widget_type=\"text-editor.default\">\n\t\t\t\t<div class=\"elementor-widget-container\">\n\t\t\t\t\t\t\t\t<div class=\"elementor-text-editor elementor-clearfix\">\n\t\t\t\t<p>Paradossalmente, \u00e8 proprio la dimensione del lavoro, quella dei movimenti sociali nati dalla sua organizzazione collettiva, ad essere il principale assente sulla dimensione europea. \u00c8 la dimensione europea dei diritti del lavoro ad essere assente, perch\u00e9 ancora legata alla dimensione nazionale, o addirittura territoriale. Sono aberranti le organizzazioni che vorrebbero tutelare e rappresentare l\u2019intero mondo del lavoro: di fronte alla crisi del modello di <i>welfare state<\/i> (il generalizzato modello di tutele), rispondono con la contrattazione del \u201c<i>welfare aziendale<\/i>\u201d. Cio\u00e8, vogliono garantire tutele a chi \u00e8 gi\u00e0, in qualche modo, tutelato da un contratto di lavoro. Vogliono dare ulteriori tutele che la collettivit\u00e0 non \u00e8 pi\u00f9 in grado di garantire a tutti. Tali tutele -tra l&#8217;altro- vengono differenziate, da azienda ad azienda. Altro che logica \u201cconfederale\u201d! Siamo alla dismissione del fronte politico del mondo del lavoro, all\u2019inseguimento del \u201ctesseramento di scambio\u201d, l\u2019analogo del \u201cvoto di scambio\u201d gi\u00e0 praticato nella sfera del politico da molti partiti anche della sinistra.<\/p>\n<p>Proprio questo deficit \u201cpolitico\u201d sta determinando una politica europea sempre pi\u00f9 schiacciata sulla dimensione finanziaria e monetaria. \u00c8 una incapacit\u00e0 a rappresentare gli interessi di un mondo del lavoro europeo. \u00c8 una incapacit\u00e0 di fare un salto di qualit\u00e0 della contrattazione, delle nuove tipologie del lavoro, dei suoi interessi generali, inseguendo le logiche di \u201cdumping sociale\u201d nella speranza di accaparrarsi il residuo lavoro umano che il ciclo economico capitalistico sta prefigurando.<\/p>\n<p>Pensate a cosa sarebbero state queste elezioni europee con un vero confronto politico sulla natura storico-politica dell\u2019Europa del secondo dopoguerra e sulla centralit\u00e0 nuova del mondo del lavoro per il futuro del Vecchio continente.<\/p>\n<p>\u00c8 per questo che la prossima scadenza elettorale europea risulta monca, afona, incapace di indicare terreni politici sui quali avanzare proposte strategiche. Per questo, molti ex elettori della sinistra, a queste elezioni ancor pi\u00f9 che nelle precedenti, guarderanno oltre i vecchi confini partitici, o resteranno a casa. Non sono sufficienti nuove grafiche elettorali e le solite liste di nomi, in assenza di una nuova teoria politica della fase e una capacit\u00e0 strategica di guardare alle dinamiche politiche. E questo vale sia per la \u201clista aperta\u201d del PD sia per le varie articolazioni alla sua sinistra.<\/p>\n<p>Pensate alla lontananza tra le parole (e i fatti) delle varie forze della sinistra in Europa e il movimento dei giovani che chiedono un nuovo modello di sviluppo, che rompa con lo <em>sviluppismo<\/em>, in nome della salvezza del pianeta. Pensateci un momento e capirete che lo schema che ci ha accompagnato, tutti, nel \u2018900 non \u00e8 pi\u00f9 in grado di farci fare un passo in avanti: i gruppi di candidati delle varie liste non rappresentano pi\u00f9 una classe dirigente perch\u00e9 non sanno indicare una strada se non quella del \u201cvotatemi\u201d.<\/p>\n<p>Ci saranno forze politiche capaci di riprendere le radici profonde e rinvigorirle,&nbsp; fino a far nascere nuovi getti ad una pianta europea che sembra rinsecchirsi sempre pi\u00f9?<\/p>\t\t\t\t\t<\/div>\n\t\t\t\t\t\t<\/div>\n\t\t\t\t<\/div>\n\t\t\t\t<div class=\"elementor-element elementor-element-6adcb45 elementor-widget elementor-widget-text-editor\" data-id=\"6adcb45\" data-element_type=\"widget\" data-widget_type=\"text-editor.default\">\n\t\t\t\t<div class=\"elementor-widget-container\">\n\t\t\t\t\t\t\t\t<div class=\"elementor-text-editor elementor-clearfix\">\n\t\t\t\t<p style=\"text-align: right;\"><strong>Sergio Bellucci<\/strong><\/p>\t\t\t\t\t<\/div>\n\t\t\t\t\t\t<\/div>\n\t\t\t\t<\/div>\n\t\t\t\t\t\t<\/div>\n\t\t\t\t\t<\/div>\n\t\t<\/div>\n\t\t\t\t\t\t\t\t<\/div>\n\t\t\t\t\t<\/div>\n\t\t<\/section>\n\t\t\t\t\t\t\t\t\t<\/div>\n\t\t\t<\/div>\n\t\t\t\t\t<\/div>\n\t\t","protected":false},"excerpt":{"rendered":"<p>L&#8217;europa dei popoli Pochi giorni separano il 25 Aprile, il 1^ Maggio e la data<\/p>\n","protected":false},"author":50,"featured_media":5512,"comment_status":"open","ping_status":"open","sticky":false,"template":"","format":"standard","meta":{"spay_email":""},"categories":[3],"tags":[],"yoast_head":"<!-- This site is optimized with the Yoast SEO plugin v19.4 - https:\/\/yoast.com\/wordpress\/plugins\/seo\/ -->\n<title>L&#039;europa dei popoli - ZoomIN Magazine<\/title>\n<meta name=\"robots\" content=\"index, follow, max-snippet:-1, max-image-preview:large, max-video-preview:-1\" \/>\n<link rel=\"canonical\" href=\"https:\/\/www.zoom--in.it\/index.php\/2019\/04\/27\/leuropa-dei-popoli\/\" \/>\n<meta property=\"og:locale\" content=\"it_IT\" \/>\n<meta property=\"og:type\" content=\"article\" \/>\n<meta property=\"og:title\" content=\"L&#039;europa dei popoli - ZoomIN Magazine\" \/>\n<meta property=\"og:description\" content=\"L&#8217;europa dei popoli Pochi giorni separano il 25 Aprile, il 1^ Maggio e la data\" \/>\n<meta property=\"og:url\" content=\"https:\/\/www.zoom--in.it\/index.php\/2019\/04\/27\/leuropa-dei-popoli\/\" \/>\n<meta property=\"og:site_name\" content=\"ZoomIN Magazine\" \/>\n<meta property=\"article:published_time\" content=\"2019-04-27T16:21:20+00:00\" \/>\n<meta property=\"article:modified_time\" content=\"2019-05-25T16:33:25+00:00\" \/>\n<meta property=\"og:image\" content=\"https:\/\/i0.wp.com\/www.zoom--in.it\/wp-content\/uploads\/2019\/04\/Pertini.jpg?fit=1280%2C720&ssl=1\" \/>\n\t<meta property=\"og:image:width\" content=\"1280\" \/>\n\t<meta property=\"og:image:height\" content=\"720\" \/>\n\t<meta property=\"og:image:type\" content=\"image\/jpeg\" \/>\n<meta name=\"author\" content=\"Sergio Bellucci\" \/>\n<meta name=\"twitter:card\" content=\"summary_large_image\" \/>\n<meta name=\"twitter:label1\" content=\"Scritto da\" \/>\n\t<meta name=\"twitter:data1\" content=\"Sergio Bellucci\" \/>\n\t<meta name=\"twitter:label2\" content=\"Tempo di lettura stimato\" \/>\n\t<meta name=\"twitter:data2\" content=\"7 minuti\" \/>\n<script type=\"application\/ld+json\" class=\"yoast-schema-graph\">{\"@context\":\"https:\/\/schema.org\",\"@graph\":[{\"@type\":\"Organization\",\"@id\":\"https:\/\/www.zoom--in.it\/#organization\",\"name\":\"ZoomIN Magazine\",\"url\":\"https:\/\/www.zoom--in.it\/\",\"sameAs\":[],\"logo\":{\"@type\":\"ImageObject\",\"inLanguage\":\"it-IT\",\"@id\":\"https:\/\/www.zoom--in.it\/#\/schema\/logo\/image\/\",\"url\":\"https:\/\/i0.wp.com\/www.zoom--in.it\/wp-content\/uploads\/2018\/11\/cropped-final.png?fit=568%2C237&ssl=1\",\"contentUrl\":\"https:\/\/i0.wp.com\/www.zoom--in.it\/wp-content\/uploads\/2018\/11\/cropped-final.png?fit=568%2C237&ssl=1\",\"width\":568,\"height\":237,\"caption\":\"ZoomIN Magazine\"},\"image\":{\"@id\":\"https:\/\/www.zoom--in.it\/#\/schema\/logo\/image\/\"}},{\"@type\":\"WebSite\",\"@id\":\"https:\/\/www.zoom--in.it\/#website\",\"url\":\"https:\/\/www.zoom--in.it\/\",\"name\":\"ZoomIN Magazine\",\"description\":\"Magazine Online libero e senza pubblicit\u00e0, pieno di rubriche e curiosit\u00e0\",\"publisher\":{\"@id\":\"https:\/\/www.zoom--in.it\/#organization\"},\"potentialAction\":[{\"@type\":\"SearchAction\",\"target\":{\"@type\":\"EntryPoint\",\"urlTemplate\":\"https:\/\/www.zoom--in.it\/?s={search_term_string}\"},\"query-input\":\"required name=search_term_string\"}],\"inLanguage\":\"it-IT\"},{\"@type\":\"WebPage\",\"@id\":\"https:\/\/www.zoom--in.it\/index.php\/2019\/04\/27\/leuropa-dei-popoli\/\",\"url\":\"https:\/\/www.zoom--in.it\/index.php\/2019\/04\/27\/leuropa-dei-popoli\/\",\"name\":\"L'europa dei popoli - ZoomIN Magazine\",\"isPartOf\":{\"@id\":\"https:\/\/www.zoom--in.it\/#website\"},\"datePublished\":\"2019-04-27T16:21:20+00:00\",\"dateModified\":\"2019-05-25T16:33:25+00:00\",\"breadcrumb\":{\"@id\":\"https:\/\/www.zoom--in.it\/index.php\/2019\/04\/27\/leuropa-dei-popoli\/#breadcrumb\"},\"inLanguage\":\"it-IT\",\"potentialAction\":[{\"@type\":\"ReadAction\",\"target\":[\"https:\/\/www.zoom--in.it\/index.php\/2019\/04\/27\/leuropa-dei-popoli\/\"]}]},{\"@type\":\"BreadcrumbList\",\"@id\":\"https:\/\/www.zoom--in.it\/index.php\/2019\/04\/27\/leuropa-dei-popoli\/#breadcrumb\",\"itemListElement\":[{\"@type\":\"ListItem\",\"position\":1,\"name\":\"Home\",\"item\":\"https:\/\/www.zoom--in.it\/\"},{\"@type\":\"ListItem\",\"position\":2,\"name\":\"L&#8217;europa dei popoli\"}]},{\"@type\":\"Article\",\"@id\":\"https:\/\/www.zoom--in.it\/index.php\/2019\/04\/27\/leuropa-dei-popoli\/#article\",\"isPartOf\":{\"@id\":\"https:\/\/www.zoom--in.it\/index.php\/2019\/04\/27\/leuropa-dei-popoli\/\"},\"author\":{\"name\":\"Sergio Bellucci\",\"@id\":\"https:\/\/www.zoom--in.it\/#\/schema\/person\/5303f42d203d197bc17b7e73b4d47d82\"},\"headline\":\"L&#8217;europa dei popoli\",\"datePublished\":\"2019-04-27T16:21:20+00:00\",\"dateModified\":\"2019-05-25T16:33:25+00:00\",\"mainEntityOfPage\":{\"@id\":\"https:\/\/www.zoom--in.it\/index.php\/2019\/04\/27\/leuropa-dei-popoli\/\"},\"wordCount\":1328,\"commentCount\":0,\"publisher\":{\"@id\":\"https:\/\/www.zoom--in.it\/#organization\"},\"articleSection\":[\"Mondo\"],\"inLanguage\":\"it-IT\",\"potentialAction\":[{\"@type\":\"CommentAction\",\"name\":\"Comment\",\"target\":[\"https:\/\/www.zoom--in.it\/index.php\/2019\/04\/27\/leuropa-dei-popoli\/#respond\"]}]},{\"@type\":\"Person\",\"@id\":\"https:\/\/www.zoom--in.it\/#\/schema\/person\/5303f42d203d197bc17b7e73b4d47d82\",\"name\":\"Sergio Bellucci\",\"url\":\"https:\/\/www.zoom--in.it\/index.php\/author\/sergio-bellucci\/\"}]}<\/script>\n<!-- \/ Yoast SEO plugin. -->","yoast_head_json":{"title":"L'europa dei popoli - ZoomIN Magazine","robots":{"index":"index","follow":"follow","max-snippet":"max-snippet:-1","max-image-preview":"max-image-preview:large","max-video-preview":"max-video-preview:-1"},"canonical":"https:\/\/www.zoom--in.it\/index.php\/2019\/04\/27\/leuropa-dei-popoli\/","og_locale":"it_IT","og_type":"article","og_title":"L'europa dei popoli - ZoomIN Magazine","og_description":"L&#8217;europa dei popoli Pochi giorni separano il 25 Aprile, il 1^ Maggio e la data","og_url":"https:\/\/www.zoom--in.it\/index.php\/2019\/04\/27\/leuropa-dei-popoli\/","og_site_name":"ZoomIN Magazine","article_published_time":"2019-04-27T16:21:20+00:00","article_modified_time":"2019-05-25T16:33:25+00:00","og_image":[{"width":1280,"height":720,"url":"https:\/\/i0.wp.com\/www.zoom--in.it\/wp-content\/uploads\/2019\/04\/Pertini.jpg?fit=1280%2C720&ssl=1","type":"image\/jpeg"}],"author":"Sergio Bellucci","twitter_card":"summary_large_image","twitter_misc":{"Scritto da":"Sergio Bellucci","Tempo di lettura stimato":"7 minuti"},"schema":{"@context":"https:\/\/schema.org","@graph":[{"@type":"Organization","@id":"https:\/\/www.zoom--in.it\/#organization","name":"ZoomIN Magazine","url":"https:\/\/www.zoom--in.it\/","sameAs":[],"logo":{"@type":"ImageObject","inLanguage":"it-IT","@id":"https:\/\/www.zoom--in.it\/#\/schema\/logo\/image\/","url":"https:\/\/i0.wp.com\/www.zoom--in.it\/wp-content\/uploads\/2018\/11\/cropped-final.png?fit=568%2C237&ssl=1","contentUrl":"https:\/\/i0.wp.com\/www.zoom--in.it\/wp-content\/uploads\/2018\/11\/cropped-final.png?fit=568%2C237&ssl=1","width":568,"height":237,"caption":"ZoomIN Magazine"},"image":{"@id":"https:\/\/www.zoom--in.it\/#\/schema\/logo\/image\/"}},{"@type":"WebSite","@id":"https:\/\/www.zoom--in.it\/#website","url":"https:\/\/www.zoom--in.it\/","name":"ZoomIN Magazine","description":"Magazine Online libero e senza pubblicit\u00e0, pieno di rubriche e curiosit\u00e0","publisher":{"@id":"https:\/\/www.zoom--in.it\/#organization"},"potentialAction":[{"@type":"SearchAction","target":{"@type":"EntryPoint","urlTemplate":"https:\/\/www.zoom--in.it\/?s={search_term_string}"},"query-input":"required name=search_term_string"}],"inLanguage":"it-IT"},{"@type":"WebPage","@id":"https:\/\/www.zoom--in.it\/index.php\/2019\/04\/27\/leuropa-dei-popoli\/","url":"https:\/\/www.zoom--in.it\/index.php\/2019\/04\/27\/leuropa-dei-popoli\/","name":"L'europa dei popoli - ZoomIN Magazine","isPartOf":{"@id":"https:\/\/www.zoom--in.it\/#website"},"datePublished":"2019-04-27T16:21:20+00:00","dateModified":"2019-05-25T16:33:25+00:00","breadcrumb":{"@id":"https:\/\/www.zoom--in.it\/index.php\/2019\/04\/27\/leuropa-dei-popoli\/#breadcrumb"},"inLanguage":"it-IT","potentialAction":[{"@type":"ReadAction","target":["https:\/\/www.zoom--in.it\/index.php\/2019\/04\/27\/leuropa-dei-popoli\/"]}]},{"@type":"BreadcrumbList","@id":"https:\/\/www.zoom--in.it\/index.php\/2019\/04\/27\/leuropa-dei-popoli\/#breadcrumb","itemListElement":[{"@type":"ListItem","position":1,"name":"Home","item":"https:\/\/www.zoom--in.it\/"},{"@type":"ListItem","position":2,"name":"L&#8217;europa dei popoli"}]},{"@type":"Article","@id":"https:\/\/www.zoom--in.it\/index.php\/2019\/04\/27\/leuropa-dei-popoli\/#article","isPartOf":{"@id":"https:\/\/www.zoom--in.it\/index.php\/2019\/04\/27\/leuropa-dei-popoli\/"},"author":{"name":"Sergio Bellucci","@id":"https:\/\/www.zoom--in.it\/#\/schema\/person\/5303f42d203d197bc17b7e73b4d47d82"},"headline":"L&#8217;europa dei popoli","datePublished":"2019-04-27T16:21:20+00:00","dateModified":"2019-05-25T16:33:25+00:00","mainEntityOfPage":{"@id":"https:\/\/www.zoom--in.it\/index.php\/2019\/04\/27\/leuropa-dei-popoli\/"},"wordCount":1328,"commentCount":0,"publisher":{"@id":"https:\/\/www.zoom--in.it\/#organization"},"articleSection":["Mondo"],"inLanguage":"it-IT","potentialAction":[{"@type":"CommentAction","name":"Comment","target":["https:\/\/www.zoom--in.it\/index.php\/2019\/04\/27\/leuropa-dei-popoli\/#respond"]}]},{"@type":"Person","@id":"https:\/\/www.zoom--in.it\/#\/schema\/person\/5303f42d203d197bc17b7e73b4d47d82","name":"Sergio Bellucci","url":"https:\/\/www.zoom--in.it\/index.php\/author\/sergio-bellucci\/"}]}},"jetpack_featured_media_url":"https:\/\/i0.wp.com\/www.zoom--in.it\/wp-content\/uploads\/2019\/04\/Pertini.jpg?fit=1280%2C720&ssl=1","jetpack_sharing_enabled":true,"jetpack_shortlink":"https:\/\/wp.me\/p9Zlh8-1qS","_links":{"self":[{"href":"https:\/\/www.zoom--in.it\/index.php\/wp-json\/wp\/v2\/posts\/5510"}],"collection":[{"href":"https:\/\/www.zoom--in.it\/index.php\/wp-json\/wp\/v2\/posts"}],"about":[{"href":"https:\/\/www.zoom--in.it\/index.php\/wp-json\/wp\/v2\/types\/post"}],"author":[{"embeddable":true,"href":"https:\/\/www.zoom--in.it\/index.php\/wp-json\/wp\/v2\/users\/50"}],"replies":[{"embeddable":true,"href":"https:\/\/www.zoom--in.it\/index.php\/wp-json\/wp\/v2\/comments?post=5510"}],"version-history":[{"count":8,"href":"https:\/\/www.zoom--in.it\/index.php\/wp-json\/wp\/v2\/posts\/5510\/revisions"}],"predecessor-version":[{"id":5524,"href":"https:\/\/www.zoom--in.it\/index.php\/wp-json\/wp\/v2\/posts\/5510\/revisions\/5524"}],"wp:featuredmedia":[{"embeddable":true,"href":"https:\/\/www.zoom--in.it\/index.php\/wp-json\/wp\/v2\/media\/5512"}],"wp:attachment":[{"href":"https:\/\/www.zoom--in.it\/index.php\/wp-json\/wp\/v2\/media?parent=5510"}],"wp:term":[{"taxonomy":"category","embeddable":true,"href":"https:\/\/www.zoom--in.it\/index.php\/wp-json\/wp\/v2\/categories?post=5510"},{"taxonomy":"post_tag","embeddable":true,"href":"https:\/\/www.zoom--in.it\/index.php\/wp-json\/wp\/v2\/tags?post=5510"}],"curies":[{"name":"wp","href":"https:\/\/api.w.org\/{rel}","templated":true}]}}