{"id":5569,"date":"2019-04-30T15:19:01","date_gmt":"2019-04-30T15:19:01","guid":{"rendered":"https:\/\/www.zoom--in.it\/?p=5569"},"modified":"2019-05-25T16:32:37","modified_gmt":"2019-05-25T16:32:37","slug":"femminicidio-frida-kahlo-e-la-violenza-sulle-donne","status":"publish","type":"post","link":"https:\/\/www.zoom--in.it\/index.php\/2019\/04\/30\/femminicidio-frida-kahlo-e-la-violenza-sulle-donne\/","title":{"rendered":"Femminicidio: Frida Kahlo e la violenza sulle donne"},"content":{"rendered":"\t\t<div data-elementor-type=\"wp-post\" data-elementor-id=\"5569\" class=\"elementor elementor-5569\">\n\t\t\t\t\t\t<div class=\"elementor-inner\">\n\t\t\t\t<div class=\"elementor-section-wrap\">\n\t\t\t\t\t\t\t\t\t<section class=\"elementor-section elementor-top-section elementor-element elementor-element-35eeda4 elementor-section-boxed elementor-section-height-default elementor-section-height-default\" data-id=\"35eeda4\" data-element_type=\"section\">\n\t\t\t\t\t\t<div class=\"elementor-container elementor-column-gap-default\">\n\t\t\t\t\t\t\t<div class=\"elementor-row\">\n\t\t\t\t\t<div class=\"elementor-column elementor-col-100 elementor-top-column elementor-element elementor-element-3b8cb1b\" data-id=\"3b8cb1b\" data-element_type=\"column\">\n\t\t\t<div class=\"elementor-column-wrap elementor-element-populated\">\n\t\t\t\t\t\t\t<div class=\"elementor-widget-wrap\">\n\t\t\t\t\t\t<div class=\"elementor-element elementor-element-e0432fd elementor-widget elementor-widget-text-editor\" data-id=\"e0432fd\" data-element_type=\"widget\" data-widget_type=\"text-editor.default\">\n\t\t\t\t<div class=\"elementor-widget-container\">\n\t\t\t\t\t\t\t\t<div class=\"elementor-text-editor elementor-clearfix\">\n\t\t\t\t<p style=\"text-align: center;\"><strong><em>Fragile, opulenta donna, matrice del paradiso<\/em><em><br \/>sei un granello di colpa<br \/>anche agli occhi di Dio<br \/>malgrado le tue sante guerre<br \/>per l\u2019emancipazione.<br \/>Spaccarono la tua bellezza<br \/>e rimane uno scheletro d\u2019amore<br \/>che per\u00f2 grida ancora vendetta<br \/>e soltanto tu riesci<br \/>ancora a piangere,<br \/>poi ti volgi e vedi ancora i tuoi figli,<br \/>poi ti volti e non sai ancora dire<br \/>e taci meravigliata<br \/>e allora diventi grande come la terra<br \/>e innalzi il tuo canto d\u2019amore.<\/em><\/strong><\/p><p>\u00a0<\/p><p style=\"text-align: center;\"><strong><em>Alda Merini<\/em><\/strong><\/p>\t\t\t\t\t<\/div>\n\t\t\t\t\t\t<\/div>\n\t\t\t\t<\/div>\n\t\t\t\t\t\t<\/div>\n\t\t\t\t\t<\/div>\n\t\t<\/div>\n\t\t\t\t\t\t\t\t<\/div>\n\t\t\t\t\t<\/div>\n\t\t<\/section>\n\t\t\t\t<section class=\"elementor-section elementor-top-section elementor-element elementor-element-60b84b4 elementor-section-boxed elementor-section-height-default elementor-section-height-default\" data-id=\"60b84b4\" data-element_type=\"section\">\n\t\t\t\t\t\t<div class=\"elementor-container elementor-column-gap-default\">\n\t\t\t\t\t\t\t<div class=\"elementor-row\">\n\t\t\t\t\t<div class=\"elementor-column elementor-col-100 elementor-top-column elementor-element elementor-element-2719e1e\" data-id=\"2719e1e\" data-element_type=\"column\">\n\t\t\t<div class=\"elementor-column-wrap elementor-element-populated\">\n\t\t\t\t\t\t\t<div class=\"elementor-widget-wrap\">\n\t\t\t\t\t\t<div class=\"elementor-element elementor-element-2f9b40d elementor-widget elementor-widget-text-editor\" data-id=\"2f9b40d\" data-element_type=\"widget\" data-widget_type=\"text-editor.default\">\n\t\t\t\t<div class=\"elementor-widget-container\">\n\t\t\t\t\t\t\t\t<div class=\"elementor-text-editor elementor-clearfix\">\n\t\t\t\t<p><strong>Donna<\/strong> e <strong>Violenza: <\/strong>due parole che troppo spesso troviamo vicine, \u201ca braccetto\u201d, come una coppia di fatto. Ormai \u00e8 quasi un\u2019abitudine, un luogo comune, non ci scandalizza neanche pi\u00f9 di tanto. La storia e la tradizione ci hanno insegnato questo dualismo, o meglio la sua legittimazione: basti pensare che nel sistema giuridico italiano il delitto d\u2019onore \u00e8 stato abrogato solo nel 1981. Pratiche come la mutilazione dei genitali femminili, i matrimoni di spose bambine, il commercio delle schiave del sesso, non sono miti o usanze di altre epoche e civilt\u00e0, ma realt\u00e0 quotidiana del nostro mondo, delle nostre citt\u00e0, della nostra vita.<\/p><p>Spesso non ce ne accorgiamo, o non vogliamo farlo, e chiudiamo gli occhi e la mente davanti a una ragazzina nigeriana che incontriamo per strada ad un distributore di benzina alle 02:00 di notte, davanti al volto troppo truccato di un\u2019amica, davanti all\u2019ennesimo articolo di giornale che parla di stupro. Ma donna e violenza non sono due parole conseguenti, non sono complementari, non sono un binomio scontato. E non devono diventarlo.<\/p><p>Oggi, dunque, parliamo di femminicidio.<\/p>\t\t\t\t\t<\/div>\n\t\t\t\t\t\t<\/div>\n\t\t\t\t<\/div>\n\t\t\t\t\t\t<\/div>\n\t\t\t\t\t<\/div>\n\t\t<\/div>\n\t\t\t\t\t\t\t\t<\/div>\n\t\t\t\t\t<\/div>\n\t\t<\/section>\n\t\t\t\t<section class=\"elementor-section elementor-top-section elementor-element elementor-element-9fe4edf elementor-section-boxed elementor-section-height-default elementor-section-height-default\" data-id=\"9fe4edf\" data-element_type=\"section\">\n\t\t\t\t\t\t<div class=\"elementor-container elementor-column-gap-default\">\n\t\t\t\t\t\t\t<div class=\"elementor-row\">\n\t\t\t\t\t<div class=\"elementor-column elementor-col-100 elementor-top-column elementor-element elementor-element-48f32a0\" data-id=\"48f32a0\" data-element_type=\"column\">\n\t\t\t<div class=\"elementor-column-wrap elementor-element-populated\">\n\t\t\t\t\t\t\t<div class=\"elementor-widget-wrap\">\n\t\t\t\t\t\t<div class=\"elementor-element elementor-element-32ddd7c elementor-widget elementor-widget-text-editor\" data-id=\"32ddd7c\" data-element_type=\"widget\" data-widget_type=\"text-editor.default\">\n\t\t\t\t<div class=\"elementor-widget-container\">\n\t\t\t\t\t\t\t\t<div class=\"elementor-text-editor elementor-clearfix\">\n\t\t\t\t<p><strong>STEREOTIPO N. <\/strong><strong>1 &#8220;Le donne provocano la violenza. Solo le donne giovani ed attraenti che vestono sexy vengono violentate.&#8221;<\/strong><\/p>\t\t\t\t\t<\/div>\n\t\t\t\t\t\t<\/div>\n\t\t\t\t<\/div>\n\t\t\t\t\t\t<\/div>\n\t\t\t\t\t<\/div>\n\t\t<\/div>\n\t\t\t\t\t\t\t\t<\/div>\n\t\t\t\t\t<\/div>\n\t\t<\/section>\n\t\t\t\t<section class=\"elementor-section elementor-top-section elementor-element elementor-element-5dbeb3e elementor-section-boxed elementor-section-height-default elementor-section-height-default\" data-id=\"5dbeb3e\" data-element_type=\"section\">\n\t\t\t\t\t\t<div class=\"elementor-container elementor-column-gap-default\">\n\t\t\t\t\t\t\t<div class=\"elementor-row\">\n\t\t\t\t\t<div class=\"elementor-column elementor-col-100 elementor-top-column elementor-element elementor-element-75b9823\" data-id=\"75b9823\" data-element_type=\"column\">\n\t\t\t<div class=\"elementor-column-wrap elementor-element-populated\">\n\t\t\t\t\t\t\t<div class=\"elementor-widget-wrap\">\n\t\t\t\t\t\t<div class=\"elementor-element elementor-element-df99e9e elementor-widget elementor-widget-image\" data-id=\"df99e9e\" data-element_type=\"widget\" data-widget_type=\"image.default\">\n\t\t\t\t<div class=\"elementor-widget-container\">\n\t\t\t\t\t\t\t\t<div class=\"elementor-image\">\n\t\t\t\t\t\t\t\t\t\t\t\t<img width=\"640\" height=\"484\" src=\"https:\/\/i0.wp.com\/www.zoom--in.it\/wp-content\/uploads\/2019\/04\/Frida-Kahlo-Il-Piccolo-Cervo.jpg?fit=640%2C484&amp;ssl=1\" class=\"attachment-large size-large\" alt=\"\" loading=\"lazy\" data-attachment-id=\"5573\" data-permalink=\"https:\/\/www.zoom--in.it\/index.php\/2019\/04\/30\/femminicidio-frida-kahlo-e-la-violenza-sulle-donne\/frida-kahlo-il-piccolo-cervo\/\" data-orig-file=\"https:\/\/i0.wp.com\/www.zoom--in.it\/wp-content\/uploads\/2019\/04\/Frida-Kahlo-Il-Piccolo-Cervo.jpg?fit=1260%2C954&amp;ssl=1\" data-orig-size=\"1260,954\" data-comments-opened=\"0\" data-image-meta=\"{&quot;aperture&quot;:&quot;0&quot;,&quot;credit&quot;:&quot;&quot;,&quot;camera&quot;:&quot;&quot;,&quot;caption&quot;:&quot;&quot;,&quot;created_timestamp&quot;:&quot;0&quot;,&quot;copyright&quot;:&quot;&quot;,&quot;focal_length&quot;:&quot;0&quot;,&quot;iso&quot;:&quot;0&quot;,&quot;shutter_speed&quot;:&quot;0&quot;,&quot;title&quot;:&quot;&quot;,&quot;orientation&quot;:&quot;1&quot;}\" data-image-title=\"Frida-Kahlo-Il-Piccolo-Cervo\" data-image-description=\"\" data-image-caption=\"\" data-medium-file=\"https:\/\/i0.wp.com\/www.zoom--in.it\/wp-content\/uploads\/2019\/04\/Frida-Kahlo-Il-Piccolo-Cervo.jpg?fit=300%2C227&amp;ssl=1\" data-large-file=\"https:\/\/i0.wp.com\/www.zoom--in.it\/wp-content\/uploads\/2019\/04\/Frida-Kahlo-Il-Piccolo-Cervo.jpg?fit=640%2C484&amp;ssl=1\" \/>\t\t\t\t\t\t\t\t\t\t\t\t\t\t<\/div>\n\t\t\t\t\t\t<\/div>\n\t\t\t\t<\/div>\n\t\t\t\t\t\t<\/div>\n\t\t\t\t\t<\/div>\n\t\t<\/div>\n\t\t\t\t\t\t\t\t<\/div>\n\t\t\t\t\t<\/div>\n\t\t<\/section>\n\t\t\t\t<section class=\"elementor-section elementor-top-section elementor-element elementor-element-8c2735e elementor-section-boxed elementor-section-height-default elementor-section-height-default\" data-id=\"8c2735e\" data-element_type=\"section\">\n\t\t\t\t\t\t<div class=\"elementor-container elementor-column-gap-default\">\n\t\t\t\t\t\t\t<div class=\"elementor-row\">\n\t\t\t\t\t<div class=\"elementor-column elementor-col-100 elementor-top-column elementor-element elementor-element-98c47c1\" data-id=\"98c47c1\" data-element_type=\"column\">\n\t\t\t<div class=\"elementor-column-wrap elementor-element-populated\">\n\t\t\t\t\t\t\t<div class=\"elementor-widget-wrap\">\n\t\t\t\t\t\t<div class=\"elementor-element elementor-element-1c2c401 elementor-widget elementor-widget-text-editor\" data-id=\"1c2c401\" data-element_type=\"widget\" data-widget_type=\"text-editor.default\">\n\t\t\t\t<div class=\"elementor-widget-container\">\n\t\t\t\t\t\t\t\t<div class=\"elementor-text-editor elementor-clearfix\">\n\t\t\t\t<h4>Nadia Nunzi, 39 anni, Fermo<\/h4><p>\u00abIl rossetto, via. Uscire senza di lui, neanche per idea. Ha iniziato cosi\u0300: con\u00a0i divieti. Poi sono arrivate\u00a0le minacce, alla fine i pugni: sulle porte, sul tavolo.\u00a0<strong>Quando mi colpisce in testa, sento che e\u0300 troppo<\/strong>. Voglio lasciarlo, fuggire da quei tre anni di convivenza: io, lui\u00a0e la violenza psicologica.\u00a0E\u0300 dura, pero\u0300: sono di sua propriet\u00e0, dove vado, mi dice. Vuole pure un figlio perch\u00e9 la violenza sessuale arriva nelle vesti di un desiderio. Pensare che quando l\u2019ho conosciuto, a 27 anni, mi\u00a0sentivo fortunata. Io lavoravo in un locale, lui entra e mi seduce. Poche parole, tanti sorrisi. Mi sento stordita,\u00a0ma mi sembra amore, uno\u00a0di quelli che capita solo una volta nella vita. E invece\u00a0no: l\u2019amore era il mio, il suo era un bel mix di finzione\u00a0e manipolazione. Premure eccessive.\u00a0<strong>Complimenti a effetto<\/strong><strong>.<\/strong> Di me voleva sapere tutto, di lui non sapevo\u00a0nulla. Dopo pochi mesi di frequentazione idilliaca in cui non mi rendo conto, lui freme per andare a convivere: io no, se non vado pero\u0300\u00a0mi sento in colpa. In casa,\u00a0la magia di un tempo si trasforma in offesa. Il mio sorriso e\u0300 provocazione. Gli amici e i parenti un intralcio. Ho accanto un\u00a0despota che\u00a0<strong>vuole annullarmi<\/strong><strong>,<\/strong> da cui la mia famiglia riesce pero\u0300 a salvarmi. Lo denuncio, realizzo che\u00a0la violenza non arriva da un giorno all\u2019altro nelle nostre vite, e la scrittura diventa la mia prima terapia. Oggi ho 39 anni e per scrivere non uso pi\u00f9 pseudonimi. Chiss\u00e0 se la mia esperienza servir\u00e0 ad altre: il coraggio e\u0300 roba contagiosa\u00bb.<\/p>\t\t\t\t\t<\/div>\n\t\t\t\t\t\t<\/div>\n\t\t\t\t<\/div>\n\t\t\t\t\t\t<\/div>\n\t\t\t\t\t<\/div>\n\t\t<\/div>\n\t\t\t\t\t\t\t\t<\/div>\n\t\t\t\t\t<\/div>\n\t\t<\/section>\n\t\t\t\t<section class=\"elementor-section elementor-top-section elementor-element elementor-element-622b15b elementor-section-boxed elementor-section-height-default elementor-section-height-default\" data-id=\"622b15b\" data-element_type=\"section\">\n\t\t\t\t\t\t<div class=\"elementor-container elementor-column-gap-default\">\n\t\t\t\t\t\t\t<div class=\"elementor-row\">\n\t\t\t\t\t<div class=\"elementor-column elementor-col-100 elementor-top-column elementor-element elementor-element-7bd87f7\" data-id=\"7bd87f7\" data-element_type=\"column\">\n\t\t\t<div class=\"elementor-column-wrap elementor-element-populated\">\n\t\t\t\t\t\t\t<div class=\"elementor-widget-wrap\">\n\t\t\t\t\t\t<div class=\"elementor-element elementor-element-c5ce23b elementor-widget elementor-widget-text-editor\" data-id=\"c5ce23b\" data-element_type=\"widget\" data-widget_type=\"text-editor.default\">\n\t\t\t\t<div class=\"elementor-widget-container\">\n\t\t\t\t\t\t\t\t<div class=\"elementor-text-editor elementor-clearfix\">\n\t\t\t\t<p><strong>STEREOTIPO N. 2<\/strong> &#8220;<strong>Sono fatti privati in cui io non mi posso immischiare. Le vere vittime di violenza denunciano l&#8217;aggressore.&#8221;\u00a0<\/strong><\/p>\t\t\t\t\t<\/div>\n\t\t\t\t\t\t<\/div>\n\t\t\t\t<\/div>\n\t\t\t\t\t\t<\/div>\n\t\t\t\t\t<\/div>\n\t\t<\/div>\n\t\t\t\t\t\t\t\t<\/div>\n\t\t\t\t\t<\/div>\n\t\t<\/section>\n\t\t\t\t<section class=\"elementor-section elementor-top-section elementor-element elementor-element-5a6851f elementor-section-boxed elementor-section-height-default elementor-section-height-default\" data-id=\"5a6851f\" data-element_type=\"section\">\n\t\t\t\t\t\t<div class=\"elementor-container elementor-column-gap-default\">\n\t\t\t\t\t\t\t<div class=\"elementor-row\">\n\t\t\t\t\t<div class=\"elementor-column elementor-col-50 elementor-top-column elementor-element elementor-element-b90db07\" data-id=\"b90db07\" data-element_type=\"column\">\n\t\t\t<div class=\"elementor-column-wrap elementor-element-populated\">\n\t\t\t\t\t\t\t<div class=\"elementor-widget-wrap\">\n\t\t\t\t\t\t<div class=\"elementor-element elementor-element-5bab7a3 elementor-widget elementor-widget-image\" data-id=\"5bab7a3\" data-element_type=\"widget\" data-widget_type=\"image.default\">\n\t\t\t\t<div class=\"elementor-widget-container\">\n\t\t\t\t\t\t\t\t<div class=\"elementor-image\">\n\t\t\t\t\t\t\t\t\t\t\t\t<img width=\"596\" height=\"800\" src=\"https:\/\/i0.wp.com\/www.zoom--in.it\/wp-content\/uploads\/2019\/04\/colonna.jpg?fit=596%2C800&amp;ssl=1\" class=\"attachment-large size-large\" alt=\"\" loading=\"lazy\" data-attachment-id=\"5574\" data-permalink=\"https:\/\/www.zoom--in.it\/index.php\/2019\/04\/30\/femminicidio-frida-kahlo-e-la-violenza-sulle-donne\/colonna\/\" data-orig-file=\"https:\/\/i0.wp.com\/www.zoom--in.it\/wp-content\/uploads\/2019\/04\/colonna.jpg?fit=596%2C800&amp;ssl=1\" data-orig-size=\"596,800\" data-comments-opened=\"0\" data-image-meta=\"{&quot;aperture&quot;:&quot;3.5&quot;,&quot;credit&quot;:&quot;Picasa&quot;,&quot;camera&quot;:&quot;FinePix S2000HD S2100HD&quot;,&quot;caption&quot;:&quot;&quot;,&quot;created_timestamp&quot;:&quot;1337411622&quot;,&quot;copyright&quot;:&quot;&quot;,&quot;focal_length&quot;:&quot;5&quot;,&quot;iso&quot;:&quot;800&quot;,&quot;shutter_speed&quot;:&quot;0.011111111111111&quot;,&quot;title&quot;:&quot;&quot;,&quot;orientation&quot;:&quot;1&quot;}\" data-image-title=\"colonna\" data-image-description=\"\" data-image-caption=\"\" data-medium-file=\"https:\/\/i0.wp.com\/www.zoom--in.it\/wp-content\/uploads\/2019\/04\/colonna.jpg?fit=224%2C300&amp;ssl=1\" data-large-file=\"https:\/\/i0.wp.com\/www.zoom--in.it\/wp-content\/uploads\/2019\/04\/colonna.jpg?fit=596%2C800&amp;ssl=1\" \/>\t\t\t\t\t\t\t\t\t\t\t\t\t\t<\/div>\n\t\t\t\t\t\t<\/div>\n\t\t\t\t<\/div>\n\t\t\t\t\t\t<\/div>\n\t\t\t\t\t<\/div>\n\t\t<\/div>\n\t\t\t\t<div class=\"elementor-column elementor-col-50 elementor-top-column elementor-element elementor-element-1ffafbc\" data-id=\"1ffafbc\" data-element_type=\"column\">\n\t\t\t<div class=\"elementor-column-wrap elementor-element-populated\">\n\t\t\t\t\t\t\t<div class=\"elementor-widget-wrap\">\n\t\t\t\t\t\t<div class=\"elementor-element elementor-element-9841442 elementor-widget elementor-widget-text-editor\" data-id=\"9841442\" data-element_type=\"widget\" data-widget_type=\"text-editor.default\">\n\t\t\t\t<div class=\"elementor-widget-container\">\n\t\t\t\t\t\t\t\t<div class=\"elementor-text-editor elementor-clearfix\">\n\t\t\t\t<h4>Marica\u00a0(nome di fantasia), 35 anni, Borgo Vecchio (Palermo)<\/h4><p>\u00abTu ci puoi vivere nell\u2019inferno. Anzi per mia mamma dovevo restarci, finche\u0301 almeno le bimbe crescevano. Poi invece un giorno accade qualcosa e\u00a0<strong>l\u2019inferno non ha pi\u00f9 un posto per te<\/strong>. Nel mio, c\u2019era di tutto: gelosia folle, lividi sulle braccia perch\u00e9 tanto in inverno non\u00a0si vedono, sedie prese a calci, sguardi di terrore, suoceri contro la mia \u201clingua lunga\u201d, soldi usati per bere e giocare. C\u2019era pure Giada, la nostra prima figlia: appena nata,\u00a0mio marito perde le staffe\u00a0per nulla,\u00a0<strong>mi stringe il collo\u00a0e mi trascina sul balcone <\/strong>per buttarmi gi\u00f9. Dopo qualche anno, arrivano Esther e le nuove minacce: guarda che te le tolgo, te le uccido nel sonno, mi dice. Cosi\u0300 la notte io mi chiudo a chiave con loro in camera da letto e l\u2019inferno non conosce tregua: neanche nel sonno. Una sera pero\u0300 ho un pensiero lucido: se non le salvo ora, queste bambine non le salvo pi\u00f9.\u00a0<\/p>\t\t\t\t\t<\/div>\n\t\t\t\t\t\t<\/div>\n\t\t\t\t<\/div>\n\t\t\t\t\t\t<\/div>\n\t\t\t\t\t<\/div>\n\t\t<\/div>\n\t\t\t\t\t\t\t\t<\/div>\n\t\t\t\t\t<\/div>\n\t\t<\/section>\n\t\t\t\t<section class=\"elementor-section elementor-top-section elementor-element elementor-element-0932fc1 elementor-section-boxed elementor-section-height-default elementor-section-height-default\" data-id=\"0932fc1\" data-element_type=\"section\">\n\t\t\t\t\t\t<div class=\"elementor-container elementor-column-gap-default\">\n\t\t\t\t\t\t\t<div class=\"elementor-row\">\n\t\t\t\t\t<div class=\"elementor-column elementor-col-100 elementor-top-column elementor-element elementor-element-4ac017b\" data-id=\"4ac017b\" data-element_type=\"column\">\n\t\t\t<div class=\"elementor-column-wrap elementor-element-populated\">\n\t\t\t\t\t\t\t<div class=\"elementor-widget-wrap\">\n\t\t\t\t\t\t<div class=\"elementor-element elementor-element-49a4ae1 elementor-widget elementor-widget-text-editor\" data-id=\"49a4ae1\" data-element_type=\"widget\" data-widget_type=\"text-editor.default\">\n\t\t\t\t<div class=\"elementor-widget-container\">\n\t\t\t\t\t\t\t\t<div class=\"elementor-text-editor elementor-clearfix\">\n\t\t\t\t<p>Esco, le lascio\u00a0dai miei, mostro i lividi in guardia medica e lo denuncio: avr\u00f2 sbagliato qualcosa quella sera, se ancora dopo quattro anni ho ottenuto solo la separazione provvisoria e\u00a0<strong>lui e\u0300 stato assolto dalla condanna<\/strong>. Nel frattempo, il mio ex dice in giro che sono una pazza che picchiava le figlie. Ma io vado avanti, ho una casa mia e sto facendo un tirocinio. Ho anche un sogno, ma appartiene alle bimbe: si chiama serenit\u00e0\u00bb.<\/p>\t\t\t\t\t<\/div>\n\t\t\t\t\t\t<\/div>\n\t\t\t\t<\/div>\n\t\t\t\t\t\t<\/div>\n\t\t\t\t\t<\/div>\n\t\t<\/div>\n\t\t\t\t\t\t\t\t<\/div>\n\t\t\t\t\t<\/div>\n\t\t<\/section>\n\t\t\t\t<section class=\"elementor-section elementor-top-section elementor-element elementor-element-b5ed8da elementor-section-boxed elementor-section-height-default elementor-section-height-default\" data-id=\"b5ed8da\" data-element_type=\"section\">\n\t\t\t\t\t\t<div class=\"elementor-container elementor-column-gap-default\">\n\t\t\t\t\t\t\t<div class=\"elementor-row\">\n\t\t\t\t\t<div class=\"elementor-column elementor-col-100 elementor-top-column elementor-element elementor-element-dcacd28\" data-id=\"dcacd28\" data-element_type=\"column\">\n\t\t\t<div class=\"elementor-column-wrap elementor-element-populated\">\n\t\t\t\t\t\t\t<div class=\"elementor-widget-wrap\">\n\t\t\t\t\t\t<div class=\"elementor-element elementor-element-63ee5c1 elementor-widget elementor-widget-text-editor\" data-id=\"63ee5c1\" data-element_type=\"widget\" data-widget_type=\"text-editor.default\">\n\t\t\t\t<div class=\"elementor-widget-container\">\n\t\t\t\t\t\t\t\t<div class=\"elementor-text-editor elementor-clearfix\">\n\t\t\t\t<p><strong>STEREOTIPO N. 3<\/strong> &#8220;<strong>La violenza domestica non dispiace alle donne, altrimenti se ne andrebbero. Le donne si cercano uomini che le maltrattino. Lo stupro \u00e8 un modo aggressivo di vivere la sessualit\u00e0 che alcune donne trovano addirittura eccitante e particolarmente virile.&#8221;<\/strong><\/p>\t\t\t\t\t<\/div>\n\t\t\t\t\t\t<\/div>\n\t\t\t\t<\/div>\n\t\t\t\t\t\t<\/div>\n\t\t\t\t\t<\/div>\n\t\t<\/div>\n\t\t\t\t\t\t\t\t<\/div>\n\t\t\t\t\t<\/div>\n\t\t<\/section>\n\t\t\t\t<section class=\"elementor-section elementor-top-section elementor-element elementor-element-c787470 elementor-section-boxed elementor-section-height-default elementor-section-height-default\" data-id=\"c787470\" data-element_type=\"section\">\n\t\t\t\t\t\t<div class=\"elementor-container elementor-column-gap-default\">\n\t\t\t\t\t\t\t<div class=\"elementor-row\">\n\t\t\t\t\t<div class=\"elementor-column elementor-col-100 elementor-top-column elementor-element elementor-element-14263de\" data-id=\"14263de\" data-element_type=\"column\">\n\t\t\t<div class=\"elementor-column-wrap elementor-element-populated\">\n\t\t\t\t\t\t\t<div class=\"elementor-widget-wrap\">\n\t\t\t\t\t\t<div class=\"elementor-element elementor-element-2a6f69f elementor-widget elementor-widget-image\" data-id=\"2a6f69f\" data-element_type=\"widget\" data-widget_type=\"image.default\">\n\t\t\t\t<div class=\"elementor-widget-container\">\n\t\t\t\t\t\t\t\t<div class=\"elementor-image\">\n\t\t\t\t\t\t\t\t\t\t\t\t<img width=\"640\" height=\"490\" src=\"https:\/\/i0.wp.com\/www.zoom--in.it\/wp-content\/uploads\/2019\/04\/articolo-frida.jpg?fit=640%2C490&amp;ssl=1\" class=\"attachment-large size-large\" alt=\"\" loading=\"lazy\" data-attachment-id=\"5575\" data-permalink=\"https:\/\/www.zoom--in.it\/index.php\/2019\/04\/30\/femminicidio-frida-kahlo-e-la-violenza-sulle-donne\/articolo-frida\/\" data-orig-file=\"https:\/\/i0.wp.com\/www.zoom--in.it\/wp-content\/uploads\/2019\/04\/articolo-frida.jpg?fit=1440%2C1103&amp;ssl=1\" data-orig-size=\"1440,1103\" data-comments-opened=\"0\" data-image-meta=\"{&quot;aperture&quot;:&quot;0&quot;,&quot;credit&quot;:&quot;&quot;,&quot;camera&quot;:&quot;&quot;,&quot;caption&quot;:&quot;&quot;,&quot;created_timestamp&quot;:&quot;0&quot;,&quot;copyright&quot;:&quot;&quot;,&quot;focal_length&quot;:&quot;0&quot;,&quot;iso&quot;:&quot;0&quot;,&quot;shutter_speed&quot;:&quot;0&quot;,&quot;title&quot;:&quot;&quot;,&quot;orientation&quot;:&quot;0&quot;}\" data-image-title=\"articolo frida\" data-image-description=\"\" data-image-caption=\"\" data-medium-file=\"https:\/\/i0.wp.com\/www.zoom--in.it\/wp-content\/uploads\/2019\/04\/articolo-frida.jpg?fit=300%2C230&amp;ssl=1\" data-large-file=\"https:\/\/i0.wp.com\/www.zoom--in.it\/wp-content\/uploads\/2019\/04\/articolo-frida.jpg?fit=640%2C490&amp;ssl=1\" \/>\t\t\t\t\t\t\t\t\t\t\t\t\t\t<\/div>\n\t\t\t\t\t\t<\/div>\n\t\t\t\t<\/div>\n\t\t\t\t\t\t<\/div>\n\t\t\t\t\t<\/div>\n\t\t<\/div>\n\t\t\t\t\t\t\t\t<\/div>\n\t\t\t\t\t<\/div>\n\t\t<\/section>\n\t\t\t\t<section class=\"elementor-section elementor-top-section elementor-element elementor-element-010bcb9 elementor-section-boxed elementor-section-height-default elementor-section-height-default\" data-id=\"010bcb9\" data-element_type=\"section\">\n\t\t\t\t\t\t<div class=\"elementor-container elementor-column-gap-default\">\n\t\t\t\t\t\t\t<div class=\"elementor-row\">\n\t\t\t\t\t<div class=\"elementor-column elementor-col-100 elementor-top-column elementor-element elementor-element-4252c1a\" data-id=\"4252c1a\" data-element_type=\"column\">\n\t\t\t<div class=\"elementor-column-wrap elementor-element-populated\">\n\t\t\t\t\t\t\t<div class=\"elementor-widget-wrap\">\n\t\t\t\t\t\t<div class=\"elementor-element elementor-element-5e5d4e3 elementor-widget elementor-widget-text-editor\" data-id=\"5e5d4e3\" data-element_type=\"widget\" data-widget_type=\"text-editor.default\">\n\t\t\t\t<div class=\"elementor-widget-container\">\n\t\t\t\t\t\t\t\t<div class=\"elementor-text-editor elementor-clearfix\">\n\t\t\t\t<h4>Giulia (nome di fantasia), 27 anni, Prenestino (Roma)<\/h4><p>\u00abImmaginate un papa\u0300 che vieta alla mamma di allattare e magari chiude la figlia, sola, in camera perch\u00e9 lui vuole dalla mamma \u201c<em>attenzioni<\/em>\u201d:\u00a0la bimba strilla disperata, la mamma ha fatto un cesareo\u00a0e non riesce a camminare\u2026 Non so se l\u2019immaginazione serva, pero\u0300<strong>\u00a0<\/strong><strong>la mia realt\u00e0 e\u0300 stata questa<\/strong>. Mi sono laureata in Scienze motorie, avevo 25 anni, una vita attiva e tanti amici. Quando lo conosco\u00a0in palestra, lui ne ha 38 ed\u00a0e\u0300 bello. Stiamo insieme da\u00a015 giorni, ma lui vuol subito darmi le chiavi di casa, regalarmi una macchina\u00a0e aprirmi un conto. Resto incinta perch\u00e9 lo volevamo e ci sposiamo. A casa sua pero\u0300 manca tutto, pure le porte,\u00a0e anche se la mia famiglia,\u00a0oltre alle nozze, paga l\u2019arredo scelto da me, io sto male li\u0300. Lui non c\u2019e\u0300 mai, nel quartiere non c\u2019e\u0300 nulla, pranzo da mia mamma per non impazzire\u00a0e lui mi chiama anche li\u0300. Lo fa dalla mattina alla sera,\u00a0<strong>e\u0300 ossessionato che lo tradisca<\/strong>, mi alza le mani quando vede una emoticon sotto una foto sui social e poi spacca il primo di tanti miei cellulari. Mi aggredisce se spendo soldi per comprare la pasta perch\u00e9 a\u00a0lui non piace. Per fortuna mi ammalo durante la gravidanza e mi ricoverano: in ospedale mi sento protetta. Quando nasce Nadia, viene a vederla\u00a0la sera tardi. Un medico dell\u2019ospedale San Giovanni Battista mi mette in contatto con lo Spazio Donna di San Basilio: mi aiutano ad andare via, mi ascoltano, mi trovano lavoro in un negozio.\u00a0La strada e\u0300 lunga. Non riesco a guardarmi allo specchio, non mi riconosco.\u00a0<strong>Se esco con Nadia voglio con me mamma o papa\u0300<\/strong><strong>.<\/strong> Il fatto e\u0300 che quando la violenza e\u0300 lontana, resta\u00a0il freddo, la paura. A volte pero\u0300 anche la speranza, ed e\u0300 come respirare\u00bb.<\/p><p>\u00a0<\/p><p style=\"text-align: right;\"><strong>Ester Giamberini<\/strong><\/p>\t\t\t\t\t<\/div>\n\t\t\t\t\t\t<\/div>\n\t\t\t\t<\/div>\n\t\t\t\t\t\t<\/div>\n\t\t\t\t\t<\/div>\n\t\t<\/div>\n\t\t\t\t\t\t\t\t<\/div>\n\t\t\t\t\t<\/div>\n\t\t<\/section>\n\t\t\t\t\t\t\t\t\t<\/div>\n\t\t\t<\/div>\n\t\t\t\t\t<\/div>\n\t\t","protected":false},"excerpt":{"rendered":"<p>Fragile, opulenta donna, matrice del paradiso sei un granello di colpa anche agli occhi di<\/p>\n","protected":false},"author":45,"featured_media":5577,"comment_status":"open","ping_status":"open","sticky":false,"template":"","format":"standard","meta":{"spay_email":""},"categories":[3],"tags":[],"yoast_head":"<!-- This site is optimized with the Yoast SEO plugin v19.4 - https:\/\/yoast.com\/wordpress\/plugins\/seo\/ -->\n<title>Femminicidio: Frida Kahlo e la violenza sulle donne - ZoomIN Magazine<\/title>\n<meta name=\"robots\" content=\"index, follow, max-snippet:-1, max-image-preview:large, max-video-preview:-1\" \/>\n<link rel=\"canonical\" href=\"https:\/\/www.zoom--in.it\/index.php\/2019\/04\/30\/femminicidio-frida-kahlo-e-la-violenza-sulle-donne\/\" \/>\n<meta property=\"og:locale\" content=\"it_IT\" \/>\n<meta property=\"og:type\" content=\"article\" \/>\n<meta property=\"og:title\" content=\"Femminicidio: Frida Kahlo e la violenza sulle donne - ZoomIN Magazine\" \/>\n<meta property=\"og:description\" content=\"Fragile, opulenta donna, matrice del paradiso sei un granello di colpa anche agli occhi di\" \/>\n<meta property=\"og:url\" content=\"https:\/\/www.zoom--in.it\/index.php\/2019\/04\/30\/femminicidio-frida-kahlo-e-la-violenza-sulle-donne\/\" \/>\n<meta property=\"og:site_name\" content=\"ZoomIN Magazine\" \/>\n<meta property=\"article:published_time\" content=\"2019-04-30T15:19:01+00:00\" \/>\n<meta property=\"article:modified_time\" content=\"2019-05-25T16:32:37+00:00\" \/>\n<meta property=\"og:image\" content=\"https:\/\/i0.wp.com\/www.zoom--in.it\/wp-content\/uploads\/2019\/04\/FRIDA-KAHLO-SIN-ESPERANZA.jpg?fit=800%2C633&ssl=1\" \/>\n\t<meta property=\"og:image:width\" content=\"800\" \/>\n\t<meta property=\"og:image:height\" content=\"633\" \/>\n\t<meta property=\"og:image:type\" content=\"image\/jpeg\" \/>\n<meta name=\"author\" content=\"Ester Giamberini\" \/>\n<meta name=\"twitter:card\" content=\"summary_large_image\" \/>\n<meta name=\"twitter:label1\" content=\"Scritto da\" \/>\n\t<meta name=\"twitter:data1\" content=\"Ester Giamberini\" \/>\n\t<meta name=\"twitter:label2\" content=\"Tempo di lettura stimato\" \/>\n\t<meta name=\"twitter:data2\" content=\"6 minuti\" \/>\n<script type=\"application\/ld+json\" class=\"yoast-schema-graph\">{\"@context\":\"https:\/\/schema.org\",\"@graph\":[{\"@type\":\"Organization\",\"@id\":\"https:\/\/www.zoom--in.it\/#organization\",\"name\":\"ZoomIN Magazine\",\"url\":\"https:\/\/www.zoom--in.it\/\",\"sameAs\":[],\"logo\":{\"@type\":\"ImageObject\",\"inLanguage\":\"it-IT\",\"@id\":\"https:\/\/www.zoom--in.it\/#\/schema\/logo\/image\/\",\"url\":\"https:\/\/i0.wp.com\/www.zoom--in.it\/wp-content\/uploads\/2018\/11\/cropped-final.png?fit=568%2C237&ssl=1\",\"contentUrl\":\"https:\/\/i0.wp.com\/www.zoom--in.it\/wp-content\/uploads\/2018\/11\/cropped-final.png?fit=568%2C237&ssl=1\",\"width\":568,\"height\":237,\"caption\":\"ZoomIN Magazine\"},\"image\":{\"@id\":\"https:\/\/www.zoom--in.it\/#\/schema\/logo\/image\/\"}},{\"@type\":\"WebSite\",\"@id\":\"https:\/\/www.zoom--in.it\/#website\",\"url\":\"https:\/\/www.zoom--in.it\/\",\"name\":\"ZoomIN Magazine\",\"description\":\"Magazine Online libero e senza pubblicit\u00e0, pieno di rubriche e curiosit\u00e0\",\"publisher\":{\"@id\":\"https:\/\/www.zoom--in.it\/#organization\"},\"potentialAction\":[{\"@type\":\"SearchAction\",\"target\":{\"@type\":\"EntryPoint\",\"urlTemplate\":\"https:\/\/www.zoom--in.it\/?s={search_term_string}\"},\"query-input\":\"required name=search_term_string\"}],\"inLanguage\":\"it-IT\"},{\"@type\":\"WebPage\",\"@id\":\"https:\/\/www.zoom--in.it\/index.php\/2019\/04\/30\/femminicidio-frida-kahlo-e-la-violenza-sulle-donne\/\",\"url\":\"https:\/\/www.zoom--in.it\/index.php\/2019\/04\/30\/femminicidio-frida-kahlo-e-la-violenza-sulle-donne\/\",\"name\":\"Femminicidio: Frida Kahlo e la violenza sulle donne - ZoomIN Magazine\",\"isPartOf\":{\"@id\":\"https:\/\/www.zoom--in.it\/#website\"},\"datePublished\":\"2019-04-30T15:19:01+00:00\",\"dateModified\":\"2019-05-25T16:32:37+00:00\",\"breadcrumb\":{\"@id\":\"https:\/\/www.zoom--in.it\/index.php\/2019\/04\/30\/femminicidio-frida-kahlo-e-la-violenza-sulle-donne\/#breadcrumb\"},\"inLanguage\":\"it-IT\",\"potentialAction\":[{\"@type\":\"ReadAction\",\"target\":[\"https:\/\/www.zoom--in.it\/index.php\/2019\/04\/30\/femminicidio-frida-kahlo-e-la-violenza-sulle-donne\/\"]}]},{\"@type\":\"BreadcrumbList\",\"@id\":\"https:\/\/www.zoom--in.it\/index.php\/2019\/04\/30\/femminicidio-frida-kahlo-e-la-violenza-sulle-donne\/#breadcrumb\",\"itemListElement\":[{\"@type\":\"ListItem\",\"position\":1,\"name\":\"Home\",\"item\":\"https:\/\/www.zoom--in.it\/\"},{\"@type\":\"ListItem\",\"position\":2,\"name\":\"Femminicidio: Frida Kahlo e la violenza sulle donne\"}]},{\"@type\":\"Article\",\"@id\":\"https:\/\/www.zoom--in.it\/index.php\/2019\/04\/30\/femminicidio-frida-kahlo-e-la-violenza-sulle-donne\/#article\",\"isPartOf\":{\"@id\":\"https:\/\/www.zoom--in.it\/index.php\/2019\/04\/30\/femminicidio-frida-kahlo-e-la-violenza-sulle-donne\/\"},\"author\":{\"name\":\"Ester Giamberini\",\"@id\":\"https:\/\/www.zoom--in.it\/#\/schema\/person\/f32a4d182c04a7d9e5d41ac27a583e9a\"},\"headline\":\"Femminicidio: Frida Kahlo e la violenza sulle donne\",\"datePublished\":\"2019-04-30T15:19:01+00:00\",\"dateModified\":\"2019-05-25T16:32:37+00:00\",\"mainEntityOfPage\":{\"@id\":\"https:\/\/www.zoom--in.it\/index.php\/2019\/04\/30\/femminicidio-frida-kahlo-e-la-violenza-sulle-donne\/\"},\"wordCount\":1219,\"commentCount\":0,\"publisher\":{\"@id\":\"https:\/\/www.zoom--in.it\/#organization\"},\"articleSection\":[\"Mondo\"],\"inLanguage\":\"it-IT\",\"potentialAction\":[{\"@type\":\"CommentAction\",\"name\":\"Comment\",\"target\":[\"https:\/\/www.zoom--in.it\/index.php\/2019\/04\/30\/femminicidio-frida-kahlo-e-la-violenza-sulle-donne\/#respond\"]}]},{\"@type\":\"Person\",\"@id\":\"https:\/\/www.zoom--in.it\/#\/schema\/person\/f32a4d182c04a7d9e5d41ac27a583e9a\",\"name\":\"Ester Giamberini\",\"url\":\"https:\/\/www.zoom--in.it\/index.php\/author\/ester-giamberini\/\"}]}<\/script>\n<!-- \/ Yoast SEO plugin. -->","yoast_head_json":{"title":"Femminicidio: Frida Kahlo e la violenza sulle donne - ZoomIN Magazine","robots":{"index":"index","follow":"follow","max-snippet":"max-snippet:-1","max-image-preview":"max-image-preview:large","max-video-preview":"max-video-preview:-1"},"canonical":"https:\/\/www.zoom--in.it\/index.php\/2019\/04\/30\/femminicidio-frida-kahlo-e-la-violenza-sulle-donne\/","og_locale":"it_IT","og_type":"article","og_title":"Femminicidio: Frida Kahlo e la violenza sulle donne - ZoomIN Magazine","og_description":"Fragile, opulenta donna, matrice del paradiso sei un granello di colpa anche agli occhi di","og_url":"https:\/\/www.zoom--in.it\/index.php\/2019\/04\/30\/femminicidio-frida-kahlo-e-la-violenza-sulle-donne\/","og_site_name":"ZoomIN Magazine","article_published_time":"2019-04-30T15:19:01+00:00","article_modified_time":"2019-05-25T16:32:37+00:00","og_image":[{"width":800,"height":633,"url":"https:\/\/i0.wp.com\/www.zoom--in.it\/wp-content\/uploads\/2019\/04\/FRIDA-KAHLO-SIN-ESPERANZA.jpg?fit=800%2C633&ssl=1","type":"image\/jpeg"}],"author":"Ester Giamberini","twitter_card":"summary_large_image","twitter_misc":{"Scritto da":"Ester Giamberini","Tempo di lettura stimato":"6 minuti"},"schema":{"@context":"https:\/\/schema.org","@graph":[{"@type":"Organization","@id":"https:\/\/www.zoom--in.it\/#organization","name":"ZoomIN Magazine","url":"https:\/\/www.zoom--in.it\/","sameAs":[],"logo":{"@type":"ImageObject","inLanguage":"it-IT","@id":"https:\/\/www.zoom--in.it\/#\/schema\/logo\/image\/","url":"https:\/\/i0.wp.com\/www.zoom--in.it\/wp-content\/uploads\/2018\/11\/cropped-final.png?fit=568%2C237&ssl=1","contentUrl":"https:\/\/i0.wp.com\/www.zoom--in.it\/wp-content\/uploads\/2018\/11\/cropped-final.png?fit=568%2C237&ssl=1","width":568,"height":237,"caption":"ZoomIN Magazine"},"image":{"@id":"https:\/\/www.zoom--in.it\/#\/schema\/logo\/image\/"}},{"@type":"WebSite","@id":"https:\/\/www.zoom--in.it\/#website","url":"https:\/\/www.zoom--in.it\/","name":"ZoomIN Magazine","description":"Magazine Online libero e senza pubblicit\u00e0, pieno di rubriche e curiosit\u00e0","publisher":{"@id":"https:\/\/www.zoom--in.it\/#organization"},"potentialAction":[{"@type":"SearchAction","target":{"@type":"EntryPoint","urlTemplate":"https:\/\/www.zoom--in.it\/?s={search_term_string}"},"query-input":"required name=search_term_string"}],"inLanguage":"it-IT"},{"@type":"WebPage","@id":"https:\/\/www.zoom--in.it\/index.php\/2019\/04\/30\/femminicidio-frida-kahlo-e-la-violenza-sulle-donne\/","url":"https:\/\/www.zoom--in.it\/index.php\/2019\/04\/30\/femminicidio-frida-kahlo-e-la-violenza-sulle-donne\/","name":"Femminicidio: Frida Kahlo e la violenza sulle donne - ZoomIN Magazine","isPartOf":{"@id":"https:\/\/www.zoom--in.it\/#website"},"datePublished":"2019-04-30T15:19:01+00:00","dateModified":"2019-05-25T16:32:37+00:00","breadcrumb":{"@id":"https:\/\/www.zoom--in.it\/index.php\/2019\/04\/30\/femminicidio-frida-kahlo-e-la-violenza-sulle-donne\/#breadcrumb"},"inLanguage":"it-IT","potentialAction":[{"@type":"ReadAction","target":["https:\/\/www.zoom--in.it\/index.php\/2019\/04\/30\/femminicidio-frida-kahlo-e-la-violenza-sulle-donne\/"]}]},{"@type":"BreadcrumbList","@id":"https:\/\/www.zoom--in.it\/index.php\/2019\/04\/30\/femminicidio-frida-kahlo-e-la-violenza-sulle-donne\/#breadcrumb","itemListElement":[{"@type":"ListItem","position":1,"name":"Home","item":"https:\/\/www.zoom--in.it\/"},{"@type":"ListItem","position":2,"name":"Femminicidio: Frida Kahlo e la violenza sulle donne"}]},{"@type":"Article","@id":"https:\/\/www.zoom--in.it\/index.php\/2019\/04\/30\/femminicidio-frida-kahlo-e-la-violenza-sulle-donne\/#article","isPartOf":{"@id":"https:\/\/www.zoom--in.it\/index.php\/2019\/04\/30\/femminicidio-frida-kahlo-e-la-violenza-sulle-donne\/"},"author":{"name":"Ester Giamberini","@id":"https:\/\/www.zoom--in.it\/#\/schema\/person\/f32a4d182c04a7d9e5d41ac27a583e9a"},"headline":"Femminicidio: Frida Kahlo e la violenza sulle donne","datePublished":"2019-04-30T15:19:01+00:00","dateModified":"2019-05-25T16:32:37+00:00","mainEntityOfPage":{"@id":"https:\/\/www.zoom--in.it\/index.php\/2019\/04\/30\/femminicidio-frida-kahlo-e-la-violenza-sulle-donne\/"},"wordCount":1219,"commentCount":0,"publisher":{"@id":"https:\/\/www.zoom--in.it\/#organization"},"articleSection":["Mondo"],"inLanguage":"it-IT","potentialAction":[{"@type":"CommentAction","name":"Comment","target":["https:\/\/www.zoom--in.it\/index.php\/2019\/04\/30\/femminicidio-frida-kahlo-e-la-violenza-sulle-donne\/#respond"]}]},{"@type":"Person","@id":"https:\/\/www.zoom--in.it\/#\/schema\/person\/f32a4d182c04a7d9e5d41ac27a583e9a","name":"Ester Giamberini","url":"https:\/\/www.zoom--in.it\/index.php\/author\/ester-giamberini\/"}]}},"jetpack_featured_media_url":"https:\/\/i0.wp.com\/www.zoom--in.it\/wp-content\/uploads\/2019\/04\/FRIDA-KAHLO-SIN-ESPERANZA.jpg?fit=800%2C633&ssl=1","jetpack_sharing_enabled":true,"jetpack_shortlink":"https:\/\/wp.me\/p9Zlh8-1rP","_links":{"self":[{"href":"https:\/\/www.zoom--in.it\/index.php\/wp-json\/wp\/v2\/posts\/5569"}],"collection":[{"href":"https:\/\/www.zoom--in.it\/index.php\/wp-json\/wp\/v2\/posts"}],"about":[{"href":"https:\/\/www.zoom--in.it\/index.php\/wp-json\/wp\/v2\/types\/post"}],"author":[{"embeddable":true,"href":"https:\/\/www.zoom--in.it\/index.php\/wp-json\/wp\/v2\/users\/45"}],"replies":[{"embeddable":true,"href":"https:\/\/www.zoom--in.it\/index.php\/wp-json\/wp\/v2\/comments?post=5569"}],"version-history":[{"count":3,"href":"https:\/\/www.zoom--in.it\/index.php\/wp-json\/wp\/v2\/posts\/5569\/revisions"}],"predecessor-version":[{"id":5578,"href":"https:\/\/www.zoom--in.it\/index.php\/wp-json\/wp\/v2\/posts\/5569\/revisions\/5578"}],"wp:featuredmedia":[{"embeddable":true,"href":"https:\/\/www.zoom--in.it\/index.php\/wp-json\/wp\/v2\/media\/5577"}],"wp:attachment":[{"href":"https:\/\/www.zoom--in.it\/index.php\/wp-json\/wp\/v2\/media?parent=5569"}],"wp:term":[{"taxonomy":"category","embeddable":true,"href":"https:\/\/www.zoom--in.it\/index.php\/wp-json\/wp\/v2\/categories?post=5569"},{"taxonomy":"post_tag","embeddable":true,"href":"https:\/\/www.zoom--in.it\/index.php\/wp-json\/wp\/v2\/tags?post=5569"}],"curies":[{"name":"wp","href":"https:\/\/api.w.org\/{rel}","templated":true}]}}