{"id":5570,"date":"2019-04-30T15:40:40","date_gmt":"2019-04-30T15:40:40","guid":{"rendered":"https:\/\/www.zoom--in.it\/?p=5570"},"modified":"2019-05-25T16:32:29","modified_gmt":"2019-05-25T16:32:29","slug":"richiedenti-asilo-cassazione","status":"publish","type":"post","link":"https:\/\/www.zoom--in.it\/index.php\/2019\/04\/30\/richiedenti-asilo-cassazione\/","title":{"rendered":"Richiedenti Asilo: Cassazione"},"content":{"rendered":"\t\t<div data-elementor-type=\"wp-post\" data-elementor-id=\"5570\" class=\"elementor elementor-5570\">\n\t\t\t\t\t\t<div class=\"elementor-inner\">\n\t\t\t\t<div class=\"elementor-section-wrap\">\n\t\t\t\t\t\t\t\t\t<section class=\"elementor-section elementor-top-section elementor-element elementor-element-7a853c8 elementor-section-boxed elementor-section-height-default elementor-section-height-default\" data-id=\"7a853c8\" data-element_type=\"section\">\n\t\t\t\t\t\t<div class=\"elementor-container elementor-column-gap-default\">\n\t\t\t\t\t\t\t<div class=\"elementor-row\">\n\t\t\t\t\t<div class=\"elementor-column elementor-col-100 elementor-top-column elementor-element elementor-element-da3781a\" data-id=\"da3781a\" data-element_type=\"column\">\n\t\t\t<div class=\"elementor-column-wrap elementor-element-populated\">\n\t\t\t\t\t\t\t<div class=\"elementor-widget-wrap\">\n\t\t\t\t\t\t<div class=\"elementor-element elementor-element-2a07f59 elementor-widget elementor-widget-heading\" data-id=\"2a07f59\" data-element_type=\"widget\" data-widget_type=\"heading.default\">\n\t\t\t\t<div class=\"elementor-widget-container\">\n\t\t\t<h2 class=\"elementor-heading-title elementor-size-default\">Richiedenti Asilo<br>Cassazione: no a formule generiche di respingimento<\/h2>\t\t<\/div>\n\t\t\t\t<\/div>\n\t\t\t\t<div class=\"elementor-element elementor-element-91c85a6 elementor-widget elementor-widget-text-editor\" data-id=\"91c85a6\" data-element_type=\"widget\" data-widget_type=\"text-editor.default\">\n\t\t\t\t<div class=\"elementor-widget-container\">\n\t\t\t\t\t\t\t\t<div class=\"elementor-text-editor elementor-clearfix\">\n\t\t\t\t<p style=\"font-weight: 400;\">Richiedenti Asilo: la Cassazione esorta i magistrati -nell\u2019emettere sentenze- a non essere generici, a non usare \u201cformule stereotipate\u201d, derivate da generiche \u201cfonti internazionali\u201d. Bisogna invece che si basino su informazioni \u201caggiornate, riguardo al Paese d\u2019origine\u201d dei richiedenti asilo. Tutto nasce dal ricorso di un immigrato pakistano al quale, con accertamenti &#8216;sommari&#8217;, era stato rifiutata l&#8217;accoglienza umanitaria. Sulla base di questi principi &#8211; inviati al Massimario &#8211; la Suprema Corte ha dichiarato &#8220;fondato&#8221; il reclamo di Al\u00ec S. contro il ministero dell\u2019Interno. La Commissione prefettizia di Lecce e poi il Tribunale della stessa citt\u00e0, nel 2017, avevano negato il diritto a restare in Italia, respingendo la sua domanda di protezione internazionale. Al\u00ec non si \u00e8 dato per vinto, fino in Cassazione. Qui ha fatto presente che l&#8217;asilo gli era stato negato &#8220;<em>in base a generiche informazioni sulla situazione interna del Pakistan, senza considerazione completa delle prove disponibili<\/em>&#8221; e senza che il giudice avesse \u201c<em>azionato il suo potere di indagine<\/em>\u201d.<em><br \/><\/em>La Cassazione ha -per tutta risposta- enfatizzato il fatto che il giudice &#8220;<em>\u00e8 tenuto a un dovere di cooperazione che gli impone di accertare la situazione reale del Paese di provenienza mediante l&#8217;esercizio di poteri-doveri officiosi di indagine e di acquisizione documentale, in modo che ciascuna domanda venga esaminata alla luce di informazioni aggiornate<\/em>&#8220;, e non di &#8220;<em>formule generiche<\/em>&#8221; come il richiamo a vaghe &#8220;<em>fonti internazionali<\/em>&#8220;.<\/p>\t\t\t\t\t<\/div>\n\t\t\t\t\t\t<\/div>\n\t\t\t\t<\/div>\n\t\t\t\t<div class=\"elementor-element elementor-element-267a4d1 elementor-widget elementor-widget-image\" data-id=\"267a4d1\" data-element_type=\"widget\" data-widget_type=\"image.default\">\n\t\t\t\t<div class=\"elementor-widget-container\">\n\t\t\t\t\t\t\t\t<div class=\"elementor-image\">\n\t\t\t\t\t\t\t\t\t\t\t\t<img width=\"640\" height=\"642\" src=\"https:\/\/i0.wp.com\/www.zoom--in.it\/wp-content\/uploads\/2019\/04\/istockphoto-507121033-1024x1024.jpg?fit=640%2C642&amp;ssl=1\" class=\"attachment-medium_large size-medium_large\" alt=\"\" loading=\"lazy\" data-attachment-id=\"5583\" data-permalink=\"https:\/\/www.zoom--in.it\/index.php\/2019\/04\/30\/richiedenti-asilo-cassazione\/istockphoto-507121033-1024x1024\/\" data-orig-file=\"https:\/\/i0.wp.com\/www.zoom--in.it\/wp-content\/uploads\/2019\/04\/istockphoto-507121033-1024x1024.jpg?fit=1022%2C1024&amp;ssl=1\" data-orig-size=\"1022,1024\" data-comments-opened=\"0\" data-image-meta=\"{&quot;aperture&quot;:&quot;0&quot;,&quot;credit&quot;:&quot;Getty Images\\\/iStockphoto&quot;,&quot;camera&quot;:&quot;&quot;,&quot;caption&quot;:&quot;Political map of Afghanistan and Pakistan with capitals Kabul and Islamabad, with national borders, most important cities, rivers and lakes. Illustration with English labeling and scaling.&quot;,&quot;created_timestamp&quot;:&quot;0&quot;,&quot;copyright&quot;:&quot;&quot;,&quot;focal_length&quot;:&quot;0&quot;,&quot;iso&quot;:&quot;0&quot;,&quot;shutter_speed&quot;:&quot;0&quot;,&quot;title&quot;:&quot;&quot;,&quot;orientation&quot;:&quot;0&quot;}\" data-image-title=\"istockphoto-507121033-1024&#215;1024\" data-image-description=\"\" data-image-caption=\"&lt;p&gt;Political map of Afghanistan and Pakistan with capitals Kabul and Islamabad, with national borders, most important cities, rivers and lakes. Illustration with English labeling and scaling.&lt;\/p&gt;\n\" data-medium-file=\"https:\/\/i0.wp.com\/www.zoom--in.it\/wp-content\/uploads\/2019\/04\/istockphoto-507121033-1024x1024.jpg?fit=300%2C300&amp;ssl=1\" data-large-file=\"https:\/\/i0.wp.com\/www.zoom--in.it\/wp-content\/uploads\/2019\/04\/istockphoto-507121033-1024x1024.jpg?fit=640%2C641&amp;ssl=1\" \/>\t\t\t\t\t\t\t\t\t\t\t\t\t\t<\/div>\n\t\t\t\t\t\t<\/div>\n\t\t\t\t<\/div>\n\t\t\t\t<div class=\"elementor-element elementor-element-5de62b4 elementor-widget elementor-widget-text-editor\" data-id=\"5de62b4\" data-element_type=\"widget\" data-widget_type=\"text-editor.default\">\n\t\t\t\t<div class=\"elementor-widget-container\">\n\t\t\t\t\t\t\t\t<div class=\"elementor-text-editor elementor-clearfix\">\n\t\t\t\t<p style=\"font-weight: 400;\">Quando chi richiede asilo allega &#8220;<em>i fatti costitutivi del suo diritto<\/em>&#8220;, il giudice deve accertare &#8220;<em>anche d&#8217;ufficio se, e in quali limiti, nel Paese di origine<\/em>&#8221; dello straniero &#8220;<em>si registrino fenomeni di violenza indiscriminata, in situazioni di conflitto armato interno o internazionale, che espongano i civili a minaccia grave e individuale della vita o alla persona<\/em>&#8220;, e deve indicare le fonti prese in esame. &#8220;<em>Senza una simile specificazione<\/em>\u00a0&#8211; avverte la Cassazione, sentenza 11312 &#8211;\u00a0<em>sarebbe vano discettare di\u00a0<strong>avvenuto concreto esercizio<\/strong>\u00a0di un potere di indagine\u00a0<strong>aggiornato<\/strong><\/em>&#8220;. L&#8217;asilo ad Al\u00ec era stato negato sulla base di &#8220;fonti internazionali&#8221; che parlavano di conflitto in Pakistan nelle zone del Fata e del Khyber Pakthunkwa.<br \/>Per la sua regione di provenienza &#8211; non citata &#8211; si faceva riferimento a fonti Easo, l&#8217;Agenzia europea per l&#8217;asilo, che comunque definiva la situazione &#8220;<em>assai instabile<\/em>&#8220;. Per la Cassazione, inoltre, \u00e8 &#8220;<em>solo genericamente enunciata<\/em>&#8221; la ragione per cui non \u00e8 stata riconosciuta &#8220;<em>una specifica rilevanza, alla stregua di conflitto generalizzato<\/em>&#8220;, al &#8220;<em>suddetto livello di instabilit\u00e0<\/em>&#8220;. E non si capisce &#8220;<em>se tale sia l&#8217;opinione del tribunale ovvero l&#8217;attestazione tradotta dalle suddette fonti<\/em>&#8220;.<\/p><p><span style=\"font-weight: 400;\"><br \/>Uno studente\/lavoratore Pakistano residente in Italia ha ritenuto suo dovere precisarci: \u201c<em>E\u2019 oggettivo comunque pensare che questi riferimenti e ricerche siano particolarmente difficili, anche per un tribunale.\u00a0 In Pakistan, ad esempio, non c\u2019\u00e8 guerra, ma periodicamente, gruppi di terroristi si organizzano per attaccare -ad esempio- una scuola o un luogo istituzionale. E\u2019 vero per\u00f2, \u00a0che recentemente casi del genere sono diminuiti di numero, grazie ad una notevole azione di &#8220;intelligence&#8221; dell\u2019esercito.<\/em><\/span><\/p>\t\t\t\t\t<\/div>\n\t\t\t\t\t\t<\/div>\n\t\t\t\t<\/div>\n\t\t\t\t<div class=\"elementor-element elementor-element-5ec6e56 elementor-widget elementor-widget-image\" data-id=\"5ec6e56\" data-element_type=\"widget\" data-widget_type=\"image.default\">\n\t\t\t\t<div class=\"elementor-widget-container\">\n\t\t\t\t\t\t\t\t<div class=\"elementor-image\">\n\t\t\t\t\t\t\t\t\t\t\t\t<img width=\"640\" height=\"356\" src=\"https:\/\/i0.wp.com\/www.zoom--in.it\/wp-content\/uploads\/2019\/04\/rasool.jpg?fit=640%2C356&amp;ssl=1\" class=\"attachment-large size-large\" alt=\"\" loading=\"lazy\" data-attachment-id=\"5579\" data-permalink=\"https:\/\/www.zoom--in.it\/index.php\/2019\/04\/30\/richiedenti-asilo-cassazione\/rasool\/\" data-orig-file=\"https:\/\/i0.wp.com\/www.zoom--in.it\/wp-content\/uploads\/2019\/04\/rasool.jpg?fit=759%2C422&amp;ssl=1\" data-orig-size=\"759,422\" data-comments-opened=\"0\" data-image-meta=\"{&quot;aperture&quot;:&quot;0&quot;,&quot;credit&quot;:&quot;&quot;,&quot;camera&quot;:&quot;&quot;,&quot;caption&quot;:&quot;&quot;,&quot;created_timestamp&quot;:&quot;0&quot;,&quot;copyright&quot;:&quot;&quot;,&quot;focal_length&quot;:&quot;0&quot;,&quot;iso&quot;:&quot;0&quot;,&quot;shutter_speed&quot;:&quot;0&quot;,&quot;title&quot;:&quot;&quot;,&quot;orientation&quot;:&quot;0&quot;}\" data-image-title=\"rasool\" data-image-description=\"\" data-image-caption=\"\" data-medium-file=\"https:\/\/i0.wp.com\/www.zoom--in.it\/wp-content\/uploads\/2019\/04\/rasool.jpg?fit=300%2C167&amp;ssl=1\" data-large-file=\"https:\/\/i0.wp.com\/www.zoom--in.it\/wp-content\/uploads\/2019\/04\/rasool.jpg?fit=640%2C356&amp;ssl=1\" \/>\t\t\t\t\t\t\t\t\t\t\t\t\t\t<\/div>\n\t\t\t\t\t\t<\/div>\n\t\t\t\t<\/div>\n\t\t\t\t\t\t<\/div>\n\t\t\t\t\t<\/div>\n\t\t<\/div>\n\t\t\t\t\t\t\t\t<\/div>\n\t\t\t\t\t<\/div>\n\t\t<\/section>\n\t\t\t\t<section class=\"elementor-section elementor-top-section elementor-element elementor-element-87ab48d elementor-section-boxed elementor-section-height-default elementor-section-height-default\" data-id=\"87ab48d\" data-element_type=\"section\">\n\t\t\t\t\t\t<div class=\"elementor-container elementor-column-gap-default\">\n\t\t\t\t\t\t\t<div class=\"elementor-row\">\n\t\t\t\t\t<div class=\"elementor-column elementor-col-100 elementor-top-column elementor-element elementor-element-f0d0467\" data-id=\"f0d0467\" data-element_type=\"column\">\n\t\t\t<div class=\"elementor-column-wrap elementor-element-populated\">\n\t\t\t\t\t\t\t<div class=\"elementor-widget-wrap\">\n\t\t\t\t\t\t<div class=\"elementor-element elementor-element-806217e elementor-widget elementor-widget-text-editor\" data-id=\"806217e\" data-element_type=\"widget\" data-widget_type=\"text-editor.default\">\n\t\t\t\t<div class=\"elementor-widget-container\">\n\t\t\t\t\t\t\t\t<div class=\"elementor-text-editor elementor-clearfix\">\n\t\t\t\t<p><span style=\"font-weight: 400;\"><em>Esistono anche lotte intestine tra famiglie, che sono molto allargate. I dissapori arrivano anche a picchi di gravit\u00e0 sino a veri e propri raid, giungendo a faide ed assassinii.<\/em>\u201d<br \/>Tutta questa sorta di pacificazione interna al Pakistan, rende meno grave la situazione che riguarda i rapporti di quel Paese e l\u2019 Italia, sotto il profilo delle migrazioni. Ma \u00e8 anche vero che il diradarsi di conflitti amplifica la difficolt\u00e0 di individuarli.<br \/>Resta la perentoriet\u00e0 della sentenza in Cassazione.<\/span><\/p>\t\t\t\t\t<\/div>\n\t\t\t\t\t\t<\/div>\n\t\t\t\t<\/div>\n\t\t\t\t\t\t<\/div>\n\t\t\t\t\t<\/div>\n\t\t<\/div>\n\t\t\t\t\t\t\t\t<\/div>\n\t\t\t\t\t<\/div>\n\t\t<\/section>\n\t\t\t\t<section class=\"elementor-section elementor-top-section elementor-element elementor-element-8be5a32 elementor-section-boxed elementor-section-height-default elementor-section-height-default\" data-id=\"8be5a32\" data-element_type=\"section\">\n\t\t\t\t\t\t<div class=\"elementor-container elementor-column-gap-default\">\n\t\t\t\t\t\t\t<div class=\"elementor-row\">\n\t\t\t\t\t<div class=\"elementor-column elementor-col-100 elementor-top-column elementor-element elementor-element-e0ca85e\" data-id=\"e0ca85e\" data-element_type=\"column\">\n\t\t\t<div class=\"elementor-column-wrap elementor-element-populated\">\n\t\t\t\t\t\t\t<div class=\"elementor-widget-wrap\">\n\t\t\t\t\t\t<div class=\"elementor-element elementor-element-bd2e0fa elementor-widget elementor-widget-text-editor\" data-id=\"bd2e0fa\" data-element_type=\"widget\" data-widget_type=\"text-editor.default\">\n\t\t\t\t<div class=\"elementor-widget-container\">\n\t\t\t\t\t\t\t\t<div class=\"elementor-text-editor elementor-clearfix\">\n\t\t\t\t<p style=\"text-align: right;\"><strong>Redazionale<\/strong><\/p>\t\t\t\t\t<\/div>\n\t\t\t\t\t\t<\/div>\n\t\t\t\t<\/div>\n\t\t\t\t\t\t<\/div>\n\t\t\t\t\t<\/div>\n\t\t<\/div>\n\t\t\t\t\t\t\t\t<\/div>\n\t\t\t\t\t<\/div>\n\t\t<\/section>\n\t\t\t\t\t\t\t\t\t<\/div>\n\t\t\t<\/div>\n\t\t\t\t\t<\/div>\n\t\t","protected":false},"excerpt":{"rendered":"<p>Richiedenti AsiloCassazione: no a formule generiche di respingimento Richiedenti Asilo: la Cassazione esorta i magistrati<\/p>\n","protected":false},"author":1,"featured_media":5580,"comment_status":"open","ping_status":"open","sticky":false,"template":"","format":"standard","meta":{"spay_email":""},"categories":[40],"tags":[],"yoast_head":"<!-- This site is optimized with the Yoast SEO plugin v19.4 - https:\/\/yoast.com\/wordpress\/plugins\/seo\/ -->\n<title>Richiedenti Asilo: Cassazione - ZoomIN Magazine<\/title>\n<meta name=\"robots\" content=\"index, follow, max-snippet:-1, max-image-preview:large, max-video-preview:-1\" \/>\n<link rel=\"canonical\" href=\"https:\/\/www.zoom--in.it\/index.php\/2019\/04\/30\/richiedenti-asilo-cassazione\/\" \/>\n<meta property=\"og:locale\" content=\"it_IT\" \/>\n<meta property=\"og:type\" content=\"article\" \/>\n<meta property=\"og:title\" content=\"Richiedenti Asilo: Cassazione - ZoomIN Magazine\" \/>\n<meta property=\"og:description\" content=\"Richiedenti AsiloCassazione: no a formule generiche di respingimento Richiedenti Asilo: la Cassazione esorta i magistrati\" \/>\n<meta property=\"og:url\" content=\"https:\/\/www.zoom--in.it\/index.php\/2019\/04\/30\/richiedenti-asilo-cassazione\/\" \/>\n<meta property=\"og:site_name\" content=\"ZoomIN Magazine\" \/>\n<meta property=\"article:published_time\" content=\"2019-04-30T15:40:40+00:00\" \/>\n<meta property=\"article:modified_time\" content=\"2019-05-25T16:32:29+00:00\" \/>\n<meta property=\"og:image\" content=\"https:\/\/i0.wp.com\/www.zoom--in.it\/wp-content\/uploads\/2019\/04\/terra_dasilo-680x365_c.jpg?fit=680%2C365&ssl=1\" \/>\n\t<meta property=\"og:image:width\" content=\"680\" \/>\n\t<meta property=\"og:image:height\" content=\"365\" \/>\n\t<meta property=\"og:image:type\" content=\"image\/jpeg\" \/>\n<meta name=\"author\" content=\"Redazione\" \/>\n<meta name=\"twitter:card\" content=\"summary_large_image\" \/>\n<meta name=\"twitter:label1\" content=\"Scritto da\" \/>\n\t<meta name=\"twitter:data1\" content=\"Redazione\" \/>\n\t<meta name=\"twitter:label2\" content=\"Tempo di lettura stimato\" \/>\n\t<meta name=\"twitter:data2\" content=\"3 minuti\" \/>\n<script type=\"application\/ld+json\" class=\"yoast-schema-graph\">{\"@context\":\"https:\/\/schema.org\",\"@graph\":[{\"@type\":\"Organization\",\"@id\":\"https:\/\/www.zoom--in.it\/#organization\",\"name\":\"ZoomIN Magazine\",\"url\":\"https:\/\/www.zoom--in.it\/\",\"sameAs\":[],\"logo\":{\"@type\":\"ImageObject\",\"inLanguage\":\"it-IT\",\"@id\":\"https:\/\/www.zoom--in.it\/#\/schema\/logo\/image\/\",\"url\":\"https:\/\/i0.wp.com\/www.zoom--in.it\/wp-content\/uploads\/2018\/11\/cropped-final.png?fit=568%2C237&ssl=1\",\"contentUrl\":\"https:\/\/i0.wp.com\/www.zoom--in.it\/wp-content\/uploads\/2018\/11\/cropped-final.png?fit=568%2C237&ssl=1\",\"width\":568,\"height\":237,\"caption\":\"ZoomIN Magazine\"},\"image\":{\"@id\":\"https:\/\/www.zoom--in.it\/#\/schema\/logo\/image\/\"}},{\"@type\":\"WebSite\",\"@id\":\"https:\/\/www.zoom--in.it\/#website\",\"url\":\"https:\/\/www.zoom--in.it\/\",\"name\":\"ZoomIN Magazine\",\"description\":\"Magazine Online libero e senza pubblicit\u00e0, pieno di rubriche e curiosit\u00e0\",\"publisher\":{\"@id\":\"https:\/\/www.zoom--in.it\/#organization\"},\"potentialAction\":[{\"@type\":\"SearchAction\",\"target\":{\"@type\":\"EntryPoint\",\"urlTemplate\":\"https:\/\/www.zoom--in.it\/?s={search_term_string}\"},\"query-input\":\"required name=search_term_string\"}],\"inLanguage\":\"it-IT\"},{\"@type\":\"WebPage\",\"@id\":\"https:\/\/www.zoom--in.it\/index.php\/2019\/04\/30\/richiedenti-asilo-cassazione\/\",\"url\":\"https:\/\/www.zoom--in.it\/index.php\/2019\/04\/30\/richiedenti-asilo-cassazione\/\",\"name\":\"Richiedenti Asilo: Cassazione - ZoomIN Magazine\",\"isPartOf\":{\"@id\":\"https:\/\/www.zoom--in.it\/#website\"},\"datePublished\":\"2019-04-30T15:40:40+00:00\",\"dateModified\":\"2019-05-25T16:32:29+00:00\",\"breadcrumb\":{\"@id\":\"https:\/\/www.zoom--in.it\/index.php\/2019\/04\/30\/richiedenti-asilo-cassazione\/#breadcrumb\"},\"inLanguage\":\"it-IT\",\"potentialAction\":[{\"@type\":\"ReadAction\",\"target\":[\"https:\/\/www.zoom--in.it\/index.php\/2019\/04\/30\/richiedenti-asilo-cassazione\/\"]}]},{\"@type\":\"BreadcrumbList\",\"@id\":\"https:\/\/www.zoom--in.it\/index.php\/2019\/04\/30\/richiedenti-asilo-cassazione\/#breadcrumb\",\"itemListElement\":[{\"@type\":\"ListItem\",\"position\":1,\"name\":\"Home\",\"item\":\"https:\/\/www.zoom--in.it\/\"},{\"@type\":\"ListItem\",\"position\":2,\"name\":\"Richiedenti Asilo: Cassazione\"}]},{\"@type\":\"Article\",\"@id\":\"https:\/\/www.zoom--in.it\/index.php\/2019\/04\/30\/richiedenti-asilo-cassazione\/#article\",\"isPartOf\":{\"@id\":\"https:\/\/www.zoom--in.it\/index.php\/2019\/04\/30\/richiedenti-asilo-cassazione\/\"},\"author\":{\"name\":\"Redazione\",\"@id\":\"https:\/\/www.zoom--in.it\/#\/schema\/person\/95a8fc2bd1cf71e9d305e2e6527c2c05\"},\"headline\":\"Richiedenti Asilo: Cassazione\",\"datePublished\":\"2019-04-30T15:40:40+00:00\",\"dateModified\":\"2019-05-25T16:32:29+00:00\",\"mainEntityOfPage\":{\"@id\":\"https:\/\/www.zoom--in.it\/index.php\/2019\/04\/30\/richiedenti-asilo-cassazione\/\"},\"wordCount\":568,\"commentCount\":0,\"publisher\":{\"@id\":\"https:\/\/www.zoom--in.it\/#organization\"},\"articleSection\":[\"Diritti umani\"],\"inLanguage\":\"it-IT\",\"potentialAction\":[{\"@type\":\"CommentAction\",\"name\":\"Comment\",\"target\":[\"https:\/\/www.zoom--in.it\/index.php\/2019\/04\/30\/richiedenti-asilo-cassazione\/#respond\"]}]},{\"@type\":\"Person\",\"@id\":\"https:\/\/www.zoom--in.it\/#\/schema\/person\/95a8fc2bd1cf71e9d305e2e6527c2c05\",\"name\":\"Redazione\",\"url\":\"https:\/\/www.zoom--in.it\/index.php\/author\/zenalois_o704dnqj\/\"}]}<\/script>\n<!-- \/ Yoast SEO plugin. -->","yoast_head_json":{"title":"Richiedenti Asilo: Cassazione - ZoomIN Magazine","robots":{"index":"index","follow":"follow","max-snippet":"max-snippet:-1","max-image-preview":"max-image-preview:large","max-video-preview":"max-video-preview:-1"},"canonical":"https:\/\/www.zoom--in.it\/index.php\/2019\/04\/30\/richiedenti-asilo-cassazione\/","og_locale":"it_IT","og_type":"article","og_title":"Richiedenti Asilo: Cassazione - ZoomIN Magazine","og_description":"Richiedenti AsiloCassazione: no a formule generiche di respingimento Richiedenti Asilo: la Cassazione esorta i magistrati","og_url":"https:\/\/www.zoom--in.it\/index.php\/2019\/04\/30\/richiedenti-asilo-cassazione\/","og_site_name":"ZoomIN Magazine","article_published_time":"2019-04-30T15:40:40+00:00","article_modified_time":"2019-05-25T16:32:29+00:00","og_image":[{"width":680,"height":365,"url":"https:\/\/i0.wp.com\/www.zoom--in.it\/wp-content\/uploads\/2019\/04\/terra_dasilo-680x365_c.jpg?fit=680%2C365&ssl=1","type":"image\/jpeg"}],"author":"Redazione","twitter_card":"summary_large_image","twitter_misc":{"Scritto da":"Redazione","Tempo di lettura stimato":"3 minuti"},"schema":{"@context":"https:\/\/schema.org","@graph":[{"@type":"Organization","@id":"https:\/\/www.zoom--in.it\/#organization","name":"ZoomIN Magazine","url":"https:\/\/www.zoom--in.it\/","sameAs":[],"logo":{"@type":"ImageObject","inLanguage":"it-IT","@id":"https:\/\/www.zoom--in.it\/#\/schema\/logo\/image\/","url":"https:\/\/i0.wp.com\/www.zoom--in.it\/wp-content\/uploads\/2018\/11\/cropped-final.png?fit=568%2C237&ssl=1","contentUrl":"https:\/\/i0.wp.com\/www.zoom--in.it\/wp-content\/uploads\/2018\/11\/cropped-final.png?fit=568%2C237&ssl=1","width":568,"height":237,"caption":"ZoomIN Magazine"},"image":{"@id":"https:\/\/www.zoom--in.it\/#\/schema\/logo\/image\/"}},{"@type":"WebSite","@id":"https:\/\/www.zoom--in.it\/#website","url":"https:\/\/www.zoom--in.it\/","name":"ZoomIN Magazine","description":"Magazine Online libero e senza pubblicit\u00e0, pieno di rubriche e curiosit\u00e0","publisher":{"@id":"https:\/\/www.zoom--in.it\/#organization"},"potentialAction":[{"@type":"SearchAction","target":{"@type":"EntryPoint","urlTemplate":"https:\/\/www.zoom--in.it\/?s={search_term_string}"},"query-input":"required name=search_term_string"}],"inLanguage":"it-IT"},{"@type":"WebPage","@id":"https:\/\/www.zoom--in.it\/index.php\/2019\/04\/30\/richiedenti-asilo-cassazione\/","url":"https:\/\/www.zoom--in.it\/index.php\/2019\/04\/30\/richiedenti-asilo-cassazione\/","name":"Richiedenti Asilo: Cassazione - ZoomIN Magazine","isPartOf":{"@id":"https:\/\/www.zoom--in.it\/#website"},"datePublished":"2019-04-30T15:40:40+00:00","dateModified":"2019-05-25T16:32:29+00:00","breadcrumb":{"@id":"https:\/\/www.zoom--in.it\/index.php\/2019\/04\/30\/richiedenti-asilo-cassazione\/#breadcrumb"},"inLanguage":"it-IT","potentialAction":[{"@type":"ReadAction","target":["https:\/\/www.zoom--in.it\/index.php\/2019\/04\/30\/richiedenti-asilo-cassazione\/"]}]},{"@type":"BreadcrumbList","@id":"https:\/\/www.zoom--in.it\/index.php\/2019\/04\/30\/richiedenti-asilo-cassazione\/#breadcrumb","itemListElement":[{"@type":"ListItem","position":1,"name":"Home","item":"https:\/\/www.zoom--in.it\/"},{"@type":"ListItem","position":2,"name":"Richiedenti Asilo: Cassazione"}]},{"@type":"Article","@id":"https:\/\/www.zoom--in.it\/index.php\/2019\/04\/30\/richiedenti-asilo-cassazione\/#article","isPartOf":{"@id":"https:\/\/www.zoom--in.it\/index.php\/2019\/04\/30\/richiedenti-asilo-cassazione\/"},"author":{"name":"Redazione","@id":"https:\/\/www.zoom--in.it\/#\/schema\/person\/95a8fc2bd1cf71e9d305e2e6527c2c05"},"headline":"Richiedenti Asilo: Cassazione","datePublished":"2019-04-30T15:40:40+00:00","dateModified":"2019-05-25T16:32:29+00:00","mainEntityOfPage":{"@id":"https:\/\/www.zoom--in.it\/index.php\/2019\/04\/30\/richiedenti-asilo-cassazione\/"},"wordCount":568,"commentCount":0,"publisher":{"@id":"https:\/\/www.zoom--in.it\/#organization"},"articleSection":["Diritti umani"],"inLanguage":"it-IT","potentialAction":[{"@type":"CommentAction","name":"Comment","target":["https:\/\/www.zoom--in.it\/index.php\/2019\/04\/30\/richiedenti-asilo-cassazione\/#respond"]}]},{"@type":"Person","@id":"https:\/\/www.zoom--in.it\/#\/schema\/person\/95a8fc2bd1cf71e9d305e2e6527c2c05","name":"Redazione","url":"https:\/\/www.zoom--in.it\/index.php\/author\/zenalois_o704dnqj\/"}]}},"jetpack_featured_media_url":"https:\/\/i0.wp.com\/www.zoom--in.it\/wp-content\/uploads\/2019\/04\/terra_dasilo-680x365_c.jpg?fit=680%2C365&ssl=1","jetpack_sharing_enabled":true,"jetpack_shortlink":"https:\/\/wp.me\/p9Zlh8-1rQ","_links":{"self":[{"href":"https:\/\/www.zoom--in.it\/index.php\/wp-json\/wp\/v2\/posts\/5570"}],"collection":[{"href":"https:\/\/www.zoom--in.it\/index.php\/wp-json\/wp\/v2\/posts"}],"about":[{"href":"https:\/\/www.zoom--in.it\/index.php\/wp-json\/wp\/v2\/types\/post"}],"author":[{"embeddable":true,"href":"https:\/\/www.zoom--in.it\/index.php\/wp-json\/wp\/v2\/users\/1"}],"replies":[{"embeddable":true,"href":"https:\/\/www.zoom--in.it\/index.php\/wp-json\/wp\/v2\/comments?post=5570"}],"version-history":[{"count":5,"href":"https:\/\/www.zoom--in.it\/index.php\/wp-json\/wp\/v2\/posts\/5570\/revisions"}],"predecessor-version":[{"id":5585,"href":"https:\/\/www.zoom--in.it\/index.php\/wp-json\/wp\/v2\/posts\/5570\/revisions\/5585"}],"wp:featuredmedia":[{"embeddable":true,"href":"https:\/\/www.zoom--in.it\/index.php\/wp-json\/wp\/v2\/media\/5580"}],"wp:attachment":[{"href":"https:\/\/www.zoom--in.it\/index.php\/wp-json\/wp\/v2\/media?parent=5570"}],"wp:term":[{"taxonomy":"category","embeddable":true,"href":"https:\/\/www.zoom--in.it\/index.php\/wp-json\/wp\/v2\/categories?post=5570"},{"taxonomy":"post_tag","embeddable":true,"href":"https:\/\/www.zoom--in.it\/index.php\/wp-json\/wp\/v2\/tags?post=5570"}],"curies":[{"name":"wp","href":"https:\/\/api.w.org\/{rel}","templated":true}]}}