{"id":6179,"date":"2019-06-14T15:12:02","date_gmt":"2019-06-14T15:12:02","guid":{"rendered":"https:\/\/www.zoom--in.it\/?p=6179"},"modified":"2022-07-20T18:28:53","modified_gmt":"2022-07-20T18:28:53","slug":"salvineide-a-oltranza","status":"publish","type":"post","link":"https:\/\/www.zoom--in.it\/index.php\/2019\/06\/14\/salvineide-a-oltranza\/","title":{"rendered":"Salvineide, a oltranza"},"content":{"rendered":"\t\t<div data-elementor-type=\"wp-post\" data-elementor-id=\"6179\" class=\"elementor elementor-6179\">\n\t\t\t\t\t\t<div class=\"elementor-inner\">\n\t\t\t\t<div class=\"elementor-section-wrap\">\n\t\t\t\t\t\t\t\t\t<section class=\"elementor-section elementor-top-section elementor-element elementor-element-15da0aa elementor-section-boxed elementor-section-height-default elementor-section-height-default\" data-id=\"15da0aa\" data-element_type=\"section\">\n\t\t\t\t\t\t<div class=\"elementor-container elementor-column-gap-default\">\n\t\t\t\t\t\t\t<div class=\"elementor-row\">\n\t\t\t\t\t<div class=\"elementor-column elementor-col-100 elementor-top-column elementor-element elementor-element-1c11d7b\" data-id=\"1c11d7b\" data-element_type=\"column\">\n\t\t\t<div class=\"elementor-column-wrap elementor-element-populated\">\n\t\t\t\t\t\t\t<div class=\"elementor-widget-wrap\">\n\t\t\t\t\t\t<div class=\"elementor-element elementor-element-05c2deb elementor-widget elementor-widget-heading\" data-id=\"05c2deb\" data-element_type=\"widget\" data-widget_type=\"heading.default\">\n\t\t\t\t<div class=\"elementor-widget-container\">\n\t\t\t<h2 class=\"elementor-heading-title elementor-size-default\">Salvineide, a oltranza<\/h2>\t\t<\/div>\n\t\t\t\t<\/div>\n\t\t\t\t<div class=\"elementor-element elementor-element-2e360a4 elementor-widget elementor-widget-text-editor\" data-id=\"2e360a4\" data-element_type=\"widget\" data-widget_type=\"text-editor.default\">\n\t\t\t\t<div class=\"elementor-widget-container\">\n\t\t\t\t\t\t\t\t<div class=\"elementor-text-editor elementor-clearfix\">\n\t\t\t\t<p>Rivedremo ancora serie Tv e film tratti dai libri di Camilleri? C\u2019\u00e8 da dubitarne. Lo scrittore, intelligenza pensante in pieno diritto di esternare il suo colto pensiero, non \u00e8 nelle grazie del ministro dell\u2019Interno. Matteo Salvini ha risposto in diretta Facebook alla critica dello scrittore Andrea Camilleri, che intervistato da Radio Capital ha cos\u00ec criticato le sue esibizioni pubbliche con simboli del cattolicesimo e l\u2019evidente obiettivo di accattivarsi la benevolenza degli elettori credenti: alle sue spalle una statuetta della Madonna, tra le mani il rosario, baci alla croce. Camilleri: \u201cVederlo impugnare il rosario mi d\u00e0 un senso di vomito. Tutto questo \u00e8 strumentale. Il Papa non ha bisogno di impugnarlo, sa che offenderebbe i santi nel momento in cui se ne serve. Fa parte della sua volgarit\u00e0\u201d. Salvini con becera ironia: \u201cScrivi che ti passa, io continuo a lavorare (lavorare? ma se non c\u2019\u00e8 mai al ministero?, ndr) e nel mio piccolo a credere&#8230;&#8221;<\/p><p>Pinocchio? Un dilettante.<\/p>\t\t\t\t\t<\/div>\n\t\t\t\t\t\t<\/div>\n\t\t\t\t<\/div>\n\t\t\t\t<div class=\"elementor-element elementor-element-1174ddc elementor-widget elementor-widget-image\" data-id=\"1174ddc\" data-element_type=\"widget\" data-widget_type=\"image.default\">\n\t\t\t\t<div class=\"elementor-widget-container\">\n\t\t\t\t\t\t\t\t<div class=\"elementor-image\">\n\t\t\t\t\t\t\t\t\t\t\t\t<img width=\"368\" height=\"275\" src=\"https:\/\/i0.wp.com\/www.zoom--in.it\/wp-content\/uploads\/2019\/06\/salvini-pinocchio.jpg?fit=368%2C275&amp;ssl=1\" class=\"attachment-full size-full\" alt=\"\" loading=\"lazy\" data-attachment-id=\"6181\" data-permalink=\"https:\/\/www.zoom--in.it\/index.php\/2019\/06\/14\/salvineide-a-oltranza\/salvini-pinocchio\/\" data-orig-file=\"https:\/\/i0.wp.com\/www.zoom--in.it\/wp-content\/uploads\/2019\/06\/salvini-pinocchio.jpg?fit=368%2C275&amp;ssl=1\" data-orig-size=\"368,275\" data-comments-opened=\"1\" data-image-meta=\"{&quot;aperture&quot;:&quot;0&quot;,&quot;credit&quot;:&quot;&quot;,&quot;camera&quot;:&quot;&quot;,&quot;caption&quot;:&quot;&quot;,&quot;created_timestamp&quot;:&quot;0&quot;,&quot;copyright&quot;:&quot;&quot;,&quot;focal_length&quot;:&quot;0&quot;,&quot;iso&quot;:&quot;0&quot;,&quot;shutter_speed&quot;:&quot;0&quot;,&quot;title&quot;:&quot;&quot;,&quot;orientation&quot;:&quot;0&quot;}\" data-image-title=\"salvini-pinocchio\" data-image-description=\"\" data-image-caption=\"\" data-medium-file=\"https:\/\/i0.wp.com\/www.zoom--in.it\/wp-content\/uploads\/2019\/06\/salvini-pinocchio.jpg?fit=300%2C224&amp;ssl=1\" data-large-file=\"https:\/\/i0.wp.com\/www.zoom--in.it\/wp-content\/uploads\/2019\/06\/salvini-pinocchio.jpg?fit=368%2C275&amp;ssl=1\" \/>\t\t\t\t\t\t\t\t\t\t\t\t\t\t<\/div>\n\t\t\t\t\t\t<\/div>\n\t\t\t\t<\/div>\n\t\t\t\t<div class=\"elementor-element elementor-element-bca9d1d elementor-widget elementor-widget-text-editor\" data-id=\"bca9d1d\" data-element_type=\"widget\" data-widget_type=\"text-editor.default\">\n\t\t\t\t<div class=\"elementor-widget-container\">\n\t\t\t\t\t\t\t\t<div class=\"elementor-text-editor elementor-clearfix\">\n\t\t\t\t<p>Altra polemica del vice di Conte, che mette il naso ovunque e commenta\u00a0 cos\u00ec la fine stagionale del programma Mediaset il Grande Fratello: \u201cAnche quest\u2019anno \u00e8 andata. Come la serie A. Si pu\u00f2 stare senza per tanti mesi? Dai, un sorriso allunga la vita\u201d. La pepata risposta di Heather Parisi: \u201cAzzardo una risposta al dubbio amletico di Matteo Salvini: \u201cSi pu\u00f2 stare senza Grande Fratello per tutti questi mesi?\u00a0 Probabilmente s\u00ec, se si ha qualcosa da fare; no, se non si ha nient\u2019altro da fare\u201d.<\/p><p>Cambier\u00e0 presto anche il nome della Rai, sempre pi\u00f9 preda di Salvini. Si chiamer\u00e0 Tele Carroccio. La mutazione procede al tempo musicale di andante\u00a0 con brio e l\u2019occupazione leghista dei ruoli di vertice a viale Mazzini, l\u2019invasione barbarica di valpadani nei palinsesti. In campagna elettorale, con enfasi da neofita, la soubrette Lorella Cuccarini ha rivelato la sua fede nel Carroccio con spiccato senso dell\u2019opportunismo. Ai pi\u00f9 la scelta di schierarsi politicamente con la Lega ha suscitato perplessit\u00e0 e la legittima domanda \u201cMa chi glielo fa fare?&#8221; Gli osservatori \u2018sgamati\u2019 hanno invece sospettato interessi personali della show girl, che ha prenotato un ruolo di primo piano in Rai. Ora tutto \u00e8 chiaro come la luce del sole. L\u2019ambitissima conduzione della prossima serie della \u201cVita in diretta\u201d sar\u00e0 della Cuccarini. Turarsi il naso per rivolgere sperticate lodi al ministro dell\u2019Interno paga profumatamente e la considerazione vale cos\u00ec e di pi\u00f9 per l\u2019ingaggio di tale Paoletti, ex direttore di Radio Padania e biografo di Salvini. Condurr\u00e0 \u201cUno mattina\u201d.<\/p><p style=\"text-align: left;\">Rai due e i flop di Freccero, neodirettore in quota 5Stelle. Dopo il disastro del programma Realiti, che all\u2019esordio ha ospitato due ragazzotti neomelodici con \u201csimpatie\u201d ed elogi espliciti per la mafia, il responsabile e conduttore del programma, l\u2019ex iena Lucci, \u00e8 regolarmente andato inonda, seppure in seconda fascia e il \u201ccos\u00ec \u00e8 se vi pare\u201d della Lega spiega anche il dito puntato di Salvini sui \u2018nemici\u201d Fazio, Gad Lerner, Saviano, Santoro. Una nuova entry, benedetta dal numero uno leghista, \u00e8 tale Monica Setta, che ha operato in Mediaset, nota per un posto sul gradino pi\u00f9 alto del podio, in quanto primatista assoluta dei \u201cmi piace\u201d ai post di Salvini, che riconoscente, le ha fatto assegnare la striscia quotidiana di economia. La \u201cProva del cuoco\u201d resta nelle mani della Isoardi. Le fu affidata quando era la compagna del vice premier. Chi pi\u00f9 ne ha, pi\u00f9 ne\u2026 In autunno sar\u00e0 l\u2019ex Mediaset Nunzia De Girolamo a condurre Linea verde e non finisce qui. Ci sono da riciclare i figli di Bossi, da ricompensare qualcuno degli \u00a0incredibili \u2018terroni\u2019 che l\u2019hanno introdotto al Sud e chiss\u00e0\u2026 anche il caporione degli ultra milanisti con i quali il tifoso Salvini intrattiene cordiali relazioni. <br \/>Meglio i cartoon di Paperino che festeggia i suoi 85 anni di vita fumettistica.\u00a0<\/p>\t\t\t\t\t<\/div>\n\t\t\t\t\t\t<\/div>\n\t\t\t\t<\/div>\n\t\t\t\t<div class=\"elementor-element elementor-element-c3f7316 elementor-widget elementor-widget-text-editor\" data-id=\"c3f7316\" data-element_type=\"widget\" data-widget_type=\"text-editor.default\">\n\t\t\t\t<div class=\"elementor-widget-container\">\n\t\t\t\t\t\t\t\t<div class=\"elementor-text-editor elementor-clearfix\">\n\t\t\t\t<p style=\"text-align: right;\"><strong> Luciano Scateni <\/strong><\/p><p style=\"text-align: right;\"><strong>Giornalista professionista, scrittore, pittore, conduttore TG3<\/strong><\/p>\t\t\t\t\t<\/div>\n\t\t\t\t\t\t<\/div>\n\t\t\t\t<\/div>\n\t\t\t\t\t\t<\/div>\n\t\t\t\t\t<\/div>\n\t\t<\/div>\n\t\t\t\t\t\t\t\t<\/div>\n\t\t\t\t\t<\/div>\n\t\t<\/section>\n\t\t\t\t\t\t\t\t\t<\/div>\n\t\t\t<\/div>\n\t\t\t\t\t<\/div>\n\t\t","protected":false},"excerpt":{"rendered":"<p>Salvineide, a oltranza Rivedremo ancora serie Tv e film tratti dai libri di Camilleri? C\u2019\u00e8<\/p>\n","protected":false},"author":51,"featured_media":6183,"comment_status":"open","ping_status":"open","sticky":false,"template":"","format":"standard","meta":{"spay_email":""},"categories":[6],"tags":[],"yoast_head":"<!-- This site is optimized with the Yoast SEO plugin v19.4 - https:\/\/yoast.com\/wordpress\/plugins\/seo\/ -->\n<title>Salvineide, a oltranza - ZoomIN Magazine<\/title>\n<meta name=\"robots\" content=\"index, follow, max-snippet:-1, max-image-preview:large, max-video-preview:-1\" \/>\n<link rel=\"canonical\" href=\"https:\/\/www.zoom--in.it\/index.php\/2019\/06\/14\/salvineide-a-oltranza\/\" \/>\n<meta property=\"og:locale\" content=\"it_IT\" \/>\n<meta property=\"og:type\" content=\"article\" \/>\n<meta property=\"og:title\" content=\"Salvineide, a oltranza - ZoomIN Magazine\" \/>\n<meta property=\"og:description\" content=\"Salvineide, a oltranza Rivedremo ancora serie Tv e film tratti dai libri di Camilleri? C\u2019\u00e8\" \/>\n<meta property=\"og:url\" content=\"https:\/\/www.zoom--in.it\/index.php\/2019\/06\/14\/salvineide-a-oltranza\/\" \/>\n<meta property=\"og:site_name\" content=\"ZoomIN Magazine\" \/>\n<meta property=\"article:published_time\" content=\"2019-06-14T15:12:02+00:00\" \/>\n<meta property=\"article:modified_time\" content=\"2022-07-20T18:28:53+00:00\" \/>\n<meta property=\"og:image\" content=\"https:\/\/www.zoom--in.it\/wp-content\/uploads\/2019\/06\/Libro-Carlo-Rognoni-Rai-addio-1-1024x768.jpg\" \/>\n\t<meta property=\"og:image:width\" content=\"1024\" \/>\n\t<meta property=\"og:image:height\" content=\"768\" \/>\n\t<meta property=\"og:image:type\" content=\"image\/jpeg\" \/>\n<meta name=\"author\" content=\"Luciano Scateni\" \/>\n<meta name=\"twitter:card\" content=\"summary_large_image\" \/>\n<meta name=\"twitter:label1\" content=\"Scritto da\" \/>\n\t<meta name=\"twitter:data1\" content=\"Luciano Scateni\" \/>\n\t<meta name=\"twitter:label2\" content=\"Tempo di lettura stimato\" \/>\n\t<meta name=\"twitter:data2\" content=\"4 minuti\" \/>\n<script type=\"application\/ld+json\" class=\"yoast-schema-graph\">{\"@context\":\"https:\/\/schema.org\",\"@graph\":[{\"@type\":\"Organization\",\"@id\":\"https:\/\/www.zoom--in.it\/#organization\",\"name\":\"ZoomIN Magazine\",\"url\":\"https:\/\/www.zoom--in.it\/\",\"sameAs\":[],\"logo\":{\"@type\":\"ImageObject\",\"inLanguage\":\"it-IT\",\"@id\":\"https:\/\/www.zoom--in.it\/#\/schema\/logo\/image\/\",\"url\":\"https:\/\/i0.wp.com\/www.zoom--in.it\/wp-content\/uploads\/2018\/11\/cropped-final.png?fit=568%2C237&ssl=1\",\"contentUrl\":\"https:\/\/i0.wp.com\/www.zoom--in.it\/wp-content\/uploads\/2018\/11\/cropped-final.png?fit=568%2C237&ssl=1\",\"width\":568,\"height\":237,\"caption\":\"ZoomIN Magazine\"},\"image\":{\"@id\":\"https:\/\/www.zoom--in.it\/#\/schema\/logo\/image\/\"}},{\"@type\":\"WebSite\",\"@id\":\"https:\/\/www.zoom--in.it\/#website\",\"url\":\"https:\/\/www.zoom--in.it\/\",\"name\":\"ZoomIN Magazine\",\"description\":\"Magazine Online libero e senza pubblicit\u00e0, pieno di rubriche e curiosit\u00e0\",\"publisher\":{\"@id\":\"https:\/\/www.zoom--in.it\/#organization\"},\"potentialAction\":[{\"@type\":\"SearchAction\",\"target\":{\"@type\":\"EntryPoint\",\"urlTemplate\":\"https:\/\/www.zoom--in.it\/?s={search_term_string}\"},\"query-input\":\"required name=search_term_string\"}],\"inLanguage\":\"it-IT\"},{\"@type\":\"WebPage\",\"@id\":\"https:\/\/www.zoom--in.it\/index.php\/2019\/06\/14\/salvineide-a-oltranza\/\",\"url\":\"https:\/\/www.zoom--in.it\/index.php\/2019\/06\/14\/salvineide-a-oltranza\/\",\"name\":\"Salvineide, a oltranza - ZoomIN Magazine\",\"isPartOf\":{\"@id\":\"https:\/\/www.zoom--in.it\/#website\"},\"datePublished\":\"2019-06-14T15:12:02+00:00\",\"dateModified\":\"2022-07-20T18:28:53+00:00\",\"breadcrumb\":{\"@id\":\"https:\/\/www.zoom--in.it\/index.php\/2019\/06\/14\/salvineide-a-oltranza\/#breadcrumb\"},\"inLanguage\":\"it-IT\",\"potentialAction\":[{\"@type\":\"ReadAction\",\"target\":[\"https:\/\/www.zoom--in.it\/index.php\/2019\/06\/14\/salvineide-a-oltranza\/\"]}]},{\"@type\":\"BreadcrumbList\",\"@id\":\"https:\/\/www.zoom--in.it\/index.php\/2019\/06\/14\/salvineide-a-oltranza\/#breadcrumb\",\"itemListElement\":[{\"@type\":\"ListItem\",\"position\":1,\"name\":\"Home\",\"item\":\"https:\/\/www.zoom--in.it\/\"},{\"@type\":\"ListItem\",\"position\":2,\"name\":\"Salvineide, a oltranza\"}]},{\"@type\":\"Article\",\"@id\":\"https:\/\/www.zoom--in.it\/index.php\/2019\/06\/14\/salvineide-a-oltranza\/#article\",\"isPartOf\":{\"@id\":\"https:\/\/www.zoom--in.it\/index.php\/2019\/06\/14\/salvineide-a-oltranza\/\"},\"author\":{\"name\":\"Luciano Scateni\",\"@id\":\"https:\/\/www.zoom--in.it\/#\/schema\/person\/6fd707cadeeb3efb96e1d004684d8539\"},\"headline\":\"Salvineide, a oltranza\",\"datePublished\":\"2019-06-14T15:12:02+00:00\",\"dateModified\":\"2022-07-20T18:28:53+00:00\",\"mainEntityOfPage\":{\"@id\":\"https:\/\/www.zoom--in.it\/index.php\/2019\/06\/14\/salvineide-a-oltranza\/\"},\"wordCount\":639,\"commentCount\":0,\"publisher\":{\"@id\":\"https:\/\/www.zoom--in.it\/#organization\"},\"articleSection\":[\"Stato\"],\"inLanguage\":\"it-IT\",\"potentialAction\":[{\"@type\":\"CommentAction\",\"name\":\"Comment\",\"target\":[\"https:\/\/www.zoom--in.it\/index.php\/2019\/06\/14\/salvineide-a-oltranza\/#respond\"]}]},{\"@type\":\"Person\",\"@id\":\"https:\/\/www.zoom--in.it\/#\/schema\/person\/6fd707cadeeb3efb96e1d004684d8539\",\"name\":\"Luciano Scateni\",\"url\":\"https:\/\/www.zoom--in.it\/index.php\/author\/luciano-scateni\/\"}]}<\/script>\n<!-- \/ Yoast SEO plugin. -->","yoast_head_json":{"title":"Salvineide, a oltranza - ZoomIN Magazine","robots":{"index":"index","follow":"follow","max-snippet":"max-snippet:-1","max-image-preview":"max-image-preview:large","max-video-preview":"max-video-preview:-1"},"canonical":"https:\/\/www.zoom--in.it\/index.php\/2019\/06\/14\/salvineide-a-oltranza\/","og_locale":"it_IT","og_type":"article","og_title":"Salvineide, a oltranza - ZoomIN Magazine","og_description":"Salvineide, a oltranza Rivedremo ancora serie Tv e film tratti dai libri di Camilleri? C\u2019\u00e8","og_url":"https:\/\/www.zoom--in.it\/index.php\/2019\/06\/14\/salvineide-a-oltranza\/","og_site_name":"ZoomIN Magazine","article_published_time":"2019-06-14T15:12:02+00:00","article_modified_time":"2022-07-20T18:28:53+00:00","og_image":[{"width":1024,"height":768,"url":"https:\/\/www.zoom--in.it\/wp-content\/uploads\/2019\/06\/Libro-Carlo-Rognoni-Rai-addio-1-1024x768.jpg","type":"image\/jpeg"}],"author":"Luciano Scateni","twitter_card":"summary_large_image","twitter_misc":{"Scritto da":"Luciano Scateni","Tempo di lettura stimato":"4 minuti"},"schema":{"@context":"https:\/\/schema.org","@graph":[{"@type":"Organization","@id":"https:\/\/www.zoom--in.it\/#organization","name":"ZoomIN Magazine","url":"https:\/\/www.zoom--in.it\/","sameAs":[],"logo":{"@type":"ImageObject","inLanguage":"it-IT","@id":"https:\/\/www.zoom--in.it\/#\/schema\/logo\/image\/","url":"https:\/\/i0.wp.com\/www.zoom--in.it\/wp-content\/uploads\/2018\/11\/cropped-final.png?fit=568%2C237&ssl=1","contentUrl":"https:\/\/i0.wp.com\/www.zoom--in.it\/wp-content\/uploads\/2018\/11\/cropped-final.png?fit=568%2C237&ssl=1","width":568,"height":237,"caption":"ZoomIN Magazine"},"image":{"@id":"https:\/\/www.zoom--in.it\/#\/schema\/logo\/image\/"}},{"@type":"WebSite","@id":"https:\/\/www.zoom--in.it\/#website","url":"https:\/\/www.zoom--in.it\/","name":"ZoomIN Magazine","description":"Magazine Online libero e senza pubblicit\u00e0, pieno di rubriche e curiosit\u00e0","publisher":{"@id":"https:\/\/www.zoom--in.it\/#organization"},"potentialAction":[{"@type":"SearchAction","target":{"@type":"EntryPoint","urlTemplate":"https:\/\/www.zoom--in.it\/?s={search_term_string}"},"query-input":"required name=search_term_string"}],"inLanguage":"it-IT"},{"@type":"WebPage","@id":"https:\/\/www.zoom--in.it\/index.php\/2019\/06\/14\/salvineide-a-oltranza\/","url":"https:\/\/www.zoom--in.it\/index.php\/2019\/06\/14\/salvineide-a-oltranza\/","name":"Salvineide, a oltranza - ZoomIN Magazine","isPartOf":{"@id":"https:\/\/www.zoom--in.it\/#website"},"datePublished":"2019-06-14T15:12:02+00:00","dateModified":"2022-07-20T18:28:53+00:00","breadcrumb":{"@id":"https:\/\/www.zoom--in.it\/index.php\/2019\/06\/14\/salvineide-a-oltranza\/#breadcrumb"},"inLanguage":"it-IT","potentialAction":[{"@type":"ReadAction","target":["https:\/\/www.zoom--in.it\/index.php\/2019\/06\/14\/salvineide-a-oltranza\/"]}]},{"@type":"BreadcrumbList","@id":"https:\/\/www.zoom--in.it\/index.php\/2019\/06\/14\/salvineide-a-oltranza\/#breadcrumb","itemListElement":[{"@type":"ListItem","position":1,"name":"Home","item":"https:\/\/www.zoom--in.it\/"},{"@type":"ListItem","position":2,"name":"Salvineide, a oltranza"}]},{"@type":"Article","@id":"https:\/\/www.zoom--in.it\/index.php\/2019\/06\/14\/salvineide-a-oltranza\/#article","isPartOf":{"@id":"https:\/\/www.zoom--in.it\/index.php\/2019\/06\/14\/salvineide-a-oltranza\/"},"author":{"name":"Luciano Scateni","@id":"https:\/\/www.zoom--in.it\/#\/schema\/person\/6fd707cadeeb3efb96e1d004684d8539"},"headline":"Salvineide, a oltranza","datePublished":"2019-06-14T15:12:02+00:00","dateModified":"2022-07-20T18:28:53+00:00","mainEntityOfPage":{"@id":"https:\/\/www.zoom--in.it\/index.php\/2019\/06\/14\/salvineide-a-oltranza\/"},"wordCount":639,"commentCount":0,"publisher":{"@id":"https:\/\/www.zoom--in.it\/#organization"},"articleSection":["Stato"],"inLanguage":"it-IT","potentialAction":[{"@type":"CommentAction","name":"Comment","target":["https:\/\/www.zoom--in.it\/index.php\/2019\/06\/14\/salvineide-a-oltranza\/#respond"]}]},{"@type":"Person","@id":"https:\/\/www.zoom--in.it\/#\/schema\/person\/6fd707cadeeb3efb96e1d004684d8539","name":"Luciano Scateni","url":"https:\/\/www.zoom--in.it\/index.php\/author\/luciano-scateni\/"}]}},"jetpack_featured_media_url":"https:\/\/i0.wp.com\/www.zoom--in.it\/wp-content\/uploads\/2019\/06\/Libro-Carlo-Rognoni-Rai-addio-1.jpg?fit=4128%2C3096&ssl=1","jetpack_sharing_enabled":true,"jetpack_shortlink":"https:\/\/wp.me\/p9Zlh8-1BF","_links":{"self":[{"href":"https:\/\/www.zoom--in.it\/index.php\/wp-json\/wp\/v2\/posts\/6179"}],"collection":[{"href":"https:\/\/www.zoom--in.it\/index.php\/wp-json\/wp\/v2\/posts"}],"about":[{"href":"https:\/\/www.zoom--in.it\/index.php\/wp-json\/wp\/v2\/types\/post"}],"author":[{"embeddable":true,"href":"https:\/\/www.zoom--in.it\/index.php\/wp-json\/wp\/v2\/users\/51"}],"replies":[{"embeddable":true,"href":"https:\/\/www.zoom--in.it\/index.php\/wp-json\/wp\/v2\/comments?post=6179"}],"version-history":[{"count":5,"href":"https:\/\/www.zoom--in.it\/index.php\/wp-json\/wp\/v2\/posts\/6179\/revisions"}],"predecessor-version":[{"id":6918,"href":"https:\/\/www.zoom--in.it\/index.php\/wp-json\/wp\/v2\/posts\/6179\/revisions\/6918"}],"wp:featuredmedia":[{"embeddable":true,"href":"https:\/\/www.zoom--in.it\/index.php\/wp-json\/wp\/v2\/media\/6183"}],"wp:attachment":[{"href":"https:\/\/www.zoom--in.it\/index.php\/wp-json\/wp\/v2\/media?parent=6179"}],"wp:term":[{"taxonomy":"category","embeddable":true,"href":"https:\/\/www.zoom--in.it\/index.php\/wp-json\/wp\/v2\/categories?post=6179"},{"taxonomy":"post_tag","embeddable":true,"href":"https:\/\/www.zoom--in.it\/index.php\/wp-json\/wp\/v2\/tags?post=6179"}],"curies":[{"name":"wp","href":"https:\/\/api.w.org\/{rel}","templated":true}]}}