{"id":6681,"date":"2019-12-17T17:03:20","date_gmt":"2019-12-17T17:03:20","guid":{"rendered":"https:\/\/www.zoom--in.it\/?p=6681"},"modified":"2019-12-17T17:14:06","modified_gmt":"2019-12-17T17:14:06","slug":"ciclismo-bandiera-nera","status":"publish","type":"post","link":"https:\/\/www.zoom--in.it\/index.php\/2019\/12\/17\/ciclismo-bandiera-nera\/","title":{"rendered":"CICLISMO BANDIERA  NERA"},"content":{"rendered":"\t\t<div data-elementor-type=\"wp-post\" data-elementor-id=\"6681\" class=\"elementor elementor-6681\">\n\t\t\t\t\t\t<div class=\"elementor-inner\">\n\t\t\t\t<div class=\"elementor-section-wrap\">\n\t\t\t\t\t\t\t\t\t<section class=\"elementor-section elementor-top-section elementor-element elementor-element-6cdc11c elementor-section-boxed elementor-section-height-default elementor-section-height-default\" data-id=\"6cdc11c\" data-element_type=\"section\">\n\t\t\t\t\t\t<div class=\"elementor-container elementor-column-gap-default\">\n\t\t\t\t\t\t\t<div class=\"elementor-row\">\n\t\t\t\t\t<div class=\"elementor-column elementor-col-100 elementor-top-column elementor-element elementor-element-06903cd\" data-id=\"06903cd\" data-element_type=\"column\">\n\t\t\t<div class=\"elementor-column-wrap elementor-element-populated\">\n\t\t\t\t\t\t\t<div class=\"elementor-widget-wrap\">\n\t\t\t\t\t\t<div class=\"elementor-element elementor-element-5298107 elementor-widget elementor-widget-heading\" data-id=\"5298107\" data-element_type=\"widget\" data-widget_type=\"heading.default\">\n\t\t\t\t<div class=\"elementor-widget-container\">\n\t\t\t<h2 class=\"elementor-heading-title elementor-size-default\">CICLISMO BANDIERA  NERA\n\n<\/h2>\t\t<\/div>\n\t\t\t\t<\/div>\n\t\t\t\t\t\t<\/div>\n\t\t\t\t\t<\/div>\n\t\t<\/div>\n\t\t\t\t\t\t\t\t<\/div>\n\t\t\t\t\t<\/div>\n\t\t<\/section>\n\t\t\t\t<section class=\"elementor-section elementor-top-section elementor-element elementor-element-2bad4b4 elementor-section-boxed elementor-section-height-default elementor-section-height-default\" data-id=\"2bad4b4\" data-element_type=\"section\">\n\t\t\t\t\t\t<div class=\"elementor-container elementor-column-gap-default\">\n\t\t\t\t\t\t\t<div class=\"elementor-row\">\n\t\t\t\t\t<div class=\"elementor-column elementor-col-100 elementor-top-column elementor-element elementor-element-8fa081e\" data-id=\"8fa081e\" data-element_type=\"column\">\n\t\t\t<div class=\"elementor-column-wrap elementor-element-populated\">\n\t\t\t\t\t\t\t<div class=\"elementor-widget-wrap\">\n\t\t\t\t\t\t<div class=\"elementor-element elementor-element-744bdba elementor-widget elementor-widget-text-editor\" data-id=\"744bdba\" data-element_type=\"widget\" data-widget_type=\"text-editor.default\">\n\t\t\t\t<div class=\"elementor-widget-container\">\n\t\t\t\t\t\t\t\t<div class=\"elementor-text-editor elementor-clearfix\">\n\t\t\t\t<p style=\"font-weight: 400;\"><strong>Ciclismo:<br \/>Mesi travagliati.<\/strong><\/p><p>Da poche settimane ci aveva lasciato l\u2019indimenticato Felice Gimondi, un vero Signore della due ruote. Il ragazzo fece innamorare italiani e francesi, per il suo stile cristallino, la semplicit\u00e0 sui pedali e del dopo gara. Al suo primo Tour (1965), a 23 anni, si mise la maglia gialla in terza frazione e non la\u00a0 lasci\u00f2 pi\u00f9.<br \/>Altro che &#8220;eterno secondo&#8221;! Qualcuno lo definir\u00e0 poi cos\u00ec per la lunga e durissima sfida con Eddy Merckx ed i tanti piazzamenti alle sue spalle. In realt\u00e0, fu l&#8217;unico a resistere alla vena vorace di Merckx; fu secondo in assoluto &#8211; dopo Anquetil &#8211; a completare la Tripla Corona nei Grandi Giri, campione del Mondo nel 1973 a Barcellona, padrone del pav\u00e9 di Roubaix e delle insidie della Sanremo. Gianni Brera ne descrisse le imprese, coniando i soprannomi Felix de Mondi e Nuvola Rossa. Cominci\u00f2 molto prima e fin\u00ec molto dopo Merckx. E lo vinse anche.<\/p><p style=\"font-weight: 400;\">Ora -poco dopo la morte del campione bergamasco- veniamo a sapere che il \u201ccannibale\u201d Eddy Merckx (che fece soffrire il nostro Felice, pur diventando poi grandi amici, tutti e due sportivi e uomini intelligenti) sta meglio, dopo la caduta dalla bicicletta (a spasso con amici\u2026). Ha lasciato l\u2019unit\u00e0 di terapia intensiva, ma \u00e8 rimasto per qualche tempo in ospedale. Preoccupano anche le sue vicissitudini al cuore, essendo da anni portatore di by pass. E bisogna dire che -tanti anni fa- dello stesso Merckx ci parl\u00f2 un medico belga, dicendoci che Eddy aveva trovato un rafforzante naturale, oggi divenuto popolare: il ginseng. Non una droga capace di inventare un campione, ma di aiutarlo. E -probabilmente- anche di affaticare il suo cuore, oggi particolarmente stanco.<\/p>\t\t\t\t\t<\/div>\n\t\t\t\t\t\t<\/div>\n\t\t\t\t<\/div>\n\t\t\t\t\t\t<\/div>\n\t\t\t\t\t<\/div>\n\t\t<\/div>\n\t\t\t\t\t\t\t\t<\/div>\n\t\t\t\t\t<\/div>\n\t\t<\/section>\n\t\t\t\t<section class=\"elementor-section elementor-top-section elementor-element elementor-element-61b0c5b elementor-section-boxed elementor-section-height-default elementor-section-height-default\" data-id=\"61b0c5b\" data-element_type=\"section\">\n\t\t\t\t\t\t<div class=\"elementor-container elementor-column-gap-default\">\n\t\t\t\t\t\t\t<div class=\"elementor-row\">\n\t\t\t\t\t<div class=\"elementor-column elementor-col-100 elementor-top-column elementor-element elementor-element-89262ec\" data-id=\"89262ec\" data-element_type=\"column\">\n\t\t\t<div class=\"elementor-column-wrap elementor-element-populated\">\n\t\t\t\t\t\t\t<div class=\"elementor-widget-wrap\">\n\t\t\t\t\t\t<div class=\"elementor-element elementor-element-59782d6 elementor-widget elementor-widget-image\" data-id=\"59782d6\" data-element_type=\"widget\" data-widget_type=\"image.default\">\n\t\t\t\t<div class=\"elementor-widget-container\">\n\t\t\t\t\t\t\t\t<div class=\"elementor-image\">\n\t\t\t\t\t\t\t\t\t\t\t\t<img width=\"640\" height=\"650\" src=\"https:\/\/i0.wp.com\/www.zoom--in.it\/wp-content\/uploads\/2019\/12\/tumblr_msif1hoz8I1qjfjdzo1_1280-1.jpg?fit=640%2C650&amp;ssl=1\" class=\"attachment-large size-large\" alt=\"\" loading=\"lazy\" data-attachment-id=\"6687\" data-permalink=\"https:\/\/www.zoom--in.it\/index.php\/2019\/12\/17\/ciclismo-bandiera-nera\/tumblr_msif1hoz8i1qjfjdzo1_1280-1\/\" data-orig-file=\"https:\/\/i0.wp.com\/www.zoom--in.it\/wp-content\/uploads\/2019\/12\/tumblr_msif1hoz8I1qjfjdzo1_1280-1.jpg?fit=676%2C687&amp;ssl=1\" data-orig-size=\"676,687\" data-comments-opened=\"1\" data-image-meta=\"{&quot;aperture&quot;:&quot;0&quot;,&quot;credit&quot;:&quot;Picasa&quot;,&quot;camera&quot;:&quot;&quot;,&quot;caption&quot;:&quot;&quot;,&quot;created_timestamp&quot;:&quot;1372283058&quot;,&quot;copyright&quot;:&quot;&quot;,&quot;focal_length&quot;:&quot;0&quot;,&quot;iso&quot;:&quot;0&quot;,&quot;shutter_speed&quot;:&quot;0&quot;,&quot;title&quot;:&quot;&quot;,&quot;orientation&quot;:&quot;0&quot;}\" data-image-title=\"tumblr_msif1hoz8I1qjfjdzo1_1280-1\" data-image-description=\"\" data-image-caption=\"\" data-medium-file=\"https:\/\/i0.wp.com\/www.zoom--in.it\/wp-content\/uploads\/2019\/12\/tumblr_msif1hoz8I1qjfjdzo1_1280-1.jpg?fit=295%2C300&amp;ssl=1\" data-large-file=\"https:\/\/i0.wp.com\/www.zoom--in.it\/wp-content\/uploads\/2019\/12\/tumblr_msif1hoz8I1qjfjdzo1_1280-1.jpg?fit=640%2C650&amp;ssl=1\" \/>\t\t\t\t\t\t\t\t\t\t\t\t\t\t<\/div>\n\t\t\t\t\t\t<\/div>\n\t\t\t\t<\/div>\n\t\t\t\t\t\t<\/div>\n\t\t\t\t\t<\/div>\n\t\t<\/div>\n\t\t\t\t\t\t\t\t<\/div>\n\t\t\t\t\t<\/div>\n\t\t<\/section>\n\t\t\t\t<section class=\"elementor-section elementor-top-section elementor-element elementor-element-4fa7471 elementor-section-boxed elementor-section-height-default elementor-section-height-default\" data-id=\"4fa7471\" data-element_type=\"section\">\n\t\t\t\t\t\t<div class=\"elementor-container elementor-column-gap-default\">\n\t\t\t\t\t\t\t<div class=\"elementor-row\">\n\t\t\t\t\t<div class=\"elementor-column elementor-col-100 elementor-top-column elementor-element elementor-element-ae4bb0f\" data-id=\"ae4bb0f\" data-element_type=\"column\">\n\t\t\t<div class=\"elementor-column-wrap elementor-element-populated\">\n\t\t\t\t\t\t\t<div class=\"elementor-widget-wrap\">\n\t\t\t\t\t\t<div class=\"elementor-element elementor-element-671c2b0 elementor-widget elementor-widget-text-editor\" data-id=\"671c2b0\" data-element_type=\"widget\" data-widget_type=\"text-editor.default\">\n\t\t\t\t<div class=\"elementor-widget-container\">\n\t\t\t\t\t\t\t\t<div class=\"elementor-text-editor elementor-clearfix\">\n\t\t\t\t<p>E\u2019 di pochi giorni fa, la dipartita di Raymond Poulidor, infelice e -lui s\u00ec, davvero- eterno secondo.<br \/>83 anni, l\u2019ex ciclista francese \u00e8 rimasto noto per un bizzarro primato: \u00e8 arrivato molte volte alle spalle del grande rivale Jacques Anquetil, ma anche -in tempi successivi- dietro Gimondi e Merckx. Poulidor fu un forte scalatore, non vinse mai il Tour de France e non indoss\u00f2 nemmeno per un giorno la maglia gialla. Per\u00f2, detiene un altro, notevole record: quello di essere finito pi\u00f9 volte sul podio finale del Tour. Per otto volte, tra il 1962 e il 1976, nella lunga e faticosa carriera, la sua generosit\u00e0 \u00e8 stata premiata con un secondo e un terzo posto finale\u2026<br \/>Per non parlare del primato della longevit\u00e0 sportiva:\u00a0 nel 1976, a 40 anni compiuti, \u00e8 arrivato terzo nella classifica generale della Grande Boucle, per la terza ed ultima volta.<br \/>Vinse una Vuelta di Spagna, una Freccia Vallone e una Milano-Sanremo, oltre a 7 tappe al Tour de France. Divenne comunque molto popolare e ammirato dai tifosi: faticatore, con un modo \u201cantico\u201d di correre, in vera antitesi di Jacques Anquetil, calcolatore -non per niente, re del cronometro- moderno, elegante, seduttore e fumatore. Da noi Coppi e Bartali, poi una sequela di rivalit\u00e0 frazionate. In Francia, Anquetil e Poulidor.\u00a0<\/p><p>Adieu Raymond, Felice, Jacques!<\/p>\t\t\t\t\t<\/div>\n\t\t\t\t\t\t<\/div>\n\t\t\t\t<\/div>\n\t\t\t\t\t\t<\/div>\n\t\t\t\t\t<\/div>\n\t\t<\/div>\n\t\t\t\t\t\t\t\t<\/div>\n\t\t\t\t\t<\/div>\n\t\t<\/section>\n\t\t\t\t<section class=\"elementor-section elementor-top-section elementor-element elementor-element-bf73bfa elementor-section-boxed elementor-section-height-default elementor-section-height-default\" data-id=\"bf73bfa\" data-element_type=\"section\">\n\t\t\t\t\t\t<div class=\"elementor-container elementor-column-gap-default\">\n\t\t\t\t\t\t\t<div class=\"elementor-row\">\n\t\t\t\t\t<div class=\"elementor-column elementor-col-100 elementor-top-column elementor-element elementor-element-c9d0b2a\" data-id=\"c9d0b2a\" data-element_type=\"column\">\n\t\t\t<div class=\"elementor-column-wrap elementor-element-populated\">\n\t\t\t\t\t\t\t<div class=\"elementor-widget-wrap\">\n\t\t\t\t\t\t<div class=\"elementor-element elementor-element-8ed28bf elementor-widget elementor-widget-image\" data-id=\"8ed28bf\" data-element_type=\"widget\" data-widget_type=\"image.default\">\n\t\t\t\t<div class=\"elementor-widget-container\">\n\t\t\t\t\t\t\t\t<div class=\"elementor-image\">\n\t\t\t\t\t\t\t\t\t\t\t\t<img width=\"620\" height=\"340\" src=\"https:\/\/i0.wp.com\/www.zoom--in.it\/wp-content\/uploads\/2019\/12\/4859988_1106_france_obit_poulidor.jpg?fit=620%2C340&amp;ssl=1\" class=\"attachment-large size-large\" alt=\"\" loading=\"lazy\" data-attachment-id=\"6686\" data-permalink=\"https:\/\/www.zoom--in.it\/index.php\/2019\/12\/17\/ciclismo-bandiera-nera\/4859988_1106_france_obit_poulidor\/\" data-orig-file=\"https:\/\/i0.wp.com\/www.zoom--in.it\/wp-content\/uploads\/2019\/12\/4859988_1106_france_obit_poulidor.jpg?fit=620%2C340&amp;ssl=1\" data-orig-size=\"620,340\" data-comments-opened=\"1\" data-image-meta=\"{&quot;aperture&quot;:&quot;0&quot;,&quot;credit&quot;:&quot;&quot;,&quot;camera&quot;:&quot;&quot;,&quot;caption&quot;:&quot;&quot;,&quot;created_timestamp&quot;:&quot;0&quot;,&quot;copyright&quot;:&quot;&quot;,&quot;focal_length&quot;:&quot;0&quot;,&quot;iso&quot;:&quot;0&quot;,&quot;shutter_speed&quot;:&quot;0&quot;,&quot;title&quot;:&quot;&quot;,&quot;orientation&quot;:&quot;0&quot;}\" data-image-title=\"4859988_1106_france_obit_poulidor\" data-image-description=\"\" data-image-caption=\"\" data-medium-file=\"https:\/\/i0.wp.com\/www.zoom--in.it\/wp-content\/uploads\/2019\/12\/4859988_1106_france_obit_poulidor.jpg?fit=300%2C165&amp;ssl=1\" data-large-file=\"https:\/\/i0.wp.com\/www.zoom--in.it\/wp-content\/uploads\/2019\/12\/4859988_1106_france_obit_poulidor.jpg?fit=620%2C340&amp;ssl=1\" \/>\t\t\t\t\t\t\t\t\t\t\t\t\t\t<\/div>\n\t\t\t\t\t\t<\/div>\n\t\t\t\t<\/div>\n\t\t\t\t\t\t<\/div>\n\t\t\t\t\t<\/div>\n\t\t<\/div>\n\t\t\t\t\t\t\t\t<\/div>\n\t\t\t\t\t<\/div>\n\t\t<\/section>\n\t\t\t\t<section class=\"elementor-section elementor-top-section elementor-element elementor-element-58403b7 elementor-section-boxed elementor-section-height-default elementor-section-height-default\" data-id=\"58403b7\" data-element_type=\"section\">\n\t\t\t\t\t\t<div class=\"elementor-container elementor-column-gap-default\">\n\t\t\t\t\t\t\t<div class=\"elementor-row\">\n\t\t\t\t\t<div class=\"elementor-column elementor-col-100 elementor-top-column elementor-element elementor-element-41824ce\" data-id=\"41824ce\" data-element_type=\"column\">\n\t\t\t<div class=\"elementor-column-wrap elementor-element-populated\">\n\t\t\t\t\t\t\t<div class=\"elementor-widget-wrap\">\n\t\t\t\t\t\t<div class=\"elementor-element elementor-element-b6e0455 elementor-widget elementor-widget-text-editor\" data-id=\"b6e0455\" data-element_type=\"widget\" data-widget_type=\"text-editor.default\">\n\t\t\t\t<div class=\"elementor-widget-container\">\n\t\t\t\t\t\t\t\t<div class=\"elementor-text-editor elementor-clearfix\">\n\t\t\t\t<p>Ma ci\u00f2 che rattrista ancor di pi\u00f9 -se \u00e8 possibile stilare una classifica- \u00e8 la notizia pervenuta dal Piccolo Giro di Lombardia: il 6 di Ottobre, incidente auto contro bicicletta,\u00a0 quella del diciannovenne olandese Edo Maas che viene ferito gravemente; immediatamente ospedalizzato, subisce lunghi interventi chirurgici. Ora si teme per il suo futuro, che i medici predicono da paraplegico. Subito l\u2019augurio di tutta la redazione \u00e8 che in lui si scateni il Guerriero, che lo riporti a camminare e a pedalare: la volont\u00e0 \u00e8 pi\u00f9 forte anche dei pi\u00f9 terribili incidenti di percorso. Forza EDO !\u00a0<\/p>\t\t\t\t\t<\/div>\n\t\t\t\t\t\t<\/div>\n\t\t\t\t<\/div>\n\t\t\t\t\t\t<\/div>\n\t\t\t\t\t<\/div>\n\t\t<\/div>\n\t\t\t\t\t\t\t\t<\/div>\n\t\t\t\t\t<\/div>\n\t\t<\/section>\n\t\t\t\t<section class=\"elementor-section elementor-top-section elementor-element elementor-element-7bc9856 elementor-section-boxed elementor-section-height-default elementor-section-height-default\" data-id=\"7bc9856\" data-element_type=\"section\">\n\t\t\t\t\t\t<div class=\"elementor-container elementor-column-gap-default\">\n\t\t\t\t\t\t\t<div class=\"elementor-row\">\n\t\t\t\t\t<div class=\"elementor-column elementor-col-100 elementor-top-column elementor-element elementor-element-30b72a6\" data-id=\"30b72a6\" data-element_type=\"column\">\n\t\t\t<div class=\"elementor-column-wrap elementor-element-populated\">\n\t\t\t\t\t\t\t<div class=\"elementor-widget-wrap\">\n\t\t\t\t\t\t<div class=\"elementor-element elementor-element-9df249a elementor-aspect-ratio-169 elementor-widget elementor-widget-video\" data-id=\"9df249a\" data-element_type=\"widget\" data-settings=\"{&quot;youtube_url&quot;:&quot;https:\\\/\\\/www.youtube.com\\\/watch?v=4X2N1HmUdYo&quot;,&quot;video_type&quot;:&quot;youtube&quot;,&quot;controls&quot;:&quot;yes&quot;,&quot;aspect_ratio&quot;:&quot;169&quot;}\" data-widget_type=\"video.default\">\n\t\t\t\t<div class=\"elementor-widget-container\">\n\t\t\t\t\t<div class=\"elementor-wrapper elementor-fit-aspect-ratio elementor-open-inline\">\n\t\t\t<div class=\"elementor-video\"><\/div>\t\t<\/div>\n\t\t\t\t<\/div>\n\t\t\t\t<\/div>\n\t\t\t\t\t\t<\/div>\n\t\t\t\t\t<\/div>\n\t\t<\/div>\n\t\t\t\t\t\t\t\t<\/div>\n\t\t\t\t\t<\/div>\n\t\t<\/section>\n\t\t\t\t<section class=\"elementor-section elementor-top-section elementor-element elementor-element-b2885a0 elementor-section-boxed elementor-section-height-default elementor-section-height-default\" data-id=\"b2885a0\" data-element_type=\"section\">\n\t\t\t\t\t\t<div class=\"elementor-container elementor-column-gap-default\">\n\t\t\t\t\t\t\t<div class=\"elementor-row\">\n\t\t\t\t\t<div class=\"elementor-column elementor-col-100 elementor-top-column elementor-element elementor-element-35b4935\" data-id=\"35b4935\" data-element_type=\"column\">\n\t\t\t<div class=\"elementor-column-wrap elementor-element-populated\">\n\t\t\t\t\t\t\t<div class=\"elementor-widget-wrap\">\n\t\t\t\t\t\t<div class=\"elementor-element elementor-element-1658a52 elementor-widget elementor-widget-text-editor\" data-id=\"1658a52\" data-element_type=\"widget\" data-widget_type=\"text-editor.default\">\n\t\t\t\t<div class=\"elementor-widget-container\">\n\t\t\t\t\t\t\t\t<div class=\"elementor-text-editor elementor-clearfix\">\n\t\t\t\t<p>Ultim\u2019ora:<br \/>Mentre stiamo per andare online, oggi 22 Novembre 2019, veniamo a sapere che il CiclismoDonne non ci fa mancare una notizia di cui avremmo fatto volentieri a meno.<br \/>Letizia Paternoster \u00e8 stata travolta da un&#8217;auto questa mattina a Riva del Garda mentre stava in sella alla sua bicicletta da corsa. Ha riportato la frattura &#8211; fortunatamente\u00a0\u201ccomposta\u201dsenza necessit\u00e0 di intervento chirurgico- dello scafoide e ha picchiato il volto rompendosi un dente.<br \/>Letizia ha venti anni ed \u00e8 pluri-medagliata nelle fila giovanili, sino a livello mondiale.<\/p>\t\t\t\t\t<\/div>\n\t\t\t\t\t\t<\/div>\n\t\t\t\t<\/div>\n\t\t\t\t\t\t<\/div>\n\t\t\t\t\t<\/div>\n\t\t<\/div>\n\t\t\t\t\t\t\t\t<\/div>\n\t\t\t\t\t<\/div>\n\t\t<\/section>\n\t\t\t\t<section class=\"elementor-section elementor-top-section elementor-element elementor-element-148a467 elementor-section-boxed elementor-section-height-default elementor-section-height-default\" data-id=\"148a467\" data-element_type=\"section\">\n\t\t\t\t\t\t<div class=\"elementor-container elementor-column-gap-default\">\n\t\t\t\t\t\t\t<div class=\"elementor-row\">\n\t\t\t\t\t<div class=\"elementor-column elementor-col-100 elementor-top-column elementor-element elementor-element-36aecc3\" data-id=\"36aecc3\" data-element_type=\"column\">\n\t\t\t<div class=\"elementor-column-wrap elementor-element-populated\">\n\t\t\t\t\t\t\t<div class=\"elementor-widget-wrap\">\n\t\t\t\t\t\t<div class=\"elementor-element elementor-element-b4793d2 elementor-widget elementor-widget-image\" data-id=\"b4793d2\" data-element_type=\"widget\" data-widget_type=\"image.default\">\n\t\t\t\t<div class=\"elementor-widget-container\">\n\t\t\t\t\t\t\t\t<div class=\"elementor-image\">\n\t\t\t\t\t\t\t\t\t\t\t\t<img width=\"640\" height=\"426\" src=\"https:\/\/i0.wp.com\/www.zoom--in.it\/wp-content\/uploads\/2019\/12\/1565424111-paternoster.jpg?fit=640%2C426&amp;ssl=1\" class=\"attachment-large size-large\" alt=\"\" loading=\"lazy\" data-attachment-id=\"6684\" data-permalink=\"https:\/\/www.zoom--in.it\/index.php\/2019\/12\/17\/ciclismo-bandiera-nera\/santos-tour-down-under-2019\/\" data-orig-file=\"https:\/\/i0.wp.com\/www.zoom--in.it\/wp-content\/uploads\/2019\/12\/1565424111-paternoster.jpg?fit=2000%2C1333&amp;ssl=1\" data-orig-size=\"2000,1333\" data-comments-opened=\"1\" data-image-meta=\"{&quot;aperture&quot;:&quot;5.6&quot;,&quot;credit&quot;:&quot;\\u00a9BettiniPhoto&quot;,&quot;camera&quot;:&quot;NIKON D4S&quot;,&quot;caption&quot;:&quot;Santos Tour Down Under 2019 - Womens - Teams Presentation - 12\\\/01\\\/2019 - Letizia Paternoster (ITA - Trek Segafredo) - photo Dario Belingheri\\\/BettiniPhoto\\u00a92019&quot;,&quot;created_timestamp&quot;:&quot;1547290018&quot;,&quot;copyright&quot;:&quot;@BettiniPhoto&quot;,&quot;focal_length&quot;:&quot;400&quot;,&quot;iso&quot;:&quot;1600&quot;,&quot;shutter_speed&quot;:&quot;0.00125&quot;,&quot;title&quot;:&quot;Santos Tour Down Under 2019&quot;,&quot;orientation&quot;:&quot;1&quot;}\" data-image-title=\"Santos Tour Down Under 2019\" data-image-description=\"\" data-image-caption=\"&lt;p&gt;Santos Tour Down Under 2019 &#8211; Womens &#8211; Teams Presentation &#8211; 12\/01\/2019 &#8211; Letizia Paternoster (ITA &#8211; Trek Segafredo) &#8211; photo Dario Belingheri\/BettiniPhoto\u00a92019&lt;\/p&gt;\n\" data-medium-file=\"https:\/\/i0.wp.com\/www.zoom--in.it\/wp-content\/uploads\/2019\/12\/1565424111-paternoster.jpg?fit=300%2C200&amp;ssl=1\" data-large-file=\"https:\/\/i0.wp.com\/www.zoom--in.it\/wp-content\/uploads\/2019\/12\/1565424111-paternoster.jpg?fit=640%2C426&amp;ssl=1\" \/>\t\t\t\t\t\t\t\t\t\t\t\t\t\t<\/div>\n\t\t\t\t\t\t<\/div>\n\t\t\t\t<\/div>\n\t\t\t\t\t\t<\/div>\n\t\t\t\t\t<\/div>\n\t\t<\/div>\n\t\t\t\t\t\t\t\t<\/div>\n\t\t\t\t\t<\/div>\n\t\t<\/section>\n\t\t\t\t<section class=\"elementor-section elementor-top-section elementor-element elementor-element-6a825c5 elementor-section-boxed elementor-section-height-default elementor-section-height-default\" data-id=\"6a825c5\" data-element_type=\"section\">\n\t\t\t\t\t\t<div class=\"elementor-container elementor-column-gap-default\">\n\t\t\t\t\t\t\t<div class=\"elementor-row\">\n\t\t\t\t\t<div class=\"elementor-column elementor-col-100 elementor-top-column elementor-element elementor-element-3c0519f\" data-id=\"3c0519f\" data-element_type=\"column\">\n\t\t\t<div class=\"elementor-column-wrap elementor-element-populated\">\n\t\t\t\t\t\t\t<div class=\"elementor-widget-wrap\">\n\t\t\t\t\t\t<div class=\"elementor-element elementor-element-b2655dc elementor-widget elementor-widget-text-editor\" data-id=\"b2655dc\" data-element_type=\"widget\" data-widget_type=\"text-editor.default\">\n\t\t\t\t<div class=\"elementor-widget-container\">\n\t\t\t\t\t\t\t\t<div class=\"elementor-text-editor elementor-clearfix\">\n\t\t\t\t<p>A Moncalieri (Torino) la 32enne Bussi, detentrice del record femminile dell&#8217;ora, \u00e8 stata investita da un\u2019auto ed \u00e8 stata poi ricoverata per una sospetta frattura della clavicola sinistra. L&#8217;investitore ha prestato subito i primi soccorsi. si \u00e8 fermato a soccorrerla. Bussi detiene il record dell&#8217;ora femminile &#8211; 48,007 chilometri &#8211; stabilito il 13 settembre 2018 ad Aguascalientes, in Messico. Nel 2019 \u00e8 stata convocata in Nazionale per le prove a cronometro dei campionati europei di Alkmaar e dei campionati del mondo nello Yorkshire.<\/p>\t\t\t\t\t<\/div>\n\t\t\t\t\t\t<\/div>\n\t\t\t\t<\/div>\n\t\t\t\t\t\t<\/div>\n\t\t\t\t\t<\/div>\n\t\t<\/div>\n\t\t\t\t\t\t\t\t<\/div>\n\t\t\t\t\t<\/div>\n\t\t<\/section>\n\t\t\t\t<section class=\"elementor-section elementor-top-section elementor-element elementor-element-2f70be2 elementor-section-boxed elementor-section-height-default elementor-section-height-default\" data-id=\"2f70be2\" data-element_type=\"section\">\n\t\t\t\t\t\t<div class=\"elementor-container elementor-column-gap-default\">\n\t\t\t\t\t\t\t<div class=\"elementor-row\">\n\t\t\t\t\t<div class=\"elementor-column elementor-col-100 elementor-top-column elementor-element elementor-element-4ca297d\" data-id=\"4ca297d\" data-element_type=\"column\">\n\t\t\t<div class=\"elementor-column-wrap elementor-element-populated\">\n\t\t\t\t\t\t\t<div class=\"elementor-widget-wrap\">\n\t\t\t\t\t\t<div class=\"elementor-element elementor-element-b3250fa elementor-widget elementor-widget-image\" data-id=\"b3250fa\" data-element_type=\"widget\" data-widget_type=\"image.default\">\n\t\t\t\t<div class=\"elementor-widget-container\">\n\t\t\t\t\t\t\t\t<div class=\"elementor-image\">\n\t\t\t\t\t\t\t\t\t\t\t\t<img width=\"640\" height=\"475\" src=\"https:\/\/i0.wp.com\/www.zoom--in.it\/wp-content\/uploads\/2019\/12\/18bussitentativo.jpg?fit=640%2C475&amp;ssl=1\" class=\"attachment-large size-large\" alt=\"\" loading=\"lazy\" data-attachment-id=\"6685\" data-permalink=\"https:\/\/www.zoom--in.it\/index.php\/2019\/12\/17\/ciclismo-bandiera-nera\/18bussitentativo\/\" data-orig-file=\"https:\/\/i0.wp.com\/www.zoom--in.it\/wp-content\/uploads\/2019\/12\/18bussitentativo.jpg?fit=902%2C670&amp;ssl=1\" data-orig-size=\"902,670\" data-comments-opened=\"1\" data-image-meta=\"{&quot;aperture&quot;:&quot;0&quot;,&quot;credit&quot;:&quot;&quot;,&quot;camera&quot;:&quot;&quot;,&quot;caption&quot;:&quot;&quot;,&quot;created_timestamp&quot;:&quot;0&quot;,&quot;copyright&quot;:&quot;&quot;,&quot;focal_length&quot;:&quot;0&quot;,&quot;iso&quot;:&quot;0&quot;,&quot;shutter_speed&quot;:&quot;0&quot;,&quot;title&quot;:&quot;&quot;,&quot;orientation&quot;:&quot;1&quot;}\" data-image-title=\"18bussitentativo\" data-image-description=\"\" data-image-caption=\"\" data-medium-file=\"https:\/\/i0.wp.com\/www.zoom--in.it\/wp-content\/uploads\/2019\/12\/18bussitentativo.jpg?fit=300%2C223&amp;ssl=1\" data-large-file=\"https:\/\/i0.wp.com\/www.zoom--in.it\/wp-content\/uploads\/2019\/12\/18bussitentativo.jpg?fit=640%2C475&amp;ssl=1\" \/>\t\t\t\t\t\t\t\t\t\t\t\t\t\t<\/div>\n\t\t\t\t\t\t<\/div>\n\t\t\t\t<\/div>\n\t\t\t\t\t\t<\/div>\n\t\t\t\t\t<\/div>\n\t\t<\/div>\n\t\t\t\t\t\t\t\t<\/div>\n\t\t\t\t\t<\/div>\n\t\t<\/section>\n\t\t\t\t<section class=\"elementor-section elementor-top-section elementor-element elementor-element-889d9a5 elementor-section-boxed elementor-section-height-default elementor-section-height-default\" data-id=\"889d9a5\" data-element_type=\"section\">\n\t\t\t\t\t\t<div class=\"elementor-container elementor-column-gap-default\">\n\t\t\t\t\t\t\t<div class=\"elementor-row\">\n\t\t\t\t\t<div class=\"elementor-column elementor-col-100 elementor-top-column elementor-element elementor-element-105adb1\" data-id=\"105adb1\" data-element_type=\"column\">\n\t\t\t<div class=\"elementor-column-wrap elementor-element-populated\">\n\t\t\t\t\t\t\t<div class=\"elementor-widget-wrap\">\n\t\t\t\t\t\t<div class=\"elementor-element elementor-element-34e4175 elementor-widget elementor-widget-text-editor\" data-id=\"34e4175\" data-element_type=\"widget\" data-widget_type=\"text-editor.default\">\n\t\t\t\t<div class=\"elementor-widget-container\">\n\t\t\t\t\t\t\t\t<div class=\"elementor-text-editor elementor-clearfix\">\n\t\t\t\t<p>Auguri solidali a Edo Maas, Letizia Paternoster e Vittoria Bussi. E speriamo che smetta di sventolare questa bandiera della peste, agitata sulle file del ciclismo, antico e attuale. Soprattutto: venga rafforzata ogni possibile misura di sicurezza per cicliste e ciclisti, sia dilettanti, sia di professione.<\/p>\t\t\t\t\t<\/div>\n\t\t\t\t\t\t<\/div>\n\t\t\t\t<\/div>\n\t\t\t\t\t\t<\/div>\n\t\t\t\t\t<\/div>\n\t\t<\/div>\n\t\t\t\t\t\t\t\t<\/div>\n\t\t\t\t\t<\/div>\n\t\t<\/section>\n\t\t\t\t<section class=\"elementor-section elementor-top-section elementor-element elementor-element-77add21 elementor-section-boxed elementor-section-height-default elementor-section-height-default\" data-id=\"77add21\" data-element_type=\"section\">\n\t\t\t\t\t\t<div class=\"elementor-container elementor-column-gap-default\">\n\t\t\t\t\t\t\t<div class=\"elementor-row\">\n\t\t\t\t\t<div class=\"elementor-column elementor-col-100 elementor-top-column elementor-element elementor-element-e36ab3e\" data-id=\"e36ab3e\" data-element_type=\"column\">\n\t\t\t<div class=\"elementor-column-wrap elementor-element-populated\">\n\t\t\t\t\t\t\t<div class=\"elementor-widget-wrap\">\n\t\t\t\t\t\t<div class=\"elementor-element elementor-element-7c1595d elementor-widget elementor-widget-text-editor\" data-id=\"7c1595d\" data-element_type=\"widget\" data-widget_type=\"text-editor.default\">\n\t\t\t\t<div class=\"elementor-widget-container\">\n\t\t\t\t\t\t\t\t<div class=\"elementor-text-editor elementor-clearfix\">\n\t\t\t\t<p style=\"text-align: right;\"><strong>Redazionale<\/strong><\/p>\t\t\t\t\t<\/div>\n\t\t\t\t\t\t<\/div>\n\t\t\t\t<\/div>\n\t\t\t\t\t\t<\/div>\n\t\t\t\t\t<\/div>\n\t\t<\/div>\n\t\t\t\t\t\t\t\t<\/div>\n\t\t\t\t\t<\/div>\n\t\t<\/section>\n\t\t\t\t\t\t\t\t\t<\/div>\n\t\t\t<\/div>\n\t\t\t\t\t<\/div>\n\t\t","protected":false},"excerpt":{"rendered":"<p>CICLISMO BANDIERA NERA Ciclismo:Mesi travagliati. Da poche settimane ci aveva lasciato l\u2019indimenticato Felice Gimondi, un<\/p>\n","protected":false},"author":1,"featured_media":6683,"comment_status":"open","ping_status":"open","sticky":false,"template":"","format":"standard","meta":{"spay_email":""},"categories":[3],"tags":[],"yoast_head":"<!-- This site is optimized with the Yoast SEO plugin v19.4 - https:\/\/yoast.com\/wordpress\/plugins\/seo\/ -->\n<title>CICLISMO BANDIERA NERA - ZoomIN Magazine<\/title>\n<meta name=\"robots\" content=\"index, follow, max-snippet:-1, max-image-preview:large, max-video-preview:-1\" \/>\n<link rel=\"canonical\" href=\"https:\/\/www.zoom--in.it\/index.php\/2019\/12\/17\/ciclismo-bandiera-nera\/\" \/>\n<meta property=\"og:locale\" content=\"it_IT\" \/>\n<meta property=\"og:type\" content=\"article\" \/>\n<meta property=\"og:title\" content=\"CICLISMO BANDIERA NERA - ZoomIN Magazine\" \/>\n<meta property=\"og:description\" content=\"CICLISMO BANDIERA NERA Ciclismo:Mesi travagliati. Da poche settimane ci aveva lasciato l\u2019indimenticato Felice Gimondi, un\" \/>\n<meta property=\"og:url\" content=\"https:\/\/www.zoom--in.it\/index.php\/2019\/12\/17\/ciclismo-bandiera-nera\/\" \/>\n<meta property=\"og:site_name\" content=\"ZoomIN Magazine\" \/>\n<meta property=\"article:published_time\" content=\"2019-12-17T17:03:20+00:00\" \/>\n<meta property=\"article:modified_time\" content=\"2019-12-17T17:14:06+00:00\" \/>\n<meta property=\"og:image\" content=\"https:\/\/www.zoom--in.it\/wp-content\/uploads\/2019\/12\/Edo-Maas.jpg\" \/>\n\t<meta property=\"og:image:width\" content=\"2001\" \/>\n\t<meta property=\"og:image:height\" content=\"1332\" \/>\n\t<meta property=\"og:image:type\" content=\"image\/jpeg\" \/>\n<meta name=\"author\" content=\"Redazione\" \/>\n<meta name=\"twitter:card\" content=\"summary_large_image\" \/>\n<meta name=\"twitter:label1\" content=\"Scritto da\" \/>\n\t<meta name=\"twitter:data1\" content=\"Redazione\" \/>\n\t<meta name=\"twitter:label2\" content=\"Tempo di lettura stimato\" \/>\n\t<meta name=\"twitter:data2\" content=\"4 minuti\" \/>\n<script type=\"application\/ld+json\" class=\"yoast-schema-graph\">{\"@context\":\"https:\/\/schema.org\",\"@graph\":[{\"@type\":\"Organization\",\"@id\":\"https:\/\/www.zoom--in.it\/#organization\",\"name\":\"ZoomIN Magazine\",\"url\":\"https:\/\/www.zoom--in.it\/\",\"sameAs\":[],\"logo\":{\"@type\":\"ImageObject\",\"inLanguage\":\"it-IT\",\"@id\":\"https:\/\/www.zoom--in.it\/#\/schema\/logo\/image\/\",\"url\":\"https:\/\/i0.wp.com\/www.zoom--in.it\/wp-content\/uploads\/2018\/11\/cropped-final.png?fit=568%2C237&ssl=1\",\"contentUrl\":\"https:\/\/i0.wp.com\/www.zoom--in.it\/wp-content\/uploads\/2018\/11\/cropped-final.png?fit=568%2C237&ssl=1\",\"width\":568,\"height\":237,\"caption\":\"ZoomIN Magazine\"},\"image\":{\"@id\":\"https:\/\/www.zoom--in.it\/#\/schema\/logo\/image\/\"}},{\"@type\":\"WebSite\",\"@id\":\"https:\/\/www.zoom--in.it\/#website\",\"url\":\"https:\/\/www.zoom--in.it\/\",\"name\":\"ZoomIN Magazine\",\"description\":\"Magazine Online libero e senza pubblicit\u00e0, pieno di rubriche e curiosit\u00e0\",\"publisher\":{\"@id\":\"https:\/\/www.zoom--in.it\/#organization\"},\"potentialAction\":[{\"@type\":\"SearchAction\",\"target\":{\"@type\":\"EntryPoint\",\"urlTemplate\":\"https:\/\/www.zoom--in.it\/?s={search_term_string}\"},\"query-input\":\"required name=search_term_string\"}],\"inLanguage\":\"it-IT\"},{\"@type\":\"WebPage\",\"@id\":\"https:\/\/www.zoom--in.it\/index.php\/2019\/12\/17\/ciclismo-bandiera-nera\/\",\"url\":\"https:\/\/www.zoom--in.it\/index.php\/2019\/12\/17\/ciclismo-bandiera-nera\/\",\"name\":\"CICLISMO BANDIERA NERA - ZoomIN Magazine\",\"isPartOf\":{\"@id\":\"https:\/\/www.zoom--in.it\/#website\"},\"datePublished\":\"2019-12-17T17:03:20+00:00\",\"dateModified\":\"2019-12-17T17:14:06+00:00\",\"breadcrumb\":{\"@id\":\"https:\/\/www.zoom--in.it\/index.php\/2019\/12\/17\/ciclismo-bandiera-nera\/#breadcrumb\"},\"inLanguage\":\"it-IT\",\"potentialAction\":[{\"@type\":\"ReadAction\",\"target\":[\"https:\/\/www.zoom--in.it\/index.php\/2019\/12\/17\/ciclismo-bandiera-nera\/\"]}]},{\"@type\":\"BreadcrumbList\",\"@id\":\"https:\/\/www.zoom--in.it\/index.php\/2019\/12\/17\/ciclismo-bandiera-nera\/#breadcrumb\",\"itemListElement\":[{\"@type\":\"ListItem\",\"position\":1,\"name\":\"Home\",\"item\":\"https:\/\/www.zoom--in.it\/\"},{\"@type\":\"ListItem\",\"position\":2,\"name\":\"CICLISMO BANDIERA NERA\"}]},{\"@type\":\"Article\",\"@id\":\"https:\/\/www.zoom--in.it\/index.php\/2019\/12\/17\/ciclismo-bandiera-nera\/#article\",\"isPartOf\":{\"@id\":\"https:\/\/www.zoom--in.it\/index.php\/2019\/12\/17\/ciclismo-bandiera-nera\/\"},\"author\":{\"name\":\"Redazione\",\"@id\":\"https:\/\/www.zoom--in.it\/#\/schema\/person\/95a8fc2bd1cf71e9d305e2e6527c2c05\"},\"headline\":\"CICLISMO BANDIERA NERA\",\"datePublished\":\"2019-12-17T17:03:20+00:00\",\"dateModified\":\"2019-12-17T17:14:06+00:00\",\"mainEntityOfPage\":{\"@id\":\"https:\/\/www.zoom--in.it\/index.php\/2019\/12\/17\/ciclismo-bandiera-nera\/\"},\"wordCount\":795,\"commentCount\":0,\"publisher\":{\"@id\":\"https:\/\/www.zoom--in.it\/#organization\"},\"articleSection\":[\"Mondo\"],\"inLanguage\":\"it-IT\",\"potentialAction\":[{\"@type\":\"CommentAction\",\"name\":\"Comment\",\"target\":[\"https:\/\/www.zoom--in.it\/index.php\/2019\/12\/17\/ciclismo-bandiera-nera\/#respond\"]}]},{\"@type\":\"Person\",\"@id\":\"https:\/\/www.zoom--in.it\/#\/schema\/person\/95a8fc2bd1cf71e9d305e2e6527c2c05\",\"name\":\"Redazione\",\"url\":\"https:\/\/www.zoom--in.it\/index.php\/author\/zenalois_o704dnqj\/\"}]}<\/script>\n<!-- \/ Yoast SEO plugin. -->","yoast_head_json":{"title":"CICLISMO BANDIERA NERA - ZoomIN Magazine","robots":{"index":"index","follow":"follow","max-snippet":"max-snippet:-1","max-image-preview":"max-image-preview:large","max-video-preview":"max-video-preview:-1"},"canonical":"https:\/\/www.zoom--in.it\/index.php\/2019\/12\/17\/ciclismo-bandiera-nera\/","og_locale":"it_IT","og_type":"article","og_title":"CICLISMO BANDIERA NERA - ZoomIN Magazine","og_description":"CICLISMO BANDIERA NERA Ciclismo:Mesi travagliati. Da poche settimane ci aveva lasciato l\u2019indimenticato Felice Gimondi, un","og_url":"https:\/\/www.zoom--in.it\/index.php\/2019\/12\/17\/ciclismo-bandiera-nera\/","og_site_name":"ZoomIN Magazine","article_published_time":"2019-12-17T17:03:20+00:00","article_modified_time":"2019-12-17T17:14:06+00:00","og_image":[{"width":2001,"height":1332,"url":"https:\/\/www.zoom--in.it\/wp-content\/uploads\/2019\/12\/Edo-Maas.jpg","type":"image\/jpeg"}],"author":"Redazione","twitter_card":"summary_large_image","twitter_misc":{"Scritto da":"Redazione","Tempo di lettura stimato":"4 minuti"},"schema":{"@context":"https:\/\/schema.org","@graph":[{"@type":"Organization","@id":"https:\/\/www.zoom--in.it\/#organization","name":"ZoomIN Magazine","url":"https:\/\/www.zoom--in.it\/","sameAs":[],"logo":{"@type":"ImageObject","inLanguage":"it-IT","@id":"https:\/\/www.zoom--in.it\/#\/schema\/logo\/image\/","url":"https:\/\/i0.wp.com\/www.zoom--in.it\/wp-content\/uploads\/2018\/11\/cropped-final.png?fit=568%2C237&ssl=1","contentUrl":"https:\/\/i0.wp.com\/www.zoom--in.it\/wp-content\/uploads\/2018\/11\/cropped-final.png?fit=568%2C237&ssl=1","width":568,"height":237,"caption":"ZoomIN Magazine"},"image":{"@id":"https:\/\/www.zoom--in.it\/#\/schema\/logo\/image\/"}},{"@type":"WebSite","@id":"https:\/\/www.zoom--in.it\/#website","url":"https:\/\/www.zoom--in.it\/","name":"ZoomIN Magazine","description":"Magazine Online libero e senza pubblicit\u00e0, pieno di rubriche e curiosit\u00e0","publisher":{"@id":"https:\/\/www.zoom--in.it\/#organization"},"potentialAction":[{"@type":"SearchAction","target":{"@type":"EntryPoint","urlTemplate":"https:\/\/www.zoom--in.it\/?s={search_term_string}"},"query-input":"required name=search_term_string"}],"inLanguage":"it-IT"},{"@type":"WebPage","@id":"https:\/\/www.zoom--in.it\/index.php\/2019\/12\/17\/ciclismo-bandiera-nera\/","url":"https:\/\/www.zoom--in.it\/index.php\/2019\/12\/17\/ciclismo-bandiera-nera\/","name":"CICLISMO BANDIERA NERA - ZoomIN Magazine","isPartOf":{"@id":"https:\/\/www.zoom--in.it\/#website"},"datePublished":"2019-12-17T17:03:20+00:00","dateModified":"2019-12-17T17:14:06+00:00","breadcrumb":{"@id":"https:\/\/www.zoom--in.it\/index.php\/2019\/12\/17\/ciclismo-bandiera-nera\/#breadcrumb"},"inLanguage":"it-IT","potentialAction":[{"@type":"ReadAction","target":["https:\/\/www.zoom--in.it\/index.php\/2019\/12\/17\/ciclismo-bandiera-nera\/"]}]},{"@type":"BreadcrumbList","@id":"https:\/\/www.zoom--in.it\/index.php\/2019\/12\/17\/ciclismo-bandiera-nera\/#breadcrumb","itemListElement":[{"@type":"ListItem","position":1,"name":"Home","item":"https:\/\/www.zoom--in.it\/"},{"@type":"ListItem","position":2,"name":"CICLISMO BANDIERA NERA"}]},{"@type":"Article","@id":"https:\/\/www.zoom--in.it\/index.php\/2019\/12\/17\/ciclismo-bandiera-nera\/#article","isPartOf":{"@id":"https:\/\/www.zoom--in.it\/index.php\/2019\/12\/17\/ciclismo-bandiera-nera\/"},"author":{"name":"Redazione","@id":"https:\/\/www.zoom--in.it\/#\/schema\/person\/95a8fc2bd1cf71e9d305e2e6527c2c05"},"headline":"CICLISMO BANDIERA NERA","datePublished":"2019-12-17T17:03:20+00:00","dateModified":"2019-12-17T17:14:06+00:00","mainEntityOfPage":{"@id":"https:\/\/www.zoom--in.it\/index.php\/2019\/12\/17\/ciclismo-bandiera-nera\/"},"wordCount":795,"commentCount":0,"publisher":{"@id":"https:\/\/www.zoom--in.it\/#organization"},"articleSection":["Mondo"],"inLanguage":"it-IT","potentialAction":[{"@type":"CommentAction","name":"Comment","target":["https:\/\/www.zoom--in.it\/index.php\/2019\/12\/17\/ciclismo-bandiera-nera\/#respond"]}]},{"@type":"Person","@id":"https:\/\/www.zoom--in.it\/#\/schema\/person\/95a8fc2bd1cf71e9d305e2e6527c2c05","name":"Redazione","url":"https:\/\/www.zoom--in.it\/index.php\/author\/zenalois_o704dnqj\/"}]}},"jetpack_featured_media_url":"https:\/\/i0.wp.com\/www.zoom--in.it\/wp-content\/uploads\/2019\/12\/Edo-Maas.jpg?fit=2001%2C1332&ssl=1","jetpack_sharing_enabled":true,"jetpack_shortlink":"https:\/\/wp.me\/p9Zlh8-1JL","_links":{"self":[{"href":"https:\/\/www.zoom--in.it\/index.php\/wp-json\/wp\/v2\/posts\/6681"}],"collection":[{"href":"https:\/\/www.zoom--in.it\/index.php\/wp-json\/wp\/v2\/posts"}],"about":[{"href":"https:\/\/www.zoom--in.it\/index.php\/wp-json\/wp\/v2\/types\/post"}],"author":[{"embeddable":true,"href":"https:\/\/www.zoom--in.it\/index.php\/wp-json\/wp\/v2\/users\/1"}],"replies":[{"embeddable":true,"href":"https:\/\/www.zoom--in.it\/index.php\/wp-json\/wp\/v2\/comments?post=6681"}],"version-history":[{"count":9,"href":"https:\/\/www.zoom--in.it\/index.php\/wp-json\/wp\/v2\/posts\/6681\/revisions"}],"predecessor-version":[{"id":6696,"href":"https:\/\/www.zoom--in.it\/index.php\/wp-json\/wp\/v2\/posts\/6681\/revisions\/6696"}],"wp:featuredmedia":[{"embeddable":true,"href":"https:\/\/www.zoom--in.it\/index.php\/wp-json\/wp\/v2\/media\/6683"}],"wp:attachment":[{"href":"https:\/\/www.zoom--in.it\/index.php\/wp-json\/wp\/v2\/media?parent=6681"}],"wp:term":[{"taxonomy":"category","embeddable":true,"href":"https:\/\/www.zoom--in.it\/index.php\/wp-json\/wp\/v2\/categories?post=6681"},{"taxonomy":"post_tag","embeddable":true,"href":"https:\/\/www.zoom--in.it\/index.php\/wp-json\/wp\/v2\/tags?post=6681"}],"curies":[{"name":"wp","href":"https:\/\/api.w.org\/{rel}","templated":true}]}}