{"id":6756,"date":"2020-06-20T12:30:27","date_gmt":"2020-06-20T12:30:27","guid":{"rendered":"https:\/\/www.zoom--in.it\/?p=6756"},"modified":"2020-06-20T12:37:29","modified_gmt":"2020-06-20T12:37:29","slug":"la-follia-politica-in-brasile","status":"publish","type":"post","link":"https:\/\/www.zoom--in.it\/index.php\/2020\/06\/20\/la-follia-politica-in-brasile\/","title":{"rendered":"La follia politica in Brasile."},"content":{"rendered":"\t\t<div data-elementor-type=\"wp-post\" data-elementor-id=\"6756\" class=\"elementor elementor-6756\">\n\t\t\t\t\t\t<div class=\"elementor-inner\">\n\t\t\t\t<div class=\"elementor-section-wrap\">\n\t\t\t\t\t\t\t\t\t<section class=\"elementor-section elementor-top-section elementor-element elementor-element-0ba415c elementor-section-boxed elementor-section-height-default elementor-section-height-default\" data-id=\"0ba415c\" data-element_type=\"section\">\n\t\t\t\t\t\t<div class=\"elementor-container elementor-column-gap-default\">\n\t\t\t\t\t\t\t<div class=\"elementor-row\">\n\t\t\t\t\t<div class=\"elementor-column elementor-col-100 elementor-top-column elementor-element elementor-element-9ff8bce\" data-id=\"9ff8bce\" data-element_type=\"column\">\n\t\t\t<div class=\"elementor-column-wrap elementor-element-populated\">\n\t\t\t\t\t\t\t<div class=\"elementor-widget-wrap\">\n\t\t\t\t\t\t<div class=\"elementor-element elementor-element-6fbf3df elementor-widget elementor-widget-heading\" data-id=\"6fbf3df\" data-element_type=\"widget\" data-widget_type=\"heading.default\">\n\t\t\t\t<div class=\"elementor-widget-container\">\n\t\t\t<h2 class=\"elementor-heading-title elementor-size-default\">La follia politica in Brasile. <\/h2>\t\t<\/div>\n\t\t\t\t<\/div>\n\t\t\t\t<div class=\"elementor-element elementor-element-aced588 elementor-widget elementor-widget-text-editor\" data-id=\"aced588\" data-element_type=\"widget\" data-widget_type=\"text-editor.default\">\n\t\t\t\t<div class=\"elementor-widget-container\">\n\t\t\t\t\t\t\t\t<div class=\"elementor-text-editor elementor-clearfix\">\n\t\t\t\t<p>Nelson Teich, nominato ministro della salute in Brasile appena un mese fa, ha deciso di mollare. In meno di un mese \u00e8 stato di fatto esautorato ogni giorno dal suo presidente della Repubblica, un Jair Bolsonaro oramai trasformatosi nel nemico numero uno al mondo di tutto ci\u00f2 che \u00e8 scienza e di ogni politica di serio contenimento dell\u2019epidemia di coronavirus nel gigante sudamericano.<\/p>\t\t\t\t\t<\/div>\n\t\t\t\t\t\t<\/div>\n\t\t\t\t<\/div>\n\t\t\t\t\t\t<\/div>\n\t\t\t\t\t<\/div>\n\t\t<\/div>\n\t\t\t\t\t\t\t\t<\/div>\n\t\t\t\t\t<\/div>\n\t\t<\/section>\n\t\t\t\t<section class=\"elementor-section elementor-top-section elementor-element elementor-element-19a4910 elementor-section-boxed elementor-section-height-default elementor-section-height-default\" data-id=\"19a4910\" data-element_type=\"section\">\n\t\t\t\t\t\t<div class=\"elementor-container elementor-column-gap-default\">\n\t\t\t\t\t\t\t<div class=\"elementor-row\">\n\t\t\t\t\t<div class=\"elementor-column elementor-col-100 elementor-top-column elementor-element elementor-element-59dad49\" data-id=\"59dad49\" data-element_type=\"column\">\n\t\t\t<div class=\"elementor-column-wrap elementor-element-populated\">\n\t\t\t\t\t\t\t<div class=\"elementor-widget-wrap\">\n\t\t\t\t\t\t<div class=\"elementor-element elementor-element-59496e3 elementor-widget elementor-widget-image\" data-id=\"59496e3\" data-element_type=\"widget\" data-widget_type=\"image.default\">\n\t\t\t\t<div class=\"elementor-widget-container\">\n\t\t\t\t\t\t\t\t<div class=\"elementor-image\">\n\t\t\t\t\t\t\t\t\t\t\t\t<img width=\"640\" height=\"427\" src=\"https:\/\/i0.wp.com\/www.zoom--in.it\/wp-content\/uploads\/2020\/06\/2020-04-16t222159z_1_lynxmpeg3f2h5_rtroptp_4_health-coronavirus-brazil.jpg?fit=640%2C427&amp;ssl=1\" class=\"attachment-large size-large\" alt=\"\" loading=\"lazy\" data-attachment-id=\"6758\" data-permalink=\"https:\/\/www.zoom--in.it\/index.php\/2020\/06\/20\/la-follia-politica-in-brasile\/presidente-jair-bolsonaro-e-novo-ministro-da-saude-nelson-teich\/\" data-orig-file=\"https:\/\/i0.wp.com\/www.zoom--in.it\/wp-content\/uploads\/2020\/06\/2020-04-16t222159z_1_lynxmpeg3f2h5_rtroptp_4_health-coronavirus-brazil.jpg?fit=3922%2C2615&amp;ssl=1\" data-orig-size=\"3922,2615\" data-comments-opened=\"1\" data-image-meta=\"{&quot;aperture&quot;:&quot;0&quot;,&quot;credit&quot;:&quot;REUTERS&quot;,&quot;camera&quot;:&quot;&quot;,&quot;caption&quot;:&quot;Presidente Jair Bolsonaro e novo ministro da Sa\\u00fade, Nelson Teich\\n16\\\/04\\\/2020\\nREUTERS\\\/Adriano Machado&quot;,&quot;created_timestamp&quot;:&quot;1587075719&quot;,&quot;copyright&quot;:&quot;&quot;,&quot;focal_length&quot;:&quot;0&quot;,&quot;iso&quot;:&quot;0&quot;,&quot;shutter_speed&quot;:&quot;0&quot;,&quot;title&quot;:&quot;Presidente Jair Bolsonaro e novo ministro da Sa\\u00fade, Nelson Teich&quot;,&quot;orientation&quot;:&quot;0&quot;}\" data-image-title=\"Presidente Jair Bolsonaro e novo ministro da Sa\u00fade, Nelson Teich\" data-image-description=\"\" data-image-caption=\"&lt;p&gt;Presidente Jair Bolsonaro e novo ministro da Sa\u00fade, Nelson Teich&lt;br \/&gt;\n16\/04\/2020&lt;br \/&gt;\nREUTERS\/Adriano Machado&lt;\/p&gt;\n\" data-medium-file=\"https:\/\/i0.wp.com\/www.zoom--in.it\/wp-content\/uploads\/2020\/06\/2020-04-16t222159z_1_lynxmpeg3f2h5_rtroptp_4_health-coronavirus-brazil.jpg?fit=300%2C200&amp;ssl=1\" data-large-file=\"https:\/\/i0.wp.com\/www.zoom--in.it\/wp-content\/uploads\/2020\/06\/2020-04-16t222159z_1_lynxmpeg3f2h5_rtroptp_4_health-coronavirus-brazil.jpg?fit=640%2C427&amp;ssl=1\" \/>\t\t\t\t\t\t\t\t\t\t\t\t\t\t<\/div>\n\t\t\t\t\t\t<\/div>\n\t\t\t\t<\/div>\n\t\t\t\t\t\t<\/div>\n\t\t\t\t\t<\/div>\n\t\t<\/div>\n\t\t\t\t\t\t\t\t<\/div>\n\t\t\t\t\t<\/div>\n\t\t<\/section>\n\t\t\t\t<section class=\"elementor-section elementor-top-section elementor-element elementor-element-3fa6f6c elementor-section-boxed elementor-section-height-default elementor-section-height-default\" data-id=\"3fa6f6c\" data-element_type=\"section\">\n\t\t\t\t\t\t<div class=\"elementor-container elementor-column-gap-default\">\n\t\t\t\t\t\t\t<div class=\"elementor-row\">\n\t\t\t\t\t<div class=\"elementor-column elementor-col-100 elementor-top-column elementor-element elementor-element-d2b1468\" data-id=\"d2b1468\" data-element_type=\"column\">\n\t\t\t<div class=\"elementor-column-wrap elementor-element-populated\">\n\t\t\t\t\t\t\t<div class=\"elementor-widget-wrap\">\n\t\t\t\t\t\t<div class=\"elementor-element elementor-element-96eb72f elementor-widget elementor-widget-text-editor\" data-id=\"96eb72f\" data-element_type=\"widget\" data-widget_type=\"text-editor.default\">\n\t\t\t\t<div class=\"elementor-widget-container\">\n\t\t\t\t\t\t\t\t<div class=\"elementor-text-editor elementor-clearfix\">\n\t\t\t\t<p>Gli ospedali sono al collasso, le cifre ufficiali, bugiarde visto il limitato numero di tamponi per scoprire gli infetti e il non censimento della povera gente morta a casa senza alcuna assistenza, fanno del Brasile il paese pi\u00f9 infetto dell\u2019area e tra poco del mondo intero. La risposta di Bolsonaro a questa immane tragedia \u00e8 stata ed \u00e8 di un cinismo senza limiti. Il coronavirus \u00e8 una banale influenza, chiudersi in casa \u00e8 da vigliacchi, usate la clorochina sempre, nonostante pi\u00f9 ricerche abbiano attestato l\u2019alta tossicit\u00e0 di questo medicinale che in ogni caso non \u00e8 n\u00e9 cura n\u00e9 prevenzione.<\/p>\n<p>Prima di Teich, era stato costretto alle dimissioni Luiz Mandetta. Mentre l\u2019allora ministro della salute e la gran parte dei governatori spingevano per misure di contenimento e lockdown, Bolsonaro convocava manifestazioni dei suoi sostenitori, bollava di \u201ccomunisti\u201d chiunque volesse tenere la gente a casa, incitava i suoi \u201cpatrioti\u201d a rivoltarsi contro le istituzioni \u201ctraditrici\u201d. Praticamente li invitava al golpe.<\/p>\n<p>Di fronte a questo caos sanitario, al collasso democratico in corso, molti paesi stanno richiamando il personale delle loro ambasciate. Nella comunit\u00e0 internazionale si parla oramai chiaramente di \u201c<strong>rischio Bolsonaro<\/strong>\u201d.<\/p>\n<p>\u201d <em>Bolsonaro non vuole un medico ad aver cura della salute dei brasiliani. Vuole un fanatico, un ciarlatano. O un militare che obbedisca, senza pensare, ai suoi ordini. Due ministri della salute dimessi in piena pandemia non rappresentano solo un segnale di incompetenza. Siamo di fronte a un crimine, ad un tentativo di omicidio contro la nostra nazione\u201d, dichiara un esponente politico di opposizione mentre tanti altri, quasi un coro, lanciano un disperato \u201csi salvi chi pu\u00f2<\/em>\u201d.<\/p>\n<p>Amarissime, a tal proposito, le parole di Luis Mandetta, ex ministro della salute: \u201d Non ci resta che sperare in Dio\u201d.<\/p>\t\t\t\t\t<\/div>\n\t\t\t\t\t\t<\/div>\n\t\t\t\t<\/div>\n\t\t\t\t\t\t<\/div>\n\t\t\t\t\t<\/div>\n\t\t<\/div>\n\t\t\t\t\t\t\t\t<\/div>\n\t\t\t\t\t<\/div>\n\t\t<\/section>\n\t\t\t\t<section class=\"elementor-section elementor-top-section elementor-element elementor-element-61b7650 elementor-section-boxed elementor-section-height-default elementor-section-height-default\" data-id=\"61b7650\" data-element_type=\"section\">\n\t\t\t\t\t\t<div class=\"elementor-container elementor-column-gap-default\">\n\t\t\t\t\t\t\t<div class=\"elementor-row\">\n\t\t\t\t\t<div class=\"elementor-column elementor-col-100 elementor-top-column elementor-element elementor-element-fc7b55d\" data-id=\"fc7b55d\" data-element_type=\"column\">\n\t\t\t<div class=\"elementor-column-wrap elementor-element-populated\">\n\t\t\t\t\t\t\t<div class=\"elementor-widget-wrap\">\n\t\t\t\t\t\t<div class=\"elementor-element elementor-element-00af4b3 elementor-widget elementor-widget-image\" data-id=\"00af4b3\" data-element_type=\"widget\" data-widget_type=\"image.default\">\n\t\t\t\t<div class=\"elementor-widget-container\">\n\t\t\t\t\t\t\t\t<div class=\"elementor-image\">\n\t\t\t\t\t\t\t\t\t\t\t\t<img width=\"640\" height=\"360\" src=\"https:\/\/i0.wp.com\/www.zoom--in.it\/wp-content\/uploads\/2020\/06\/8df2bab6-512b-4e6d-b630-6111a513c6a1.jpg?fit=640%2C360&amp;ssl=1\" class=\"attachment-medium_large size-medium_large\" alt=\"\" loading=\"lazy\" data-attachment-id=\"6759\" data-permalink=\"https:\/\/www.zoom--in.it\/index.php\/2020\/06\/20\/la-follia-politica-in-brasile\/8df2bab6-512b-4e6d-b630-6111a513c6a1\/\" data-orig-file=\"https:\/\/i0.wp.com\/www.zoom--in.it\/wp-content\/uploads\/2020\/06\/8df2bab6-512b-4e6d-b630-6111a513c6a1.jpg?fit=2400%2C1350&amp;ssl=1\" data-orig-size=\"2400,1350\" data-comments-opened=\"1\" data-image-meta=\"{&quot;aperture&quot;:&quot;0&quot;,&quot;credit&quot;:&quot;&quot;,&quot;camera&quot;:&quot;&quot;,&quot;caption&quot;:&quot;&quot;,&quot;created_timestamp&quot;:&quot;0&quot;,&quot;copyright&quot;:&quot;&quot;,&quot;focal_length&quot;:&quot;0&quot;,&quot;iso&quot;:&quot;0&quot;,&quot;shutter_speed&quot;:&quot;0&quot;,&quot;title&quot;:&quot;&quot;,&quot;orientation&quot;:&quot;0&quot;}\" data-image-title=\"8df2bab6-512b-4e6d-b630-6111a513c6a1\" data-image-description=\"\" data-image-caption=\"\" data-medium-file=\"https:\/\/i0.wp.com\/www.zoom--in.it\/wp-content\/uploads\/2020\/06\/8df2bab6-512b-4e6d-b630-6111a513c6a1.jpg?fit=300%2C169&amp;ssl=1\" data-large-file=\"https:\/\/i0.wp.com\/www.zoom--in.it\/wp-content\/uploads\/2020\/06\/8df2bab6-512b-4e6d-b630-6111a513c6a1.jpg?fit=640%2C360&amp;ssl=1\" \/>\t\t\t\t\t\t\t\t\t\t\t\t\t\t<\/div>\n\t\t\t\t\t\t<\/div>\n\t\t\t\t<\/div>\n\t\t\t\t\t\t<\/div>\n\t\t\t\t\t<\/div>\n\t\t<\/div>\n\t\t\t\t\t\t\t\t<\/div>\n\t\t\t\t\t<\/div>\n\t\t<\/section>\n\t\t\t\t<section class=\"elementor-section elementor-top-section elementor-element elementor-element-d6d4ea9 elementor-section-boxed elementor-section-height-default elementor-section-height-default\" data-id=\"d6d4ea9\" data-element_type=\"section\">\n\t\t\t\t\t\t<div class=\"elementor-container elementor-column-gap-default\">\n\t\t\t\t\t\t\t<div class=\"elementor-row\">\n\t\t\t\t\t<div class=\"elementor-column elementor-col-100 elementor-top-column elementor-element elementor-element-0a2faf2\" data-id=\"0a2faf2\" data-element_type=\"column\">\n\t\t\t<div class=\"elementor-column-wrap elementor-element-populated\">\n\t\t\t\t\t\t\t<div class=\"elementor-widget-wrap\">\n\t\t\t\t\t\t<div class=\"elementor-element elementor-element-6d6cef6 elementor-widget elementor-widget-text-editor\" data-id=\"6d6cef6\" data-element_type=\"widget\" data-widget_type=\"text-editor.default\">\n\t\t\t\t<div class=\"elementor-widget-container\">\n\t\t\t\t\t\t\t\t<div class=\"elementor-text-editor elementor-clearfix\">\n\t\t\t\t<p style=\"text-align: right;\"><strong>Silvestro Montanaro<\/strong><\/p><p style=\"text-align: right;\"><strong>ref: <\/strong>Raiawadunia\u00a015 e 16 Maggio 2020<\/p>\t\t\t\t\t<\/div>\n\t\t\t\t\t\t<\/div>\n\t\t\t\t<\/div>\n\t\t\t\t\t\t<\/div>\n\t\t\t\t\t<\/div>\n\t\t<\/div>\n\t\t\t\t\t\t\t\t<\/div>\n\t\t\t\t\t<\/div>\n\t\t<\/section>\n\t\t\t\t\t\t\t\t\t<\/div>\n\t\t\t<\/div>\n\t\t\t\t\t<\/div>\n\t\t","protected":false},"excerpt":{"rendered":"<p>La follia politica in Brasile. Nelson Teich, nominato ministro della salute in Brasile appena un<\/p>\n","protected":false},"author":3,"featured_media":6762,"comment_status":"open","ping_status":"open","sticky":false,"template":"","format":"standard","meta":{"spay_email":""},"categories":[3],"tags":[],"yoast_head":"<!-- This site is optimized with the Yoast SEO plugin v19.4 - https:\/\/yoast.com\/wordpress\/plugins\/seo\/ -->\n<title>La follia politica in Brasile. - ZoomIN Magazine<\/title>\n<meta name=\"robots\" content=\"index, follow, max-snippet:-1, max-image-preview:large, max-video-preview:-1\" \/>\n<link rel=\"canonical\" href=\"https:\/\/www.zoom--in.it\/index.php\/2020\/06\/20\/la-follia-politica-in-brasile\/\" \/>\n<meta property=\"og:locale\" content=\"it_IT\" \/>\n<meta property=\"og:type\" content=\"article\" \/>\n<meta property=\"og:title\" content=\"La follia politica in Brasile. - ZoomIN Magazine\" \/>\n<meta property=\"og:description\" content=\"La follia politica in Brasile. Nelson Teich, nominato ministro della salute in Brasile appena un\" \/>\n<meta property=\"og:url\" content=\"https:\/\/www.zoom--in.it\/index.php\/2020\/06\/20\/la-follia-politica-in-brasile\/\" \/>\n<meta property=\"og:site_name\" content=\"ZoomIN Magazine\" \/>\n<meta property=\"article:published_time\" content=\"2020-06-20T12:30:27+00:00\" \/>\n<meta property=\"article:modified_time\" content=\"2020-06-20T12:37:29+00:00\" \/>\n<meta property=\"og:image\" content=\"https:\/\/www.zoom--in.it\/wp-content\/uploads\/2020\/06\/000568AC-il-presidente-del-brasile-jair-bolsonaro.jpg\" \/>\n\t<meta property=\"og:image:width\" content=\"700\" \/>\n\t<meta property=\"og:image:height\" content=\"410\" \/>\n\t<meta property=\"og:image:type\" content=\"image\/jpeg\" \/>\n<meta name=\"author\" content=\"Silvestro Montanaro\" \/>\n<meta name=\"twitter:card\" content=\"summary_large_image\" \/>\n<meta name=\"twitter:label1\" content=\"Scritto da\" \/>\n\t<meta name=\"twitter:data1\" content=\"Silvestro Montanaro\" \/>\n\t<meta name=\"twitter:label2\" content=\"Tempo di lettura stimato\" \/>\n\t<meta name=\"twitter:data2\" content=\"2 minuti\" \/>\n<script type=\"application\/ld+json\" class=\"yoast-schema-graph\">{\"@context\":\"https:\/\/schema.org\",\"@graph\":[{\"@type\":\"Organization\",\"@id\":\"https:\/\/www.zoom--in.it\/#organization\",\"name\":\"ZoomIN Magazine\",\"url\":\"https:\/\/www.zoom--in.it\/\",\"sameAs\":[],\"logo\":{\"@type\":\"ImageObject\",\"inLanguage\":\"it-IT\",\"@id\":\"https:\/\/www.zoom--in.it\/#\/schema\/logo\/image\/\",\"url\":\"https:\/\/i0.wp.com\/www.zoom--in.it\/wp-content\/uploads\/2018\/11\/cropped-final.png?fit=568%2C237&ssl=1\",\"contentUrl\":\"https:\/\/i0.wp.com\/www.zoom--in.it\/wp-content\/uploads\/2018\/11\/cropped-final.png?fit=568%2C237&ssl=1\",\"width\":568,\"height\":237,\"caption\":\"ZoomIN Magazine\"},\"image\":{\"@id\":\"https:\/\/www.zoom--in.it\/#\/schema\/logo\/image\/\"}},{\"@type\":\"WebSite\",\"@id\":\"https:\/\/www.zoom--in.it\/#website\",\"url\":\"https:\/\/www.zoom--in.it\/\",\"name\":\"ZoomIN Magazine\",\"description\":\"Magazine Online libero e senza pubblicit\u00e0, pieno di rubriche e curiosit\u00e0\",\"publisher\":{\"@id\":\"https:\/\/www.zoom--in.it\/#organization\"},\"potentialAction\":[{\"@type\":\"SearchAction\",\"target\":{\"@type\":\"EntryPoint\",\"urlTemplate\":\"https:\/\/www.zoom--in.it\/?s={search_term_string}\"},\"query-input\":\"required name=search_term_string\"}],\"inLanguage\":\"it-IT\"},{\"@type\":\"WebPage\",\"@id\":\"https:\/\/www.zoom--in.it\/index.php\/2020\/06\/20\/la-follia-politica-in-brasile\/\",\"url\":\"https:\/\/www.zoom--in.it\/index.php\/2020\/06\/20\/la-follia-politica-in-brasile\/\",\"name\":\"La follia politica in Brasile. - ZoomIN Magazine\",\"isPartOf\":{\"@id\":\"https:\/\/www.zoom--in.it\/#website\"},\"datePublished\":\"2020-06-20T12:30:27+00:00\",\"dateModified\":\"2020-06-20T12:37:29+00:00\",\"breadcrumb\":{\"@id\":\"https:\/\/www.zoom--in.it\/index.php\/2020\/06\/20\/la-follia-politica-in-brasile\/#breadcrumb\"},\"inLanguage\":\"it-IT\",\"potentialAction\":[{\"@type\":\"ReadAction\",\"target\":[\"https:\/\/www.zoom--in.it\/index.php\/2020\/06\/20\/la-follia-politica-in-brasile\/\"]}]},{\"@type\":\"BreadcrumbList\",\"@id\":\"https:\/\/www.zoom--in.it\/index.php\/2020\/06\/20\/la-follia-politica-in-brasile\/#breadcrumb\",\"itemListElement\":[{\"@type\":\"ListItem\",\"position\":1,\"name\":\"Home\",\"item\":\"https:\/\/www.zoom--in.it\/\"},{\"@type\":\"ListItem\",\"position\":2,\"name\":\"La follia politica in Brasile.\"}]},{\"@type\":\"Article\",\"@id\":\"https:\/\/www.zoom--in.it\/index.php\/2020\/06\/20\/la-follia-politica-in-brasile\/#article\",\"isPartOf\":{\"@id\":\"https:\/\/www.zoom--in.it\/index.php\/2020\/06\/20\/la-follia-politica-in-brasile\/\"},\"author\":{\"name\":\"Silvestro Montanaro\",\"@id\":\"https:\/\/www.zoom--in.it\/#\/schema\/person\/a0705257ccd1d3f65c158ccb39439371\"},\"headline\":\"La follia politica in Brasile.\",\"datePublished\":\"2020-06-20T12:30:27+00:00\",\"dateModified\":\"2020-06-20T12:37:29+00:00\",\"mainEntityOfPage\":{\"@id\":\"https:\/\/www.zoom--in.it\/index.php\/2020\/06\/20\/la-follia-politica-in-brasile\/\"},\"wordCount\":361,\"commentCount\":0,\"publisher\":{\"@id\":\"https:\/\/www.zoom--in.it\/#organization\"},\"articleSection\":[\"Mondo\"],\"inLanguage\":\"it-IT\",\"potentialAction\":[{\"@type\":\"CommentAction\",\"name\":\"Comment\",\"target\":[\"https:\/\/www.zoom--in.it\/index.php\/2020\/06\/20\/la-follia-politica-in-brasile\/#respond\"]}]},{\"@type\":\"Person\",\"@id\":\"https:\/\/www.zoom--in.it\/#\/schema\/person\/a0705257ccd1d3f65c158ccb39439371\",\"name\":\"Silvestro Montanaro\",\"url\":\"https:\/\/www.zoom--in.it\/index.php\/author\/silvestro-montanaro\/\"}]}<\/script>\n<!-- \/ Yoast SEO plugin. -->","yoast_head_json":{"title":"La follia politica in Brasile. - ZoomIN Magazine","robots":{"index":"index","follow":"follow","max-snippet":"max-snippet:-1","max-image-preview":"max-image-preview:large","max-video-preview":"max-video-preview:-1"},"canonical":"https:\/\/www.zoom--in.it\/index.php\/2020\/06\/20\/la-follia-politica-in-brasile\/","og_locale":"it_IT","og_type":"article","og_title":"La follia politica in Brasile. - ZoomIN Magazine","og_description":"La follia politica in Brasile. Nelson Teich, nominato ministro della salute in Brasile appena un","og_url":"https:\/\/www.zoom--in.it\/index.php\/2020\/06\/20\/la-follia-politica-in-brasile\/","og_site_name":"ZoomIN Magazine","article_published_time":"2020-06-20T12:30:27+00:00","article_modified_time":"2020-06-20T12:37:29+00:00","og_image":[{"width":700,"height":410,"url":"https:\/\/www.zoom--in.it\/wp-content\/uploads\/2020\/06\/000568AC-il-presidente-del-brasile-jair-bolsonaro.jpg","type":"image\/jpeg"}],"author":"Silvestro Montanaro","twitter_card":"summary_large_image","twitter_misc":{"Scritto da":"Silvestro Montanaro","Tempo di lettura stimato":"2 minuti"},"schema":{"@context":"https:\/\/schema.org","@graph":[{"@type":"Organization","@id":"https:\/\/www.zoom--in.it\/#organization","name":"ZoomIN Magazine","url":"https:\/\/www.zoom--in.it\/","sameAs":[],"logo":{"@type":"ImageObject","inLanguage":"it-IT","@id":"https:\/\/www.zoom--in.it\/#\/schema\/logo\/image\/","url":"https:\/\/i0.wp.com\/www.zoom--in.it\/wp-content\/uploads\/2018\/11\/cropped-final.png?fit=568%2C237&ssl=1","contentUrl":"https:\/\/i0.wp.com\/www.zoom--in.it\/wp-content\/uploads\/2018\/11\/cropped-final.png?fit=568%2C237&ssl=1","width":568,"height":237,"caption":"ZoomIN Magazine"},"image":{"@id":"https:\/\/www.zoom--in.it\/#\/schema\/logo\/image\/"}},{"@type":"WebSite","@id":"https:\/\/www.zoom--in.it\/#website","url":"https:\/\/www.zoom--in.it\/","name":"ZoomIN Magazine","description":"Magazine Online libero e senza pubblicit\u00e0, pieno di rubriche e curiosit\u00e0","publisher":{"@id":"https:\/\/www.zoom--in.it\/#organization"},"potentialAction":[{"@type":"SearchAction","target":{"@type":"EntryPoint","urlTemplate":"https:\/\/www.zoom--in.it\/?s={search_term_string}"},"query-input":"required name=search_term_string"}],"inLanguage":"it-IT"},{"@type":"WebPage","@id":"https:\/\/www.zoom--in.it\/index.php\/2020\/06\/20\/la-follia-politica-in-brasile\/","url":"https:\/\/www.zoom--in.it\/index.php\/2020\/06\/20\/la-follia-politica-in-brasile\/","name":"La follia politica in Brasile. - ZoomIN Magazine","isPartOf":{"@id":"https:\/\/www.zoom--in.it\/#website"},"datePublished":"2020-06-20T12:30:27+00:00","dateModified":"2020-06-20T12:37:29+00:00","breadcrumb":{"@id":"https:\/\/www.zoom--in.it\/index.php\/2020\/06\/20\/la-follia-politica-in-brasile\/#breadcrumb"},"inLanguage":"it-IT","potentialAction":[{"@type":"ReadAction","target":["https:\/\/www.zoom--in.it\/index.php\/2020\/06\/20\/la-follia-politica-in-brasile\/"]}]},{"@type":"BreadcrumbList","@id":"https:\/\/www.zoom--in.it\/index.php\/2020\/06\/20\/la-follia-politica-in-brasile\/#breadcrumb","itemListElement":[{"@type":"ListItem","position":1,"name":"Home","item":"https:\/\/www.zoom--in.it\/"},{"@type":"ListItem","position":2,"name":"La follia politica in Brasile."}]},{"@type":"Article","@id":"https:\/\/www.zoom--in.it\/index.php\/2020\/06\/20\/la-follia-politica-in-brasile\/#article","isPartOf":{"@id":"https:\/\/www.zoom--in.it\/index.php\/2020\/06\/20\/la-follia-politica-in-brasile\/"},"author":{"name":"Silvestro Montanaro","@id":"https:\/\/www.zoom--in.it\/#\/schema\/person\/a0705257ccd1d3f65c158ccb39439371"},"headline":"La follia politica in Brasile.","datePublished":"2020-06-20T12:30:27+00:00","dateModified":"2020-06-20T12:37:29+00:00","mainEntityOfPage":{"@id":"https:\/\/www.zoom--in.it\/index.php\/2020\/06\/20\/la-follia-politica-in-brasile\/"},"wordCount":361,"commentCount":0,"publisher":{"@id":"https:\/\/www.zoom--in.it\/#organization"},"articleSection":["Mondo"],"inLanguage":"it-IT","potentialAction":[{"@type":"CommentAction","name":"Comment","target":["https:\/\/www.zoom--in.it\/index.php\/2020\/06\/20\/la-follia-politica-in-brasile\/#respond"]}]},{"@type":"Person","@id":"https:\/\/www.zoom--in.it\/#\/schema\/person\/a0705257ccd1d3f65c158ccb39439371","name":"Silvestro Montanaro","url":"https:\/\/www.zoom--in.it\/index.php\/author\/silvestro-montanaro\/"}]}},"jetpack_featured_media_url":"https:\/\/i0.wp.com\/www.zoom--in.it\/wp-content\/uploads\/2020\/06\/000568AC-il-presidente-del-brasile-jair-bolsonaro.jpg?fit=700%2C410&ssl=1","jetpack_sharing_enabled":true,"jetpack_shortlink":"https:\/\/wp.me\/p9Zlh8-1KY","_links":{"self":[{"href":"https:\/\/www.zoom--in.it\/index.php\/wp-json\/wp\/v2\/posts\/6756"}],"collection":[{"href":"https:\/\/www.zoom--in.it\/index.php\/wp-json\/wp\/v2\/posts"}],"about":[{"href":"https:\/\/www.zoom--in.it\/index.php\/wp-json\/wp\/v2\/types\/post"}],"author":[{"embeddable":true,"href":"https:\/\/www.zoom--in.it\/index.php\/wp-json\/wp\/v2\/users\/3"}],"replies":[{"embeddable":true,"href":"https:\/\/www.zoom--in.it\/index.php\/wp-json\/wp\/v2\/comments?post=6756"}],"version-history":[{"count":5,"href":"https:\/\/www.zoom--in.it\/index.php\/wp-json\/wp\/v2\/posts\/6756\/revisions"}],"predecessor-version":[{"id":6764,"href":"https:\/\/www.zoom--in.it\/index.php\/wp-json\/wp\/v2\/posts\/6756\/revisions\/6764"}],"wp:featuredmedia":[{"embeddable":true,"href":"https:\/\/www.zoom--in.it\/index.php\/wp-json\/wp\/v2\/media\/6762"}],"wp:attachment":[{"href":"https:\/\/www.zoom--in.it\/index.php\/wp-json\/wp\/v2\/media?parent=6756"}],"wp:term":[{"taxonomy":"category","embeddable":true,"href":"https:\/\/www.zoom--in.it\/index.php\/wp-json\/wp\/v2\/categories?post=6756"},{"taxonomy":"post_tag","embeddable":true,"href":"https:\/\/www.zoom--in.it\/index.php\/wp-json\/wp\/v2\/tags?post=6756"}],"curies":[{"name":"wp","href":"https:\/\/api.w.org\/{rel}","templated":true}]}}